{"id":74478,"date":"2024-07-07T11:45:55","date_gmt":"2024-07-07T14:45:55","guid":{"rendered":"https:\/\/vocesparalelas.com.ar\/sitio\/?p=74478"},"modified":"2024-07-08T23:12:23","modified_gmt":"2024-07-09T02:12:23","slug":"actividades-para-la-familia-en-el-mpbafr-de-san-juan","status":"publish","type":"post","link":"https:\/\/vocesparalelas.com.ar\/sitio\/actividades-para-la-familia-en-el-mpbafr-de-san-juan\/","title":{"rendered":"Actividades para la familia en el MPBAFR de San Juan"},"content":{"rendered":"<p>El Ministerio de Turismo, Cultura y Deporte del Gobierno de San Juan, a trav\u00e9s del Museo Provincial de Bellas Artes Franklin Rawson ofrece una amplia gama de actividades para que los turistas y sanjuaninos que disfruten del receso invernal en la provincia.<\/p>\n<p>Cabe destacar que las actividades especiales son gratuitas con previa inscripci\u00f3n y la visita a las muestras permanentes es arancelado.<\/p>\n<p>Las\u00a0muestras temporales y colecci\u00f3n permanente\u00a0pueden visitarse de martes a domingo de 12 a 20 hs. La entrada general es de $500, jubilados y estudiantes $300, los menores de 6 a\u00f1os gratis. Los domingos la entrada es gratuita y se realizan visitas guiadas a las 18 hs gratis, sin previa inscripci\u00f3n.<\/p>\n<ul>\n<li>Sala 1: SEOANE en San Juan. Arte moderno, figuras populares.<\/li>\n<li>Sala 2: PIRANESI. C\u00e1rceles de Invenci\u00f3n.<\/li>\n<li>Sala 3: Relatos Gr\u00e1ficos. Afichismo en el Museo Tornamb\u00e9<\/li>\n<li>Sala 5: Colecci\u00f3n permanente<\/li>\n<li>Foyer: Encuentro de Estampas.<\/li>\n<\/ul>\n<p><span style=\"color: #ff6600;\"><strong>ACTIVIDADES ESPECIALES<\/strong><\/span><\/p>\n<p><span style=\"color: #ff6600;\"><strong>Delicias Alemanas<\/strong><\/span><\/p>\n<p>Taller de aproximaci\u00f3n a la cocina alemana y cuentos tradicionales. Una divertida experiencia para cocinar y aprender sobre su cultura. Cupo limitado. Destinado a ni\u00f1os y ni\u00f1as de 6 a 12 a\u00f1os<\/p>\n<ul>\n<li>D\u00edas y Horarios: mi\u00e9rcoles 10 de julio 17 hs\/ martes 16 de julio 17 hs. Lugar: taller 2<\/li>\n<li>Inscripci\u00f3n telef\u00f3nica al 4200598 (int.106) de martes a domingo, de 12 a 20h<\/li>\n<\/ul>\n<p><span style=\"color: #ff6600;\"><strong>Taller FRANKLINLAB<\/strong><\/span><\/p>\n<p>Un fascinante taller de laboratorio qu\u00edmico para introducir a los peques en el mundo de la ciencia y el arte. Cupo limitado Destinado a ni\u00f1os y ni\u00f1as de 6 a 12 a\u00f1os<\/p>\n<ul>\n<li>D\u00edas y Horarios: Martes 9 de Julio de 14:30 a 16 hs\/Mi\u00e9rcoles 17 de Julio de 17:00 hs a 18:30 hs. Lugar: taller 2<\/li>\n<li>Inscripci\u00f3n telef\u00f3nica al 4200598 (int 106) de martes a domingo, de 12 a 20h<\/li>\n<\/ul>\n<p><span style=\"color: #ff6600;\"><strong>T\u00edteres para toda la Familia<\/strong><\/span><\/p>\n<p>\u201cDirector de Orquesta\u201d\u00a0una entretenida funci\u00f3n de t\u00edteres junto a Zonda y Sur. Entrada libre y gratuita hasta completar sala. D\u00edas y Horarios: Jueves 11 de julio 17 hs\/ S\u00e1bado 20 de julio 17 hs<\/p>\n<p><span style=\"color: #ff6600;\"><strong>UNA NOCHE EN EL DESIERTO<\/strong>\u00a0&#8211; Experiencia inmersiva y micro charlas.<\/span><\/p>\n<p>*Experiencia inmersiva para conocer la biodiversidad de nuestra provincia a trav\u00e9s del arte, la ciencia y la tecnolog\u00eda. Entrada libre y gratuita con reserva online (Enlace). M\u00e1s info al 4200598, de martes a domingo de 12 a 20h. Cupo limitado.<\/p>\n<ul>\n<li>D\u00edas: viernes, s\u00e1bados y Domingos de vacaciones de INVIERNO (12, 13, 14, 19, 20 y 21 de julio)<\/li>\n<li>Horario: Desde las 16 hs<\/li>\n<li>Direcci\u00f3n: Manuel Saiz y Sergio Manganelli<\/li>\n<\/ul>\n<p><strong><span style=\"color: #ff6600;\">Superh\u00e9roes del Desierto<\/span><\/strong><\/p>\n<p>Micro charlas a cargo de investigadores del CONICET\/UNSJ.<\/p>\n<ul>\n<li>D\u00edas: viernes, s\u00e1bados y domingos de vacaciones de INVIERNO (12, 13, 14, 19, 20 y 21 de julio)<\/li>\n<li>Horario: 17:20hs.<\/li>\n<\/ul>\n<figure id=\"attachment_39924\" aria-describedby=\"caption-attachment-39924\" style=\"width: 800px\" class=\"wp-caption alignnone\"><img loading=\"lazy\" decoding=\"async\" class=\"size-full wp-image-39924\" src=\"https:\/\/vocesparalelas.com.ar\/sitio\/wp-content\/uploads\/2021\/07\/MPBAFR-OBRA-02.jpg\" alt=\"\" width=\"800\" height=\"533\" srcset=\"https:\/\/vocesparalelas.com.ar\/sitio\/wp-content\/uploads\/2021\/07\/MPBAFR-OBRA-02.jpg 800w, https:\/\/vocesparalelas.com.ar\/sitio\/wp-content\/uploads\/2021\/07\/MPBAFR-OBRA-02-300x200.jpg 300w, https:\/\/vocesparalelas.com.ar\/sitio\/wp-content\/uploads\/2021\/07\/MPBAFR-OBRA-02-768x512.jpg 768w\" sizes=\"auto, (max-width: 800px) 100vw, 800px\" \/><figcaption id=\"caption-attachment-39924\" class=\"wp-caption-text\">Museo Provincial de Bellas Artes Franklin Rawson, Provincia de San Juan, Rep\u00fablica Argentina<\/figcaption><\/figure>\n","protected":false},"excerpt":{"rendered":"<p>El Ministerio de Turismo, Cultura y Deporte del Gobierno de San Juan, a trav\u00e9s del Museo Provincial de Bellas Artes<\/p>\n","protected":false},"author":3,"featured_media":68919,"comment_status":"closed","ping_status":"closed","sticky":false,"template":"","format":"standard","meta":{"_acf_changed":false,"_seopress_robots_primary_cat":"none","_seopress_titles_title":"","_seopress_titles_desc":"","_seopress_robots_index":"","colormag_page_container_layout":"default_layout","colormag_page_sidebar_layout":"default_layout","footnotes":""},"categories":[20],"tags":[],"class_list":["post-74478","post","type-post","status-publish","format-standard","has-post-thumbnail","hentry","category-cartelera"],"acf":[],"_links":{"self":[{"href":"https:\/\/vocesparalelas.com.ar\/sitio\/wp-json\/wp\/v2\/posts\/74478","targetHints":{"allow":["GET"]}}],"collection":[{"href":"https:\/\/vocesparalelas.com.ar\/sitio\/wp-json\/wp\/v2\/posts"}],"about":[{"href":"https:\/\/vocesparalelas.com.ar\/sitio\/wp-json\/wp\/v2\/types\/post"}],"author":[{"embeddable":true,"href":"https:\/\/vocesparalelas.com.ar\/sitio\/wp-json\/wp\/v2\/users\/3"}],"replies":[{"embeddable":true,"href":"https:\/\/vocesparalelas.com.ar\/sitio\/wp-json\/wp\/v2\/comments?post=74478"}],"version-history":[{"count":1,"href":"https:\/\/vocesparalelas.com.ar\/sitio\/wp-json\/wp\/v2\/posts\/74478\/revisions"}],"predecessor-version":[{"id":74481,"href":"https:\/\/vocesparalelas.com.ar\/sitio\/wp-json\/wp\/v2\/posts\/74478\/revisions\/74481"}],"wp:featuredmedia":[{"embeddable":true,"href":"https:\/\/vocesparalelas.com.ar\/sitio\/wp-json\/wp\/v2\/media\/68919"}],"wp:attachment":[{"href":"https:\/\/vocesparalelas.com.ar\/sitio\/wp-json\/wp\/v2\/media?parent=74478"}],"wp:term":[{"taxonomy":"category","embeddable":true,"href":"https:\/\/vocesparalelas.com.ar\/sitio\/wp-json\/wp\/v2\/categories?post=74478"},{"taxonomy":"post_tag","embeddable":true,"href":"https:\/\/vocesparalelas.com.ar\/sitio\/wp-json\/wp\/v2\/tags?post=74478"}],"curies":[{"name":"wp","href":"https:\/\/api.w.org\/{rel}","templated":true}]}}