{"id":74474,"date":"2024-07-07T11:08:52","date_gmt":"2024-07-07T14:08:52","guid":{"rendered":"https:\/\/vocesparalelas.com.ar\/sitio\/?p=74474"},"modified":"2024-07-08T20:54:56","modified_gmt":"2024-07-08T23:54:56","slug":"el-elenco-bueeena-clown-en-el-tb-de-san-juan","status":"publish","type":"post","link":"https:\/\/vocesparalelas.com.ar\/sitio\/el-elenco-bueeena-clown-en-el-tb-de-san-juan\/","title":{"rendered":"El elenco Bueeena Clown en el TB de San Juan"},"content":{"rendered":"<p>El Ministerio de Turismo, Cultura y Deporte del Gobierno de San Juan, a trav\u00e9s del Teatro del Bicentenario, presenta \u201cTeatro Tomado\u201d, una propuesta con una nueva mirada integral y desprejuiciada sobre el clown, que invita al p\u00fablico a disfrutar de un espect\u00e1culo diferente sobre el amor y desamor.<\/p>\n<p><strong><span style=\"color: #ff6600;\">Sinopsis<\/span><\/strong><\/p>\n<p>Sandra y Mu\u00f1eco, Mu\u00f1eco y Sandra, toman el Teatro como quien toma el toro por las astas rojas del deseo. Y se arrebatan entre sus historias de amor. El amor desde los ojos de Sandra y su mirada idealista y plat\u00f3nica. El amor desde los ojos de Mu\u00f1eco y su mirada responsable y met\u00f3dica. Una historia inconclusa y sin fin porque el amor ante todo es abundante.<\/p>\n<p>Teatro Tomado fue creada por el elenco Bueeena Clown en el a\u00f1o 2023 y se estren\u00f3 el 2 de Febrero del 2024 en la ciudad de San Juan. Con una duraci\u00f3n de 60 minutos, las co-autoras Pauli Fleury y Ceci Nievas interpretan y dirigen esta propuesta en la que ponen en juego sus dolores y experiencias m\u00e1s profundas, con la asistencia de Milenka Rupcic y el sonido de Paula Mart\u00edn.<\/p>\n<p>Teatro Tomado sube a escena el pr\u00f3ximo viernes 19 de julio, a las 21hs, en la Sala Audit\u00f3rium del TB. La entrada general de $4000 podr\u00e1 conseguirse en Boleter\u00eda con descuentos exclusivos o a trav\u00e9s de TuEntrada.com<\/p>\n<p><a href=\"https:\/\/www.tuentrada.com\/eventos\/detalle\/teatro-tomado-tbsj\/170835355496\">https:\/\/www.tuentrada.com\/eventos\/detalle\/teatro-tomado-tbsj\/170835355496<\/a><\/p>\n<p><span style=\"color: #ff6600;\"><strong>Funci\u00f3n con beneficios, Exclusivos en Boleter\u00eda del TB<\/strong><\/span><\/p>\n<ul>\n<li>TICKET YA: 20% de descuento en todas las funciones y ubicaci\u00f3n a elecci\u00f3n hasta 72hs ANTES del evento (hasta 2 tickets por persona).<\/li>\n<li>Ticket Joven: 50% de descuento para j\u00f3venes de 13 hasta 24 a\u00f1os, inclusive, presentando DNI; en todas las funciones, ubicaci\u00f3n a elecci\u00f3n.<\/li>\n<li>Ticket JUBILADOS: 20% de descuento a jubilados presentando DNI \u2013 recibo de haberes y\/o carnet PAMI (hasta 2 tickets por persona).<\/li>\n<\/ul>\n<p>Descuentos v\u00e1lidos s\u00f3lo en Boleter\u00eda del TB, de Lunes a Viernes, de 9:30 a 14 hs, de 16 a 20 hs y s\u00e1bados de 10 a 14 hs, o el d\u00eda de la funci\u00f3n desde 1 hora antes de la misma.<\/p>\n<p><span style=\"color: #ff6600;\"><strong>Reparto de Teatro Tomado<\/strong><\/span><\/p>\n<ul>\n<li>Elenco: Bueeena Clown<\/li>\n<li>Int\u00e9rpretes: Pauli Fleury \u2013 Ceci Nievas<\/li>\n<li>Direcci\u00f3n y Autor\u00eda: Pauli Fleury y Ceci Nievas<\/li>\n<li>Asistencia de Direcci\u00f3n: Milenka Rupcic<\/li>\n<li>T\u00e9cnica de Iluminaci\u00f3n: Milenka Rupcic<\/li>\n<li>T\u00e9cnica de Sonido: Paula Mart\u00edn<\/li>\n<li>Maquillaje y caracterizaci\u00f3n: Paula Mart\u00edn<\/li>\n<\/ul>\n<figure id=\"attachment_59510\" aria-describedby=\"caption-attachment-59510\" style=\"width: 800px\" class=\"wp-caption alignnone\"><img loading=\"lazy\" decoding=\"async\" class=\"size-full wp-image-59510\" src=\"https:\/\/vocesparalelas.com.ar\/sitio\/wp-content\/uploads\/2023\/05\/TB-PATRIO.jpg\" alt=\"\" width=\"800\" height=\"534\" srcset=\"https:\/\/vocesparalelas.com.ar\/sitio\/wp-content\/uploads\/2023\/05\/TB-PATRIO.jpg 800w, https:\/\/vocesparalelas.com.ar\/sitio\/wp-content\/uploads\/2023\/05\/TB-PATRIO-300x200.jpg 300w, https:\/\/vocesparalelas.com.ar\/sitio\/wp-content\/uploads\/2023\/05\/TB-PATRIO-768x513.jpg 768w\" sizes=\"auto, (max-width: 800px) 100vw, 800px\" \/><figcaption id=\"caption-attachment-59510\" class=\"wp-caption-text\">Teatro Bicentenario en la Provincia de San Juan, Rep\u00fablica Argentina<\/figcaption><\/figure>\n","protected":false},"excerpt":{"rendered":"<p>El Ministerio de Turismo, Cultura y Deporte del Gobierno de San Juan, a trav\u00e9s del Teatro del Bicentenario, presenta \u201cTeatro<\/p>\n","protected":false},"author":3,"featured_media":20705,"comment_status":"closed","ping_status":"closed","sticky":false,"template":"","format":"standard","meta":{"_acf_changed":false,"_seopress_robots_primary_cat":"none","_seopress_titles_title":"","_seopress_titles_desc":"","_seopress_robots_index":"","colormag_page_container_layout":"default_layout","colormag_page_sidebar_layout":"default_layout","footnotes":""},"categories":[20],"tags":[],"class_list":["post-74474","post","type-post","status-publish","format-standard","has-post-thumbnail","hentry","category-cartelera"],"acf":[],"_links":{"self":[{"href":"https:\/\/vocesparalelas.com.ar\/sitio\/wp-json\/wp\/v2\/posts\/74474","targetHints":{"allow":["GET"]}}],"collection":[{"href":"https:\/\/vocesparalelas.com.ar\/sitio\/wp-json\/wp\/v2\/posts"}],"about":[{"href":"https:\/\/vocesparalelas.com.ar\/sitio\/wp-json\/wp\/v2\/types\/post"}],"author":[{"embeddable":true,"href":"https:\/\/vocesparalelas.com.ar\/sitio\/wp-json\/wp\/v2\/users\/3"}],"replies":[{"embeddable":true,"href":"https:\/\/vocesparalelas.com.ar\/sitio\/wp-json\/wp\/v2\/comments?post=74474"}],"version-history":[{"count":1,"href":"https:\/\/vocesparalelas.com.ar\/sitio\/wp-json\/wp\/v2\/posts\/74474\/revisions"}],"predecessor-version":[{"id":74477,"href":"https:\/\/vocesparalelas.com.ar\/sitio\/wp-json\/wp\/v2\/posts\/74474\/revisions\/74477"}],"wp:featuredmedia":[{"embeddable":true,"href":"https:\/\/vocesparalelas.com.ar\/sitio\/wp-json\/wp\/v2\/media\/20705"}],"wp:attachment":[{"href":"https:\/\/vocesparalelas.com.ar\/sitio\/wp-json\/wp\/v2\/media?parent=74474"}],"wp:term":[{"taxonomy":"category","embeddable":true,"href":"https:\/\/vocesparalelas.com.ar\/sitio\/wp-json\/wp\/v2\/categories?post=74474"},{"taxonomy":"post_tag","embeddable":true,"href":"https:\/\/vocesparalelas.com.ar\/sitio\/wp-json\/wp\/v2\/tags?post=74474"}],"curies":[{"name":"wp","href":"https:\/\/api.w.org\/{rel}","templated":true}]}}