{"id":74463,"date":"2024-07-06T20:00:13","date_gmt":"2024-07-06T23:00:13","guid":{"rendered":"https:\/\/vocesparalelas.com.ar\/sitio\/?p=74463"},"modified":"2024-07-09T20:05:31","modified_gmt":"2024-07-09T23:05:31","slug":"el-dia-de-la-independencia-argentina-en-san-juan-se-conmemora-con-el-desfile-civico-militar","status":"publish","type":"post","link":"https:\/\/vocesparalelas.com.ar\/sitio\/el-dia-de-la-independencia-argentina-en-san-juan-se-conmemora-con-el-desfile-civico-militar\/","title":{"rendered":"El D\u00eda de la Independencia Argentina en San Juan se conmemora con el Desfile C\u00edvico Militar"},"content":{"rendered":"<p>Las actividades organizadas por el Gobierno de San Juan para conmemorar el D\u00eda de la Independencia Argentina, que es el 9 de Julio, se desarrolla con un Desfile C\u00edvico Militar.<\/p>\n<p>Es importante recordar que, se desarroll\u00f3 la declaraci\u00f3n de la independencia, que tuvo lugar en San Miguel de Tucum\u00e1n, en 1816. Este hecho hist\u00f3rico marc\u00f3 la ruptura de la dependencia pol\u00edtica de la Corona de Espa\u00f1a, es decir que se cumplen 208 a\u00f1os.<\/p>\n<figure id=\"attachment_50657\" aria-describedby=\"caption-attachment-50657\" style=\"width: 800px\" class=\"wp-caption alignnone\"><img loading=\"lazy\" decoding=\"async\" class=\"size-full wp-image-50657\" src=\"https:\/\/vocesparalelas.com.ar\/sitio\/wp-content\/uploads\/2022\/07\/CASA-DE-TUCUMAN.jpg\" alt=\"\" width=\"800\" height=\"524\" srcset=\"https:\/\/vocesparalelas.com.ar\/sitio\/wp-content\/uploads\/2022\/07\/CASA-DE-TUCUMAN.jpg 800w, https:\/\/vocesparalelas.com.ar\/sitio\/wp-content\/uploads\/2022\/07\/CASA-DE-TUCUMAN-300x197.jpg 300w, https:\/\/vocesparalelas.com.ar\/sitio\/wp-content\/uploads\/2022\/07\/CASA-DE-TUCUMAN-768x503.jpg 768w\" sizes=\"auto, (max-width: 800px) 100vw, 800px\" \/><figcaption id=\"caption-attachment-50657\" class=\"wp-caption-text\">La casa de Tucum\u00e1n, cuna de la gesta de la Independencia de la Rep\u00fablica Argentina<\/figcaption><\/figure>\n<p>&nbsp;<\/p>\n<p><iframe loading=\"lazy\" title=\"UNSJ HIMNO NACIONAL ARGENTINO\" width=\"800\" height=\"450\" src=\"https:\/\/www.youtube.com\/embed\/py0sZiZ0jGk?feature=oembed\" frameborder=\"0\" allow=\"accelerometer; autoplay; clipboard-write; encrypted-media; gyroscope; picture-in-picture; web-share\" referrerpolicy=\"strict-origin-when-cross-origin\" allowfullscreen><\/iframe><\/p>\n<p>&nbsp;<\/p>\n<p><span style=\"color: #0000ff;\"><strong>Cronograma<\/strong><\/span><\/p>\n<ul>\n<li>Lunes 8 de Julio, a las 11 hs.; se realiza el \u00abActo en Homenaje al Pr\u00f3cer de San Juan, Dr. Francisco Narciso Laprida\u00bb, ante el Monumento que perpet\u00faa su memoria en la plaza que lleva su nombre, Av. Libertador Gral. San Mart\u00edn entre Catamarca y Avda. Leandro N. Alem, Departamento Capital.<\/li>\n<li>Lunes 8 de Julio, a las 21, se desarrolla \u00abGala de Independencia\u00bb, para conmemorar los \u201c208\u00ba Aniversario de la Declaraci\u00f3n de la Independencia Argentina\u201d en el Auditorio Ing. Juan Victoria, 25 de Mayo 1215 &#8211; O &#8211; Capital.<\/li>\n<li>Martes, 9 de Julio, se recuerda el D\u00eda de la Independencia y San Juan lo celebra con varias actividades: previas al desfile c\u00edvico militar:<\/li>\n<\/ul>\n<ol>\n<li>09:45 hs.; se desarrolla el Acto de Izamiento del Pabell\u00f3n Nacional en Plaza 25 de Mayo, presidida por la intendente de la Municipalidad de la Ciudad de San Juan, Dra. Susana Laciar, acompa\u00f1ada por funcionarios municipales y provinciales. La Banda de M\u00fasica de la Polic\u00eda de San Juan.<\/li>\n<li>10:20 hs.; se adopta el Dispositivo Militar en Mendoza, entre Rivadavia y Mitre.<\/li>\n<li>10:45 hs.; se espera la llegada del gobernador de San Juan, Dr. Marcelo Orrego, en la intersecci\u00f3n de Mendoza y Rivadavia. En ese lugar, el jefe de Tropas de la \u201cAgrupaci\u00f3n 9 de Julio\u201d presenta formalmente al jefe del Regimiento de Infanter\u00eda de Monta\u00f1a 22 \u201cTte. Cnl. Juan Manuel Cabot\u201d, Teniente Coronel de Infanter\u00eda, Rub\u00e9n Gast\u00f3n Patera, al Gobernador de la Provincia, donde el gobernador Dr. Marcelo Orrego realiza la revista y saludo protocolar.<\/li>\n<li>Posteriormente, homenaje al Ilustre Dominico, Fray Justo Santa Mar\u00eda de Oro, ante el monumento en su memoria, en la Plaza 25 de Mayo.<\/li>\n<li>11 hs.; las autoridades ingresan a la Iglesia Catedral, lugar en el que se oficia el solemne Tedeum por parte de monse\u00f1or Jorge Eduardo Lozano, acompa\u00f1ado por el Coro Universitario de San Juan.<\/li>\n<li>Luego, las autoridades se desplazan al Palco Oficial, en Av. Jos\u00e9 Ignacio de la Roza y Catamarca, donde la Banda de M\u00fasica del Regimiento de Infanter\u00eda de Monta\u00f1a 22 \u00abEl Tambolar\u00bb interpreta el Himno Nacional Argentino.<\/li>\n<li>12 hs.; comienza el desfile c\u00edvico-militar del que participan 60 abanderados de escuelas del Departamento\u00a0 Capital, as\u00ed como abanderados de formaciones de escuelas para adultos. Tambi\u00e9n participan excombatientes de Malvinas, el Ej\u00e9rcito, la Gendarmer\u00eda, la Polic\u00eda Federal, la Polic\u00eda de San Juan, el Servicio Penitenciario y la Federaci\u00f3n Gaucha. Todo el desfile ser\u00e1 a pie, sin movilidades. El recorrido del desfile es Av. Jos\u00e9 Ignacio de la Roza, desde Av. Leandro N. Alem, Mendoza, Mitre, Gral. Acha y culminando en Tucum\u00e1n.<\/li>\n<\/ol>\n<p><img loading=\"lazy\" decoding=\"async\" class=\"alignnone size-large wp-image-26336\" src=\"https:\/\/vocesparalelas.com.ar\/sitio\/wp-content\/uploads\/2020\/01\/CAPITAL-BANDERA-ARGENTINA-03-800x640.jpg\" alt=\"\" width=\"800\" height=\"640\" srcset=\"https:\/\/vocesparalelas.com.ar\/sitio\/wp-content\/uploads\/2020\/01\/CAPITAL-BANDERA-ARGENTINA-03.jpg 800w, https:\/\/vocesparalelas.com.ar\/sitio\/wp-content\/uploads\/2020\/01\/CAPITAL-BANDERA-ARGENTINA-03-300x240.jpg 300w, https:\/\/vocesparalelas.com.ar\/sitio\/wp-content\/uploads\/2020\/01\/CAPITAL-BANDERA-ARGENTINA-03-768x614.jpg 768w\" sizes=\"auto, (max-width: 800px) 100vw, 800px\" \/><\/p>\n","protected":false},"excerpt":{"rendered":"<p>Las actividades organizadas por el Gobierno de San Juan para conmemorar el D\u00eda de la Independencia Argentina, que es el<\/p>\n","protected":false},"author":3,"featured_media":61018,"comment_status":"closed","ping_status":"closed","sticky":false,"template":"","format":"standard","meta":{"_acf_changed":false,"_seopress_robots_primary_cat":"none","_seopress_titles_title":"","_seopress_titles_desc":"","_seopress_robots_index":"","colormag_page_container_layout":"default_layout","colormag_page_sidebar_layout":"default_layout","footnotes":""},"categories":[1,7],"tags":[],"class_list":["post-74463","post","type-post","status-publish","format-standard","has-post-thumbnail","hentry","category-destacadas","category-videos"],"acf":[],"_links":{"self":[{"href":"https:\/\/vocesparalelas.com.ar\/sitio\/wp-json\/wp\/v2\/posts\/74463","targetHints":{"allow":["GET"]}}],"collection":[{"href":"https:\/\/vocesparalelas.com.ar\/sitio\/wp-json\/wp\/v2\/posts"}],"about":[{"href":"https:\/\/vocesparalelas.com.ar\/sitio\/wp-json\/wp\/v2\/types\/post"}],"author":[{"embeddable":true,"href":"https:\/\/vocesparalelas.com.ar\/sitio\/wp-json\/wp\/v2\/users\/3"}],"replies":[{"embeddable":true,"href":"https:\/\/vocesparalelas.com.ar\/sitio\/wp-json\/wp\/v2\/comments?post=74463"}],"version-history":[{"count":3,"href":"https:\/\/vocesparalelas.com.ar\/sitio\/wp-json\/wp\/v2\/posts\/74463\/revisions"}],"predecessor-version":[{"id":74468,"href":"https:\/\/vocesparalelas.com.ar\/sitio\/wp-json\/wp\/v2\/posts\/74463\/revisions\/74468"}],"wp:featuredmedia":[{"embeddable":true,"href":"https:\/\/vocesparalelas.com.ar\/sitio\/wp-json\/wp\/v2\/media\/61018"}],"wp:attachment":[{"href":"https:\/\/vocesparalelas.com.ar\/sitio\/wp-json\/wp\/v2\/media?parent=74463"}],"wp:term":[{"taxonomy":"category","embeddable":true,"href":"https:\/\/vocesparalelas.com.ar\/sitio\/wp-json\/wp\/v2\/categories?post=74463"},{"taxonomy":"post_tag","embeddable":true,"href":"https:\/\/vocesparalelas.com.ar\/sitio\/wp-json\/wp\/v2\/tags?post=74463"}],"curies":[{"name":"wp","href":"https:\/\/api.w.org\/{rel}","templated":true}]}}