{"id":74453,"date":"2024-07-05T22:10:01","date_gmt":"2024-07-06T01:10:01","guid":{"rendered":"https:\/\/vocesparalelas.com.ar\/sitio\/?p=74453"},"modified":"2024-07-08T12:44:04","modified_gmt":"2024-07-08T15:44:04","slug":"en-familia-disfruta-las-vacaciones-de-invierno-2024-me-quedo-en-rivadavia","status":"publish","type":"post","link":"https:\/\/vocesparalelas.com.ar\/sitio\/en-familia-disfruta-las-vacaciones-de-invierno-2024-me-quedo-en-rivadavia\/","title":{"rendered":"En familia disfruta las Vacaciones de Invierno 2024  \u201cMe Quedo en Rivadavia\u201d"},"content":{"rendered":"<p>Del 8 al 21 de Julio, se desarrollan las Vacaciones de Invierno 2024 en San Juan donde involucran a los ni\u00f1os, j\u00f3venes y docentes.<\/p>\n<p>Por ello, la Municipalidad de la Ciudad de Rivadavia ha preparados actividades para disfrutar en familia \u201cMe Quedo en Rivadavia\u201d y desde la Direcci\u00f3n de Turismo, Cultura y Deportes brindan un programa art\u00edstica de estas vacaciones, que incluye: espect\u00e1culos, ferias, exposiciones, muestras y desfiles.<\/p>\n<p>Por ello, el Director de Turismo, Cultura y Deportes Municipal, Fernando Rezinovski explic\u00f3 sobre la organizaco\u00f3n de las actividades orientadas a los ni\u00f1os y a la familia para disfrutar las tardes de San Juan.<\/p>\n<p><iframe loading=\"lazy\" title=\"RIVADAVIA FERNANDO\" width=\"800\" height=\"450\" src=\"https:\/\/www.youtube.com\/embed\/JpyIQKddEEE?feature=oembed\" frameborder=\"0\" allow=\"accelerometer; autoplay; clipboard-write; encrypted-media; gyroscope; picture-in-picture; web-share\" referrerpolicy=\"strict-origin-when-cross-origin\" allowfullscreen><\/iframe><\/p>\n<p><strong><span style=\"color: #ff6600;\">Programa<\/span><\/strong><\/p>\n<ul>\n<li>S\u00e1bado, 6 de Julio,\u00a0 a las 16 hs.; en el Parque de Rivadavia, con un espect\u00e1culo art\u00edstico, la Feria municipal y la Expo Arte<\/li>\n<li>Domingo 7 de Julio, a las 16 hs.; en el Parque de Rivadavia, se puede disfrutar de un vatiet\u00e9 circense con cierre bailable y la Feria municipal y la Expo Arte.<\/li>\n<li>Martes, 9 de Julio, de 9 a 14 hs.; en el Parque de Rivadavia, llega al departamento la Feria Agroproductiva con un show art\u00edstico \u00abLa Quebrada Fusi\u00f3n\u00bb.<\/li>\n<li>Viernes, 12 de Julio, de 16 a 20 hs.; acompa\u00f1a a la Feria y a la Expo Arte, una muestra del Centro de Artistas Pl\u00e1sticos en el Garden Capri.<\/li>\n<li>S\u00e1bado, 12 de Julio, de 16 a 20 hs.; en el Parque de Rivadavia, los visitantes pueden deleitarse con espect\u00e1culos art\u00edsticos, Feria y Expo Arte, como antesala de un Desfile de Mascotas\u00a0 y una muestra del Centro de Artistas Pl\u00e1sticos con Show de Tango en el Garden Capri<\/li>\n<li>Domingo, 14 de Julio, grandes y chicos pueden repetir la experiencia de la muestra de 15 a 19 hs en el Garden Capri pero tambi\u00e9n pueden disfrutar de una alucinante Exposici\u00f3n de Autos Antiguos y una inolvidable experiencia de Cine en el Parque de Rivadavia, desde las 16 y las 19 hs respectivamente.<\/li>\n<li>Viernes, 19 de Julio, a las 16 hs.; en el Parque de Rivadavia, var\u00edete circense, Feria y la Expo Arte.<\/li>\n<li>Domingo, 21 de Julio, ya en el final de estas vacaciones de invierno, el Parque de Rivadavia es protagonista cuando se presente un gran espect\u00e1culo de cierre a las 16 hs y arranque la \u00faltima funci\u00f3n de Cine Rivadavia desde las 19 hs.<\/li>\n<\/ul>\n<p>El Intendente Sergio Miodowsky instruy\u00f3 a su equipo a que confeccione un itinerario completo de actividades con el objetivo de que los chicos disfruten en familia en estas vacaciones.<\/p>\n<p>&nbsp;<\/p>\n<p><img loading=\"lazy\" decoding=\"async\" class=\"alignnone size-full wp-image-66896\" src=\"https:\/\/vocesparalelas.com.ar\/sitio\/wp-content\/uploads\/2023\/12\/RIVADAVIA-LOGO-NUEVO.jpg\" alt=\"\" width=\"800\" height=\"533\" srcset=\"https:\/\/vocesparalelas.com.ar\/sitio\/wp-content\/uploads\/2023\/12\/RIVADAVIA-LOGO-NUEVO.jpg 800w, https:\/\/vocesparalelas.com.ar\/sitio\/wp-content\/uploads\/2023\/12\/RIVADAVIA-LOGO-NUEVO-300x200.jpg 300w, https:\/\/vocesparalelas.com.ar\/sitio\/wp-content\/uploads\/2023\/12\/RIVADAVIA-LOGO-NUEVO-768x512.jpg 768w\" sizes=\"auto, (max-width: 800px) 100vw, 800px\" \/><\/p>\n","protected":false},"excerpt":{"rendered":"<p>Del 8 al 21 de Julio, se desarrollan las Vacaciones de Invierno 2024 en San Juan donde involucran a los<\/p>\n","protected":false},"author":3,"featured_media":74456,"comment_status":"closed","ping_status":"closed","sticky":false,"template":"","format":"standard","meta":{"_acf_changed":false,"_seopress_robots_primary_cat":"none","_seopress_titles_title":"","_seopress_titles_desc":"","_seopress_robots_index":"","colormag_page_container_layout":"default_layout","colormag_page_sidebar_layout":"default_layout","footnotes":""},"categories":[20,7],"tags":[],"class_list":["post-74453","post","type-post","status-publish","format-standard","has-post-thumbnail","hentry","category-cartelera","category-videos"],"acf":[],"_links":{"self":[{"href":"https:\/\/vocesparalelas.com.ar\/sitio\/wp-json\/wp\/v2\/posts\/74453","targetHints":{"allow":["GET"]}}],"collection":[{"href":"https:\/\/vocesparalelas.com.ar\/sitio\/wp-json\/wp\/v2\/posts"}],"about":[{"href":"https:\/\/vocesparalelas.com.ar\/sitio\/wp-json\/wp\/v2\/types\/post"}],"author":[{"embeddable":true,"href":"https:\/\/vocesparalelas.com.ar\/sitio\/wp-json\/wp\/v2\/users\/3"}],"replies":[{"embeddable":true,"href":"https:\/\/vocesparalelas.com.ar\/sitio\/wp-json\/wp\/v2\/comments?post=74453"}],"version-history":[{"count":1,"href":"https:\/\/vocesparalelas.com.ar\/sitio\/wp-json\/wp\/v2\/posts\/74453\/revisions"}],"predecessor-version":[{"id":74457,"href":"https:\/\/vocesparalelas.com.ar\/sitio\/wp-json\/wp\/v2\/posts\/74453\/revisions\/74457"}],"wp:featuredmedia":[{"embeddable":true,"href":"https:\/\/vocesparalelas.com.ar\/sitio\/wp-json\/wp\/v2\/media\/74456"}],"wp:attachment":[{"href":"https:\/\/vocesparalelas.com.ar\/sitio\/wp-json\/wp\/v2\/media?parent=74453"}],"wp:term":[{"taxonomy":"category","embeddable":true,"href":"https:\/\/vocesparalelas.com.ar\/sitio\/wp-json\/wp\/v2\/categories?post=74453"},{"taxonomy":"post_tag","embeddable":true,"href":"https:\/\/vocesparalelas.com.ar\/sitio\/wp-json\/wp\/v2\/tags?post=74453"}],"curies":[{"name":"wp","href":"https:\/\/api.w.org\/{rel}","templated":true}]}}