{"id":74444,"date":"2024-07-05T23:10:11","date_gmt":"2024-07-06T02:10:11","guid":{"rendered":"https:\/\/vocesparalelas.com.ar\/sitio\/?p=74444"},"modified":"2024-07-05T23:12:47","modified_gmt":"2024-07-06T02:12:47","slug":"el-paseo-saludable-punta-de-rieles-disenada-para-los-vecinos-de-rivadavia","status":"publish","type":"post","link":"https:\/\/vocesparalelas.com.ar\/sitio\/el-paseo-saludable-punta-de-rieles-disenada-para-los-vecinos-de-rivadavia\/","title":{"rendered":"El Paseo Saludable Punta de Rieles dise\u00f1ada para los vecinos de Rivadavia"},"content":{"rendered":"<p>La Municipalidad de la Ciudad de Rivadavia organiz\u00f3, trabaj\u00f3 y dej\u00f3 inaugurado el Paseo Saludable Punta de Rieles, en la Villa Seminario del Departamento, sobre la avenida de Punta de Rieles entre las calles Salvador Mar\u00eda del Carril y Boulogne Sur Mer. El flamante espacio p\u00fablico cuenta con aparatos de ejercicios.<\/p>\n<p>Por ello, el Secretario de Obras Municipal, Ing. Mario Garc\u00eda, describi\u00f3 el trabajo realizado por el equipo municipal, comprometidos con su actividad laboral.<\/p>\n<p><iframe loading=\"lazy\" title=\"RIVADAVIA SECRETARIO OBRAS ING MARIO GARC\u00cdA\" width=\"800\" height=\"450\" src=\"https:\/\/www.youtube.com\/embed\/syKo3SNKPys?feature=oembed\" frameborder=\"0\" allow=\"accelerometer; autoplay; clipboard-write; encrypted-media; gyroscope; picture-in-picture; web-share\" referrerpolicy=\"strict-origin-when-cross-origin\" allowfullscreen><\/iframe><\/p>\n<p>Espec\u00edficamente, las obras que se llevaron adelante para su estreno fueron: 270 metros cuadrados de vereda con hormig\u00f3n H17, 210 metros lineales de Zapata y cord\u00f3n, 290 metros cuadrados de banquina con hormig\u00f3n armado H17 y 35 metros cuadrados de hormig\u00f3n armado base para equipamiento. Adem\u00e1s, colocaci\u00f3n de aparatos de salud, bancos, cestos de basura, maderas con plantines de \u00e9poca y \u00e1rboles aguaribay, grancilla y pintura general.<\/p>\n<p>Posteriormente, el intendente de la Municipalidad de la Ciudad de Rivadavia, Sergio Miodowsky puntualiz\u00f3 el trabajo que se realiz\u00f3 y fundamentalmente con fondos municipales.<\/p>\n<p><iframe loading=\"lazy\" title=\"RIVADAVIA INTENDENTE SERGIO MIODOWSKY\" width=\"800\" height=\"450\" src=\"https:\/\/www.youtube.com\/embed\/BOoGlc7x5zI?feature=oembed\" frameborder=\"0\" allow=\"accelerometer; autoplay; clipboard-write; encrypted-media; gyroscope; picture-in-picture; web-share\" referrerpolicy=\"strict-origin-when-cross-origin\" allowfullscreen><\/iframe><\/p>\n<p>En el acto comenz\u00f3 con el descubrimiento de cartel que identifica el Paseo Saludable Punta de Rieles y luego, se realiz\u00f3 el tradicional corte de cinta con la colaboraci\u00f3n de los vecinos que fueron los protagonistas y acompa\u00f1aron al equipo del municipio.<\/p>\n<p><img loading=\"lazy\" decoding=\"async\" class=\"alignnone size-full wp-image-74448\" src=\"https:\/\/vocesparalelas.com.ar\/sitio\/wp-content\/uploads\/2024\/07\/RIVADAVIA-PASEO-PUNTA-DE-RIELES-02.jpg\" alt=\"\" width=\"800\" height=\"533\" srcset=\"https:\/\/vocesparalelas.com.ar\/sitio\/wp-content\/uploads\/2024\/07\/RIVADAVIA-PASEO-PUNTA-DE-RIELES-02.jpg 800w, https:\/\/vocesparalelas.com.ar\/sitio\/wp-content\/uploads\/2024\/07\/RIVADAVIA-PASEO-PUNTA-DE-RIELES-02-300x200.jpg 300w, https:\/\/vocesparalelas.com.ar\/sitio\/wp-content\/uploads\/2024\/07\/RIVADAVIA-PASEO-PUNTA-DE-RIELES-02-768x512.jpg 768w\" sizes=\"auto, (max-width: 800px) 100vw, 800px\" \/><\/p>\n<p><img loading=\"lazy\" decoding=\"async\" class=\"alignnone size-full wp-image-74449\" src=\"https:\/\/vocesparalelas.com.ar\/sitio\/wp-content\/uploads\/2024\/07\/RIVADAVIA-PASEO-PUNTA-DE-RIELES-03.jpg\" alt=\"\" width=\"800\" height=\"533\" srcset=\"https:\/\/vocesparalelas.com.ar\/sitio\/wp-content\/uploads\/2024\/07\/RIVADAVIA-PASEO-PUNTA-DE-RIELES-03.jpg 800w, https:\/\/vocesparalelas.com.ar\/sitio\/wp-content\/uploads\/2024\/07\/RIVADAVIA-PASEO-PUNTA-DE-RIELES-03-300x200.jpg 300w, https:\/\/vocesparalelas.com.ar\/sitio\/wp-content\/uploads\/2024\/07\/RIVADAVIA-PASEO-PUNTA-DE-RIELES-03-768x512.jpg 768w\" sizes=\"auto, (max-width: 800px) 100vw, 800px\" \/><\/p>\n<p><img loading=\"lazy\" decoding=\"async\" class=\"alignnone size-full wp-image-66896\" src=\"https:\/\/vocesparalelas.com.ar\/sitio\/wp-content\/uploads\/2023\/12\/RIVADAVIA-LOGO-NUEVO.jpg\" alt=\"\" width=\"800\" height=\"533\" srcset=\"https:\/\/vocesparalelas.com.ar\/sitio\/wp-content\/uploads\/2023\/12\/RIVADAVIA-LOGO-NUEVO.jpg 800w, https:\/\/vocesparalelas.com.ar\/sitio\/wp-content\/uploads\/2023\/12\/RIVADAVIA-LOGO-NUEVO-300x200.jpg 300w, https:\/\/vocesparalelas.com.ar\/sitio\/wp-content\/uploads\/2023\/12\/RIVADAVIA-LOGO-NUEVO-768x512.jpg 768w\" sizes=\"auto, (max-width: 800px) 100vw, 800px\" \/><\/p>\n","protected":false},"excerpt":{"rendered":"<p>La Municipalidad de la Ciudad de Rivadavia organiz\u00f3, trabaj\u00f3 y dej\u00f3 inaugurado el Paseo Saludable Punta de Rieles, en la<\/p>\n","protected":false},"author":3,"featured_media":74452,"comment_status":"closed","ping_status":"closed","sticky":false,"template":"","format":"standard","meta":{"_acf_changed":false,"_seopress_robots_primary_cat":"none","_seopress_titles_title":"","_seopress_titles_desc":"","_seopress_robots_index":"","colormag_page_container_layout":"default_layout","colormag_page_sidebar_layout":"default_layout","footnotes":""},"categories":[1,7],"tags":[],"class_list":["post-74444","post","type-post","status-publish","format-standard","has-post-thumbnail","hentry","category-destacadas","category-videos"],"acf":[],"_links":{"self":[{"href":"https:\/\/vocesparalelas.com.ar\/sitio\/wp-json\/wp\/v2\/posts\/74444","targetHints":{"allow":["GET"]}}],"collection":[{"href":"https:\/\/vocesparalelas.com.ar\/sitio\/wp-json\/wp\/v2\/posts"}],"about":[{"href":"https:\/\/vocesparalelas.com.ar\/sitio\/wp-json\/wp\/v2\/types\/post"}],"author":[{"embeddable":true,"href":"https:\/\/vocesparalelas.com.ar\/sitio\/wp-json\/wp\/v2\/users\/3"}],"replies":[{"embeddable":true,"href":"https:\/\/vocesparalelas.com.ar\/sitio\/wp-json\/wp\/v2\/comments?post=74444"}],"version-history":[{"count":1,"href":"https:\/\/vocesparalelas.com.ar\/sitio\/wp-json\/wp\/v2\/posts\/74444\/revisions"}],"predecessor-version":[{"id":74450,"href":"https:\/\/vocesparalelas.com.ar\/sitio\/wp-json\/wp\/v2\/posts\/74444\/revisions\/74450"}],"wp:featuredmedia":[{"embeddable":true,"href":"https:\/\/vocesparalelas.com.ar\/sitio\/wp-json\/wp\/v2\/media\/74452"}],"wp:attachment":[{"href":"https:\/\/vocesparalelas.com.ar\/sitio\/wp-json\/wp\/v2\/media?parent=74444"}],"wp:term":[{"taxonomy":"category","embeddable":true,"href":"https:\/\/vocesparalelas.com.ar\/sitio\/wp-json\/wp\/v2\/categories?post=74444"},{"taxonomy":"post_tag","embeddable":true,"href":"https:\/\/vocesparalelas.com.ar\/sitio\/wp-json\/wp\/v2\/tags?post=74444"}],"curies":[{"name":"wp","href":"https:\/\/api.w.org\/{rel}","templated":true}]}}