{"id":74435,"date":"2024-07-05T20:25:30","date_gmt":"2024-07-05T23:25:30","guid":{"rendered":"https:\/\/vocesparalelas.com.ar\/sitio\/?p=74435"},"modified":"2024-07-06T23:06:40","modified_gmt":"2024-07-07T02:06:40","slug":"disfruta-el-programa-de-vacaciones-de-invierno-2024-en-el-teatro-sarmiento-de-san-juan","status":"publish","type":"post","link":"https:\/\/vocesparalelas.com.ar\/sitio\/disfruta-el-programa-de-vacaciones-de-invierno-2024-en-el-teatro-sarmiento-de-san-juan\/","title":{"rendered":"Disfruta el programa de \u00abVacaciones de Invierno 2024\u00bb en el Teatro Sarmiento de San Juan"},"content":{"rendered":"<p>El Teatro Sarmiento se prepara para un mes lleno de arte y entretenimiento con una oferta diversa de espect\u00e1culos que prometen capturar la atenci\u00f3n del p\u00fablico local y los turistas que elijan San Juan para disfrutar de las vacaciones de invierno.<\/p>\n<p>Durante todo julio, el espacio cultural que depende del Ministerio de Turismo, Cultura y Deporte, ofrecer\u00e1 danza, teatro y m\u00fasica.<\/p>\n<p>Las propuestas incluyen obras locales como \u201cVolver&#8230; \u00bfAl futuro?\u201d, del instituto de Danza C\u00e1diz. Este espect\u00e1culo integrar\u00e1 danzas espa\u00f1olas, cl\u00e1sicas, contempor\u00e1neas, folcl\u00f3ricas y \u00e1rabes. La propuesta subir\u00e1 a escena el 5 de julio y las entradas anticipadas est\u00e1n disponibles en avenida Espa\u00f1a 1148 Sur de 18 a 21:30hs.<\/p>\n<p>Tambi\u00e9n la Compa\u00f1\u00eda de Danza Riveros Luna, presentar\u00e1 \u201cTe ando buscando Moreira\u201d, una propuesta imperdible que se presentar\u00e1 el s\u00e1bado 6, a las 21:30hs. Apto para todo p\u00fablico. Las entradas anticipadas pueden adquirirse llamando a los n\u00fameros: 2645405422 \/\/ 2644471026 o con cualquier integrante de la compa\u00f1\u00eda.<\/p>\n<p>El domingo 7, el humor se apodera del escenario con la obra encabezada por Jos\u00e9 Mar\u00eda Listorti, Pachu Pe\u00f1a y Sebasti\u00e1n Almada. El tr\u00edo se une en \u00abTertawa, Delivery de humor\u00bb, un espect\u00e1culo cargado de sketches, mon\u00f3logos y m\u00fasica para toda la familia. El espect\u00e1culo es apto para todo p\u00fablico y las entradas est\u00e1n disponibles en\u00a0<a href=\"https:\/\/www.entradaweb.com.ar\/\" target=\"_blank\" rel=\"noopener noreferrer\">entradaweb.com.ar\u00a0<\/a>y Hoffman Instrumentos Musicales.<\/p>\n<p>La programaci\u00f3n, tambi\u00e9n, cuenta con la presentaci\u00f3n de Sebasti\u00e1n Molina en \u00abVivo Arjona\u00bb. El cantante interpretar\u00e1 los \u00e9xitos de Ricardo Arjona en una puesta en escena audiovisual innovadora. Apto para todo p\u00fablico. Entradas en<a href=\"https:\/\/www.entradaweb.com.ar\/\" target=\"_blank\" rel=\"noopener noreferrer\">\u00a0entradaweb.com.ar<\/a>\u00a0y Hoffman Instrumentos Musicales.<\/p>\n<p>El humor sanjuanino llega al escenario el 21 de julio, con la presentaci\u00f3n de \u00abTiempos Modernos\u00bb, de Ale Segovia. Un show de humor y m\u00fasica que celebra la generaci\u00f3n X en el mundo actual lleno de millenials y centennials. Entradas disponibles en<a href=\"https:\/\/www.entradaweb.com.ar\/\" target=\"_blank\" rel=\"noopener noreferrer\">\u00a0entradaweb.com.ar.<\/a><\/p>\n<p>En este mismo estilo, el s\u00e1bado 27, regresa \u00abGordillo Amigo de lo ajeno\u00bb, con doble funci\u00f3n a las 20 y 22hs. Apto para todo p\u00fablico. Entradas en<a href=\"https:\/\/www.entradaweb.com.ar\/\" target=\"_blank\" rel=\"noopener noreferrer\">\u00a0entradaweb.com.ar<\/a>.<\/p>\n<p>Para finalizar, el martes 30 y mi\u00e9rcoles 31, se presenta \u201cBasta ya! Bullying\u201d. Una obra testimonial que aborda temas de bullying en un entorno escolar. Apto para todo p\u00fablico. Las entradas est\u00e1n disponibles en\u00a0<a href=\"https:\/\/www.entradaweb.com.ar\/\" target=\"_blank\" rel=\"noopener noreferrer\">entradaweb.com.ar<\/a>.<\/p>\n<p>A esta grilla se suma una serie de obras infantiles que copar\u00e1n la escena del 8 al 19 de julio, para que los m\u00e1s peque\u00f1os disfruten del teatro durante el receso escolar de invierno.<\/p>\n<p>&nbsp;<\/p>\n<p>&nbsp;<\/p>\n","protected":false},"excerpt":{"rendered":"<p>El Teatro Sarmiento se prepara para un mes lleno de arte y entretenimiento con una oferta diversa de espect\u00e1culos que<\/p>\n","protected":false},"author":3,"featured_media":15615,"comment_status":"closed","ping_status":"closed","sticky":false,"template":"","format":"standard","meta":{"_acf_changed":false,"_seopress_robots_primary_cat":"none","_seopress_titles_title":"","_seopress_titles_desc":"","_seopress_robots_index":"","colormag_page_container_layout":"default_layout","colormag_page_sidebar_layout":"default_layout","footnotes":""},"categories":[20],"tags":[],"class_list":["post-74435","post","type-post","status-publish","format-standard","has-post-thumbnail","hentry","category-cartelera"],"acf":[],"_links":{"self":[{"href":"https:\/\/vocesparalelas.com.ar\/sitio\/wp-json\/wp\/v2\/posts\/74435","targetHints":{"allow":["GET"]}}],"collection":[{"href":"https:\/\/vocesparalelas.com.ar\/sitio\/wp-json\/wp\/v2\/posts"}],"about":[{"href":"https:\/\/vocesparalelas.com.ar\/sitio\/wp-json\/wp\/v2\/types\/post"}],"author":[{"embeddable":true,"href":"https:\/\/vocesparalelas.com.ar\/sitio\/wp-json\/wp\/v2\/users\/3"}],"replies":[{"embeddable":true,"href":"https:\/\/vocesparalelas.com.ar\/sitio\/wp-json\/wp\/v2\/comments?post=74435"}],"version-history":[{"count":1,"href":"https:\/\/vocesparalelas.com.ar\/sitio\/wp-json\/wp\/v2\/posts\/74435\/revisions"}],"predecessor-version":[{"id":74438,"href":"https:\/\/vocesparalelas.com.ar\/sitio\/wp-json\/wp\/v2\/posts\/74435\/revisions\/74438"}],"wp:featuredmedia":[{"embeddable":true,"href":"https:\/\/vocesparalelas.com.ar\/sitio\/wp-json\/wp\/v2\/media\/15615"}],"wp:attachment":[{"href":"https:\/\/vocesparalelas.com.ar\/sitio\/wp-json\/wp\/v2\/media?parent=74435"}],"wp:term":[{"taxonomy":"category","embeddable":true,"href":"https:\/\/vocesparalelas.com.ar\/sitio\/wp-json\/wp\/v2\/categories?post=74435"},{"taxonomy":"post_tag","embeddable":true,"href":"https:\/\/vocesparalelas.com.ar\/sitio\/wp-json\/wp\/v2\/tags?post=74435"}],"curies":[{"name":"wp","href":"https:\/\/api.w.org\/{rel}","templated":true}]}}