{"id":74431,"date":"2024-07-05T20:09:22","date_gmt":"2024-07-05T23:09:22","guid":{"rendered":"https:\/\/vocesparalelas.com.ar\/sitio\/?p=74431"},"modified":"2024-07-05T23:44:56","modified_gmt":"2024-07-06T02:44:56","slug":"musica-para-las-vacaciones-julio-2024-en-el-auditorio-ing-juan-victoria-en-san-juan","status":"publish","type":"post","link":"https:\/\/vocesparalelas.com.ar\/sitio\/musica-para-las-vacaciones-julio-2024-en-el-auditorio-ing-juan-victoria-en-san-juan\/","title":{"rendered":"M\u00fasica para las vacaciones \u00abJulio 2024\u00bb en el Auditorio Ing. Juan Victoria en San Juan"},"content":{"rendered":"<p>La sala del Auditorio Ing. Juan Victoria cuenta con una programaci\u00f3n de m\u00fasica para las vacaciones de Julio 2024. Durante estos d\u00edas, el Primer Musical de M\u00fasica Popular Argentina &#8211; San Juan 2024 contin\u00faa con sus presentaciones el 12; 13 y 20 de Julio.<\/p>\n<p><strong><span style=\"color: #ff6600;\">Programa<\/span><\/strong><\/p>\n<ul>\n<li>Viernes 12 de Julio, a las 21:30 hs.; el p\u00fablico disfruta \u00abSeguimos cantando\u00bb junto al Coral Santa Gema, Los Pune\u00f1os y Gerardo Cobas. La entrada general de $5000 se adquiere en boleter\u00eda.<\/li>\n<li>S\u00e1bado, 13 de Julio, a las 21:30 hs.; \u00ab30 a\u00f1os con la m\u00fasica con Yanina Carrizo\u00bb con Los Arrieros Huaque\u00f1os, Celeste Fredes (Mendoza) y Los Lucero de J\u00e1chal. La entrada general de $3000 se compra en boleter\u00eda.<\/li>\n<li>Domingo, 14 de Julio, a las 20:00 hs., \u00abSpinetta vive\u00bb. Se trata de un homenaje al \u00abFlaco\u00bb, con la participaci\u00f3n de Capit\u00e1n Beto interpretando sus canciones m\u00e1s emblem\u00e1ticas y reviviendo la magia de su legado. Adem\u00e1s, hay feria de vinos, exposici\u00f3n de arte y cuarteto de cuerdas. Los tickets est\u00e1n disponibles en Hoffmann, boleter\u00eda del Auditorio y <a href=\"http:\/\/entradaweb.com.ar\">http:\/\/entradaweb.com.ar<\/a><\/li>\n<li>Viernes, 19 de Julio, a las 21:30 hs.; Primer Festival de M\u00fasica Popular Argentina, Raly Barrionuevo trae m\u00fasica folcl\u00f3rica a San Juan. En esta oportunidad, uno de los representantes de la m\u00fasica popular de ra\u00edz folcl\u00f3rica, alimentada de m\u00faltiples sonoridades, deleitar\u00e1 al p\u00fablico local\u00a0 Las entradas anticipadas se encuentran en tuentrada.com y boleter\u00eda.<\/li>\n<li>S\u00e1bado, 20 de Julio, a las 21:30 hs.; la Sala del Auditorio Ing. Juan Victoria cuenta con la presentaci\u00f3n de \u00abMixturas acompa\u00f1ando el vuelo\u00bb. El bono contribuci\u00f3n de $5000.<\/li>\n<\/ul>\n<p><img loading=\"lazy\" decoding=\"async\" class=\"alignnone size-full wp-image-61468\" src=\"https:\/\/vocesparalelas.com.ar\/sitio\/wp-content\/uploads\/2023\/07\/AUDITORIO-EDIFICIO.jpg\" alt=\"\" width=\"800\" height=\"533\" srcset=\"https:\/\/vocesparalelas.com.ar\/sitio\/wp-content\/uploads\/2023\/07\/AUDITORIO-EDIFICIO.jpg 800w, https:\/\/vocesparalelas.com.ar\/sitio\/wp-content\/uploads\/2023\/07\/AUDITORIO-EDIFICIO-300x200.jpg 300w, https:\/\/vocesparalelas.com.ar\/sitio\/wp-content\/uploads\/2023\/07\/AUDITORIO-EDIFICIO-768x512.jpg 768w\" sizes=\"auto, (max-width: 800px) 100vw, 800px\" \/><\/p>\n","protected":false},"excerpt":{"rendered":"<p>La sala del Auditorio Ing. Juan Victoria cuenta con una programaci\u00f3n de m\u00fasica para las vacaciones de Julio 2024. Durante<\/p>\n","protected":false},"author":3,"featured_media":16065,"comment_status":"closed","ping_status":"closed","sticky":false,"template":"","format":"standard","meta":{"_acf_changed":false,"_seopress_robots_primary_cat":"none","_seopress_titles_title":"","_seopress_titles_desc":"","_seopress_robots_index":"","colormag_page_container_layout":"default_layout","colormag_page_sidebar_layout":"default_layout","footnotes":""},"categories":[20],"tags":[],"class_list":["post-74431","post","type-post","status-publish","format-standard","has-post-thumbnail","hentry","category-cartelera"],"acf":[],"_links":{"self":[{"href":"https:\/\/vocesparalelas.com.ar\/sitio\/wp-json\/wp\/v2\/posts\/74431","targetHints":{"allow":["GET"]}}],"collection":[{"href":"https:\/\/vocesparalelas.com.ar\/sitio\/wp-json\/wp\/v2\/posts"}],"about":[{"href":"https:\/\/vocesparalelas.com.ar\/sitio\/wp-json\/wp\/v2\/types\/post"}],"author":[{"embeddable":true,"href":"https:\/\/vocesparalelas.com.ar\/sitio\/wp-json\/wp\/v2\/users\/3"}],"replies":[{"embeddable":true,"href":"https:\/\/vocesparalelas.com.ar\/sitio\/wp-json\/wp\/v2\/comments?post=74431"}],"version-history":[{"count":1,"href":"https:\/\/vocesparalelas.com.ar\/sitio\/wp-json\/wp\/v2\/posts\/74431\/revisions"}],"predecessor-version":[{"id":74434,"href":"https:\/\/vocesparalelas.com.ar\/sitio\/wp-json\/wp\/v2\/posts\/74431\/revisions\/74434"}],"wp:featuredmedia":[{"embeddable":true,"href":"https:\/\/vocesparalelas.com.ar\/sitio\/wp-json\/wp\/v2\/media\/16065"}],"wp:attachment":[{"href":"https:\/\/vocesparalelas.com.ar\/sitio\/wp-json\/wp\/v2\/media?parent=74431"}],"wp:term":[{"taxonomy":"category","embeddable":true,"href":"https:\/\/vocesparalelas.com.ar\/sitio\/wp-json\/wp\/v2\/categories?post=74431"},{"taxonomy":"post_tag","embeddable":true,"href":"https:\/\/vocesparalelas.com.ar\/sitio\/wp-json\/wp\/v2\/tags?post=74431"}],"curies":[{"name":"wp","href":"https:\/\/api.w.org\/{rel}","templated":true}]}}