{"id":74420,"date":"2024-07-05T13:38:29","date_gmt":"2024-07-05T16:38:29","guid":{"rendered":"https:\/\/vocesparalelas.com.ar\/sitio\/?p=74420"},"modified":"2024-07-07T11:46:25","modified_gmt":"2024-07-07T14:46:25","slug":"diplomatura-en-sostenibilidad-aplicada-a-la-produccion-de-indumentaria-en-la-faud-de-la-unsj","status":"publish","type":"post","link":"https:\/\/vocesparalelas.com.ar\/sitio\/diplomatura-en-sostenibilidad-aplicada-a-la-produccion-de-indumentaria-en-la-faud-de-la-unsj\/","title":{"rendered":"Diplomatura en Sostenibilidad Aplicada a la Producci\u00f3n de Indumentaria en la FAUD de la UNSJ"},"content":{"rendered":"<p>En un mundo donde el cambio clim\u00e1tico, la contaminaci\u00f3n y la degradaci\u00f3n ambiental son desaf\u00edos crecientes, la reflexi\u00f3n sobre una vida sustentable se vuelve crucial. La sostenibilidad no solo se refiere a la preservaci\u00f3n de los recursos naturales, sino tambi\u00e9n a garantizar un futuro viable para las generaciones venideras. Adoptar pr\u00e1cticas sostenibles es una responsabilidad compartida que tambi\u00e9n puede mejorar nuestra salud y bienestar.<\/p>\n<p>En este contexto, la nueva Diplomatura en Sostenibilidad Aplicada a la Producci\u00f3n de Indumentaria ofrece una formaci\u00f3n integral en moda \u00e9tica y responsable con el medio ambiente. Esta diplomatura busca ense\u00f1ar a los estudiantes a emprender de manera sustentable, comprendiendo el sistema de moda desde una perspectiva global y \u00e9tica. Los participantes aprender\u00e1n sobre econom\u00eda circular, incrementando la participaci\u00f3n de los usuarios y valorando la naturaleza en sus procesos de dise\u00f1o.<\/p>\n<p>La diplomatura ser\u00e1 impartida por un equipo interdisciplinario de docentes con una amplia trayectoria en procesos productivos de indumentaria sostenibles. Este programa busca vincular la comunidad con la universidad a trav\u00e9s de la extensi\u00f3n cr\u00edtica, la investigaci\u00f3n participativa y la docencia, creando un espacio de aprendizaje sin\u00e9rgico y horizontal donde el conocimiento fluye entre todos los actores involucrados.<\/p>\n<p><span style=\"color: #ff6600;\"><strong>Objetivos de la Diplomatura<\/strong><\/span><\/p>\n<ol>\n<li>Dominar conceptos y t\u00e9cnicas del dise\u00f1o de indumentaria y textil bajo un sistema \u00e9tico y responsable.<\/li>\n<li>Aplicar los Objetivos de Desarrollo Sostenible (ODS) en emprendimientos propios.<\/li>\n<li>Fomentar la creatividad mediante pr\u00e1cticas responsables con el medio ambiente.<\/li>\n<li>Incorporar conceptos de econom\u00eda circular en la actividad profesional de la moda sustentable.<\/li>\n<\/ol>\n<p><span style=\"color: #ff6600;\"><strong>Prop\u00f3sitos de la Formaci\u00f3n<\/strong><\/span><\/p>\n<ul>\n<li>Actualizar y perfeccionar conocimientos y competencias en desarrollo sostenible aplicados a situaciones reales.<\/li>\n<li>Promover un pensamiento cr\u00edtico y reflexivo sobre la responsabilidad del emprendedor en indumentaria sustentable.<\/li>\n<li>Ofrecer un espacio formativo para desempleados\/as mayores de 18 a\u00f1os, terminales de secundaria, empleados de la industria textil y ayudantes sin capacitaci\u00f3n formal que deseen emprender en moda sustentable.<\/li>\n<\/ul>\n<p><span style=\"color: #ff6600;\"><strong>Destinatarios<\/strong><\/span><\/p>\n<p>La diplomatura est\u00e1 dirigida a estudiantes de dise\u00f1o de moda, dise\u00f1adores egresados, productores, confeccionistas, dise\u00f1adores textiles, comerciantes y emprendedores que busquen insertarse en el mundo de la moda sustentable. El programa aborda la relevancia del desarrollo sostenible para quienes producen y utilizan recursos, y quienes establecen pol\u00edticas para su gesti\u00f3n. Los participantes analizar\u00e1n la normativa ambiental y desarrollar\u00e1n enfoques cr\u00edticos sobre la gesti\u00f3n ambiental p\u00fablica y privada.<\/p>\n<p><span style=\"color: #ff6600;\"><strong>Metodolog\u00eda y Estructura<\/strong><\/span><\/p>\n<p>La Diplomatura en Sostenibilidad Aplicada a la Producci\u00f3n de Indumentaria se desarrolla en modalidad presencial, con clases una vez por semana, los S\u00e1bados, de 09:00 a 13:00 horas. El programa incluye 20 clases presenciales distribuidas en dos m\u00f3dulos: te\u00f3rico y pr\u00e1ctico.<\/p>\n<p>El cupo est\u00e1 limitado a 35-40 estudiantes, asegurando una formaci\u00f3n de calidad y profesionalismo, con una mirada de g\u00e9nero e integraci\u00f3n. La inscripci\u00f3n est\u00e1 abierta a la comunidad en general, especialmente a miembros de organizaciones sociales.<\/p>\n<p>La Diplomatura en Sostenibilidad Aplicada a la Producci\u00f3n de Indumentaria representa una oportunidad \u00fanica para quienes desean aprender y aplicar pr\u00e1cticas sostenibles en la industria de la moda. Con un enfoque en la \u00e9tica, la econom\u00eda circular y la responsabilidad ambiental, este programa se convierte en un pilar fundamental para la formaci\u00f3n de profesionales comprometidos con un futuro m\u00e1s sostenible.<\/p>\n<p>La Diplomatura es una actividad arancelada, cuyo valor de la inscripci\u00f3n es de $30.000 y luego, 5 cuotas mensuales de $25.000 cada una.<\/p>\n<p><strong><span style=\"color: #ff6600;\">Inscripci\u00f3n<\/span><\/strong><\/p>\n<p><a href=\"https:\/\/forms.gle\/aazzQWTps3y8z2Uy9\">https:\/\/forms.gle\/aazzQWTps3y8z2Uy9<\/a><\/p>\n<p><span style=\"color: #ff6600;\"><strong>Contactos<\/strong><\/span><\/p>\n<ul>\n<li><strong>Tel\u00e9fonos: <\/strong>(+54 0264) 423 2395 \/ 3259 | (+54 0264) 426 0104 | Interno: 341<\/li>\n<li>Fax: (+54 0264) 423 5397<\/li>\n<li><strong>Sitio Web Oficial: <\/strong><a href=\"http:\/\/www.faud.unsj.edu.ar\">http:\/\/www.faud.unsj.edu.ar<\/a><\/li>\n<li><strong>Facebook:<\/strong> <a href=\"https:\/\/www.facebook.com\/faudsj\">https:\/\/www.facebook.com\/faudsj<\/a><\/li>\n<li><strong>Twitter: <\/strong><a href=\"https:\/\/twitter.com\/FAUD_UNSJ\">https:\/\/twitter.com\/FAUD_UNSJ<\/a><\/li>\n<li><strong>Instagram:<\/strong> <a href=\"https:\/\/www.instagram.com\/faud.unsj\/\">https:\/\/www.instagram.com\/faud.unsj\/<\/a><\/li>\n<li><strong>YouTube:\u00a0<\/strong><a href=\"https:\/\/www.youtube.com\/channel\/UCwSybyMXR6LDaoDcnyJrfQQ\">https:\/\/www.youtube.com\/channel\/UCwSybyMXR6LDaoDcnyJrfQQ<\/a><\/li>\n<\/ul>\n<p><img loading=\"lazy\" decoding=\"async\" class=\"alignnone size-full wp-image-43789\" src=\"https:\/\/vocesparalelas.com.ar\/sitio\/wp-content\/uploads\/2021\/11\/FAUD-LOGO-NUEVO.jpg\" alt=\"\" width=\"800\" height=\"533\" srcset=\"https:\/\/vocesparalelas.com.ar\/sitio\/wp-content\/uploads\/2021\/11\/FAUD-LOGO-NUEVO.jpg 800w, https:\/\/vocesparalelas.com.ar\/sitio\/wp-content\/uploads\/2021\/11\/FAUD-LOGO-NUEVO-300x200.jpg 300w, https:\/\/vocesparalelas.com.ar\/sitio\/wp-content\/uploads\/2021\/11\/FAUD-LOGO-NUEVO-768x512.jpg 768w\" sizes=\"auto, (max-width: 800px) 100vw, 800px\" \/><\/p>\n","protected":false},"excerpt":{"rendered":"<p>En un mundo donde el cambio clim\u00e1tico, la contaminaci\u00f3n y la degradaci\u00f3n ambiental son desaf\u00edos crecientes, la reflexi\u00f3n sobre una<\/p>\n","protected":false},"author":3,"featured_media":63660,"comment_status":"closed","ping_status":"closed","sticky":false,"template":"","format":"standard","meta":{"_acf_changed":false,"_seopress_robots_primary_cat":"none","_seopress_titles_title":"","_seopress_titles_desc":"","_seopress_robots_index":"","colormag_page_container_layout":"default_layout","colormag_page_sidebar_layout":"default_layout","footnotes":""},"categories":[9],"tags":[],"class_list":["post-74420","post","type-post","status-publish","format-standard","has-post-thumbnail","hentry","category-cursos"],"acf":[],"_links":{"self":[{"href":"https:\/\/vocesparalelas.com.ar\/sitio\/wp-json\/wp\/v2\/posts\/74420","targetHints":{"allow":["GET"]}}],"collection":[{"href":"https:\/\/vocesparalelas.com.ar\/sitio\/wp-json\/wp\/v2\/posts"}],"about":[{"href":"https:\/\/vocesparalelas.com.ar\/sitio\/wp-json\/wp\/v2\/types\/post"}],"author":[{"embeddable":true,"href":"https:\/\/vocesparalelas.com.ar\/sitio\/wp-json\/wp\/v2\/users\/3"}],"replies":[{"embeddable":true,"href":"https:\/\/vocesparalelas.com.ar\/sitio\/wp-json\/wp\/v2\/comments?post=74420"}],"version-history":[{"count":1,"href":"https:\/\/vocesparalelas.com.ar\/sitio\/wp-json\/wp\/v2\/posts\/74420\/revisions"}],"predecessor-version":[{"id":74423,"href":"https:\/\/vocesparalelas.com.ar\/sitio\/wp-json\/wp\/v2\/posts\/74420\/revisions\/74423"}],"wp:featuredmedia":[{"embeddable":true,"href":"https:\/\/vocesparalelas.com.ar\/sitio\/wp-json\/wp\/v2\/media\/63660"}],"wp:attachment":[{"href":"https:\/\/vocesparalelas.com.ar\/sitio\/wp-json\/wp\/v2\/media?parent=74420"}],"wp:term":[{"taxonomy":"category","embeddable":true,"href":"https:\/\/vocesparalelas.com.ar\/sitio\/wp-json\/wp\/v2\/categories?post=74420"},{"taxonomy":"post_tag","embeddable":true,"href":"https:\/\/vocesparalelas.com.ar\/sitio\/wp-json\/wp\/v2\/tags?post=74420"}],"curies":[{"name":"wp","href":"https:\/\/api.w.org\/{rel}","templated":true}]}}