{"id":74401,"date":"2024-07-04T19:35:26","date_gmt":"2024-07-04T22:35:26","guid":{"rendered":"https:\/\/vocesparalelas.com.ar\/sitio\/?p=74401"},"modified":"2024-07-05T00:35:53","modified_gmt":"2024-07-05T03:35:53","slug":"acto-del-dia-de-la-independencia-argentina-en-la-fi-de-la-unsj","status":"publish","type":"post","link":"https:\/\/vocesparalelas.com.ar\/sitio\/acto-del-dia-de-la-independencia-argentina-en-la-fi-de-la-unsj\/","title":{"rendered":"Acto del D\u00eda de la Independencia Argentina en la FI de la UNSJ"},"content":{"rendered":"<p>El decano de la Facultad de Ingenier\u00eda de la Universidad Nacional de San Juan, Esp. Ing. Oscar Mario Fern\u00e1ndez; la vicedecana, Dra. Ing. Andrea Diaz; y autoridades de Decanato, invitan a la comunidad universitaria a participar del Acto del D\u00eda de la Independencia Argentina, que se realiza el Viernes, 5 de Julio, a partir de la hora 9 hs.; en la Plaza Central de la Unidad Acad\u00e9mica.<\/p>\n<figure id=\"attachment_50657\" aria-describedby=\"caption-attachment-50657\" style=\"width: 800px\" class=\"wp-caption alignnone\"><img loading=\"lazy\" decoding=\"async\" class=\"size-full wp-image-50657\" src=\"https:\/\/vocesparalelas.com.ar\/sitio\/wp-content\/uploads\/2022\/07\/CASA-DE-TUCUMAN.jpg\" alt=\"\" width=\"800\" height=\"524\" srcset=\"https:\/\/vocesparalelas.com.ar\/sitio\/wp-content\/uploads\/2022\/07\/CASA-DE-TUCUMAN.jpg 800w, https:\/\/vocesparalelas.com.ar\/sitio\/wp-content\/uploads\/2022\/07\/CASA-DE-TUCUMAN-300x197.jpg 300w, https:\/\/vocesparalelas.com.ar\/sitio\/wp-content\/uploads\/2022\/07\/CASA-DE-TUCUMAN-768x503.jpg 768w\" sizes=\"auto, (max-width: 800px) 100vw, 800px\" \/><figcaption id=\"caption-attachment-50657\" class=\"wp-caption-text\">La casa de Tucum\u00e1n, cuna de la gesta de la independencia de Argentina<\/figcaption><\/figure>\n<p>&nbsp;<\/p>\n","protected":false},"excerpt":{"rendered":"<p>El decano de la Facultad de Ingenier\u00eda de la Universidad Nacional de San Juan, Esp. Ing. Oscar Mario Fern\u00e1ndez; la<\/p>\n","protected":false},"author":3,"featured_media":60280,"comment_status":"closed","ping_status":"closed","sticky":false,"template":"","format":"standard","meta":{"_acf_changed":false,"_seopress_robots_primary_cat":"none","_seopress_titles_title":"","_seopress_titles_desc":"","_seopress_robots_index":"","colormag_page_container_layout":"default_layout","colormag_page_sidebar_layout":"default_layout","footnotes":""},"categories":[1],"tags":[],"class_list":["post-74401","post","type-post","status-publish","format-standard","has-post-thumbnail","hentry","category-destacadas"],"acf":[],"_links":{"self":[{"href":"https:\/\/vocesparalelas.com.ar\/sitio\/wp-json\/wp\/v2\/posts\/74401","targetHints":{"allow":["GET"]}}],"collection":[{"href":"https:\/\/vocesparalelas.com.ar\/sitio\/wp-json\/wp\/v2\/posts"}],"about":[{"href":"https:\/\/vocesparalelas.com.ar\/sitio\/wp-json\/wp\/v2\/types\/post"}],"author":[{"embeddable":true,"href":"https:\/\/vocesparalelas.com.ar\/sitio\/wp-json\/wp\/v2\/users\/3"}],"replies":[{"embeddable":true,"href":"https:\/\/vocesparalelas.com.ar\/sitio\/wp-json\/wp\/v2\/comments?post=74401"}],"version-history":[{"count":1,"href":"https:\/\/vocesparalelas.com.ar\/sitio\/wp-json\/wp\/v2\/posts\/74401\/revisions"}],"predecessor-version":[{"id":74404,"href":"https:\/\/vocesparalelas.com.ar\/sitio\/wp-json\/wp\/v2\/posts\/74401\/revisions\/74404"}],"wp:featuredmedia":[{"embeddable":true,"href":"https:\/\/vocesparalelas.com.ar\/sitio\/wp-json\/wp\/v2\/media\/60280"}],"wp:attachment":[{"href":"https:\/\/vocesparalelas.com.ar\/sitio\/wp-json\/wp\/v2\/media?parent=74401"}],"wp:term":[{"taxonomy":"category","embeddable":true,"href":"https:\/\/vocesparalelas.com.ar\/sitio\/wp-json\/wp\/v2\/categories?post=74401"},{"taxonomy":"post_tag","embeddable":true,"href":"https:\/\/vocesparalelas.com.ar\/sitio\/wp-json\/wp\/v2\/tags?post=74401"}],"curies":[{"name":"wp","href":"https:\/\/api.w.org\/{rel}","templated":true}]}}