{"id":74377,"date":"2024-07-04T18:01:04","date_gmt":"2024-07-04T21:01:04","guid":{"rendered":"https:\/\/vocesparalelas.com.ar\/sitio\/?p=74377"},"modified":"2024-07-04T23:01:38","modified_gmt":"2024-07-05T02:01:38","slug":"distintas-comisiones-de-la-camara-de-diputados-de-san-juan-se-reunieron-para-analizar-expedientes","status":"publish","type":"post","link":"https:\/\/vocesparalelas.com.ar\/sitio\/distintas-comisiones-de-la-camara-de-diputados-de-san-juan-se-reunieron-para-analizar-expedientes\/","title":{"rendered":"Distintas Comisiones de la C\u00e1mara de Diputados de San Juan se reunieron para analizar expedientes"},"content":{"rendered":"<p>En diferentes oficinas del Edificio Hist\u00f3rico de la Legislatura Provincial de San Juan, se llevaron adelante encuentros de Comisiones Permanentes donde se trataron diferentes expedientes.<\/p>\n<p><strong><span style=\"color: #800080;\">Reuni\u00f3n conjunta LAC y Educaci\u00f3n<\/span><\/strong><\/p>\n<p>Las comisiones de Legislaci\u00f3n y Asuntos Constitucionales y de Educaci\u00f3n, Ciencia, T\u00e9cnica y Cultura; mantuvieron una reuni\u00f3n con la presencia de los diputados Andr\u00e9s Castro, Stella Caparros, Juan de la Cruz C\u00f3rdoba, Alejandra Leonardo, Cristina L\u00f3pez, M\u00f3nica Gonz\u00e1lez, Marcela Quiroga, Luis Rueda, Rosana Luque y Marcelo Mallea.<\/p>\n<p>Continuaron el tratamiento de los expedientes N\u00ba 1177 remitido por el Poder Ejecutivo y N\u00ba 1340 presentado por el Bloque Justicialista, sobre los que sacaron Despacho favorable. En su primer art\u00edculo \u201cse declara bien integrante del Patrimonio Cultural y Natural de la Provincia de San Juan, dentro de los alcances de la Ley 571-F, al denominado Circuito Ferroviario La Rinconada, departamento pocito de la Provincia de San Juan\u201d.<\/p>\n<p>En su art\u00edculo segundo se detallan las coordenadas de cada espacio declarado y en el tercero se dispone que \u201cse incorpora al Circuito Ferroviario La Rinconada, en los t\u00e9rminos designados en la presente Ley en el Registro General de bienes integrantes del Patrimonio Cultural de la Provincia\u201d.<\/p>\n<p>Finalmente, en el art\u00edculo 4 se define que \u201cla Autoridad de Aplicaci\u00f3n es el Ministerio de Turismo, Cultura y Deportes, o el organismo que en un futuro lo reemplace, el cual debe notificar a la Direcci\u00f3n Provincial de Geodesia y Catastro, a la Municipalidad de Pocito, a la Direcci\u00f3n de Planeamiento y Desarrollo Urbano y al Registro General Inmobiliario de la provincia a fin de efectuar la anotaci\u00f3n marginal correspondiente\u201d.<\/p>\n<p><strong><span style=\"color: #800080;\">Ambiente y Desarrollo Sostenible<\/span><\/strong><\/p>\n<p>De la reuni\u00f3n participaron los legisladores provinciales Mar\u00eda Rita Lascano, Andr\u00e9s Castro, Marcelo Mallea y Carlos Deguer, y las asesoras de los diputados Carlos Jaime y Omar Ortiz. En primer t\u00e9rmino, realizaron el tratamiento del Expediente N\u00ba 1277 por el que se presenta un proyecto de \u201cLey de Fomento para la observaci\u00f3n de la Biodiversidad de San Juan\u201d.<\/p>\n<p>A continuaci\u00f3n, analizaron el Expediente N\u00ba 1434 y sacaron el siguiente Despacho favorable:<\/p>\n<ul>\n<li><strong>Art\u00edculo 1\u00ba:<\/strong>\u00a0Se instituye el mes de mayo de cada a\u00f1o como el Mes de Concientizaci\u00f3n del Cuidado de la Biodiversidad, con el fin de promover la importancia de la biodiversidad y fomentar acciones para su conservaci\u00f3n y uso sostenible.<\/li>\n<li><strong>Art\u00edculo 2\u00ba:<\/strong>\u00a0Se promueve la educaci\u00f3n y concientizaci\u00f3n continua a toda la comunidad, mediante actividades de \u00edndole educativa, cient\u00edfica y cultural para la preservaci\u00f3n y conservaci\u00f3n de la biodiversidad.<\/li>\n<li><strong>Art\u00edculo 3\u00ba:<\/strong>\u00a0La autoridad de aplicaci\u00f3n es la Secretar\u00eda de Ambiente y Desarrollo Sustentable.<\/li>\n<li><strong>Art\u00edculo 4\u00ba:\u00a0<\/strong>Se invita a los Municipios de la Provincia y a los organismos competentes en la materia a adherirse a la presente Ley e implementar todas las medidas necesarias para su cumplimiento.<\/li>\n<\/ul>\n<p><strong><span style=\"color: #800080;\">Deporte y Turismo<\/span><\/strong><\/p>\n<p>La reuni\u00f3n de Deporte y Turismo fue llevada a cabo en el segundo piso del edificio hist\u00f3rico de la Legislatura. Estuvo encabezada por su presidente, diputado Gustavo Usin. Participaron los legisladores Miguel Vega, Jorge Ripoll, Gustavo N\u00fa\u00f1ez, y Marcelo Mallea.<\/p>\n<p>En la ocasi\u00f3n, dieron tratamiento a un proyecto de Resoluci\u00f3n presentado por el interbloque Cambia San Juan que propone declarar de inter\u00e9s Social y Deportivo la participaci\u00f3n de la Delegaci\u00f3n Sanjuanina en la 9\u00b0 Copa del Mundo Taekwon-do Mar del Plata-Argentina, 2024.<\/p>\n<p>Cabe se\u00f1alar que este campeonato mundial se llevar\u00e1 a cabo del 28 de octubre al 2 de noviembre del corriente a\u00f1o y tendr\u00e1 lugar en el Estadio Polideportivo Islas Malvinas, de la ciudad de Mar del Plata, Provincia de Buenos Aires, Argentina. La realizaci\u00f3n de esta competencia en un \u00e1mbito sano y fraternal de intercambio cultural promueve valores fundamentales como la disciplina, el respeto y la solidaridad. Adem\u00e1s, el impulso y apoyo a las artes marciales como el Taekwon-do son fundamentales para mejorar la calidad de vida de los participantes y de la comunidad en general, fomentando h\u00e1bitos de vida saludable y el desarrollo integral de los individuos. Este evento re\u00fane a m\u00e1s de 4050 competidores de todo el mundo, con edades comprendidas entre los 12 a\u00f1os y m\u00e1s de 46 a\u00f1os, subdivididos en cinco categor\u00edas seg\u00fan su rango de edad. Entre estos competidores se encuentra la Delegaci\u00f3n Sanjuanina, que representar\u00e1 a la Provincia de San Juan en este prestigioso evento.<\/p>\n","protected":false},"excerpt":{"rendered":"<p>En diferentes oficinas del Edificio Hist\u00f3rico de la Legislatura Provincial de San Juan, se llevaron adelante encuentros de Comisiones Permanentes<\/p>\n","protected":false},"author":3,"featured_media":37951,"comment_status":"closed","ping_status":"closed","sticky":false,"template":"","format":"standard","meta":{"_acf_changed":false,"_seopress_robots_primary_cat":"none","_seopress_titles_title":"","_seopress_titles_desc":"","_seopress_robots_index":"","colormag_page_container_layout":"default_layout","colormag_page_sidebar_layout":"default_layout","footnotes":""},"categories":[1],"tags":[],"class_list":["post-74377","post","type-post","status-publish","format-standard","has-post-thumbnail","hentry","category-destacadas"],"acf":[],"_links":{"self":[{"href":"https:\/\/vocesparalelas.com.ar\/sitio\/wp-json\/wp\/v2\/posts\/74377","targetHints":{"allow":["GET"]}}],"collection":[{"href":"https:\/\/vocesparalelas.com.ar\/sitio\/wp-json\/wp\/v2\/posts"}],"about":[{"href":"https:\/\/vocesparalelas.com.ar\/sitio\/wp-json\/wp\/v2\/types\/post"}],"author":[{"embeddable":true,"href":"https:\/\/vocesparalelas.com.ar\/sitio\/wp-json\/wp\/v2\/users\/3"}],"replies":[{"embeddable":true,"href":"https:\/\/vocesparalelas.com.ar\/sitio\/wp-json\/wp\/v2\/comments?post=74377"}],"version-history":[{"count":1,"href":"https:\/\/vocesparalelas.com.ar\/sitio\/wp-json\/wp\/v2\/posts\/74377\/revisions"}],"predecessor-version":[{"id":74380,"href":"https:\/\/vocesparalelas.com.ar\/sitio\/wp-json\/wp\/v2\/posts\/74377\/revisions\/74380"}],"wp:featuredmedia":[{"embeddable":true,"href":"https:\/\/vocesparalelas.com.ar\/sitio\/wp-json\/wp\/v2\/media\/37951"}],"wp:attachment":[{"href":"https:\/\/vocesparalelas.com.ar\/sitio\/wp-json\/wp\/v2\/media?parent=74377"}],"wp:term":[{"taxonomy":"category","embeddable":true,"href":"https:\/\/vocesparalelas.com.ar\/sitio\/wp-json\/wp\/v2\/categories?post=74377"},{"taxonomy":"post_tag","embeddable":true,"href":"https:\/\/vocesparalelas.com.ar\/sitio\/wp-json\/wp\/v2\/tags?post=74377"}],"curies":[{"name":"wp","href":"https:\/\/api.w.org\/{rel}","templated":true}]}}