{"id":74362,"date":"2024-07-04T20:57:34","date_gmt":"2024-07-04T23:57:34","guid":{"rendered":"https:\/\/vocesparalelas.com.ar\/sitio\/?p=74362"},"modified":"2024-07-04T23:05:43","modified_gmt":"2024-07-05T02:05:43","slug":"el-honor-del-compromiso-federal-por-la-alfabetizacion-en-la-casa-de-sarmiento-en-san-juan","status":"publish","type":"post","link":"https:\/\/vocesparalelas.com.ar\/sitio\/el-honor-del-compromiso-federal-por-la-alfabetizacion-en-la-casa-de-sarmiento-en-san-juan\/","title":{"rendered":"El Honor del Compromiso Federal por la Alfabetizaci\u00f3n en la Casa de Sarmiento en San Juan"},"content":{"rendered":"<p>El Jueves, 4 de Julio de 2024, el presidente de la Rep\u00fablica Argentina, Economista Javier Milei lleg\u00f3 a San Juan para realizar el lanzamiento oficial del Compromiso Federal por la Alfabetizaci\u00f3n, acompa\u00f1ado por la ministra de Capital Humano de la Naci\u00f3n, Lic. Sandra Pettovello y el secretario de Educaci\u00f3n, Lic. Carlos Torrendell.<\/p>\n<p>En el Aeropuerto Domingo Faustino Sarmiento lo recibi\u00f3 el gobernador de San Juan, Dr. Marcelo Orrego, junto a una formaci\u00f3n de Honor del Ej\u00e9rcito de la provincia, como indica el protocolo en cada visita presidencial. Luego, el gobernador procedi\u00f3 a entregarle el decreto de Hu\u00e9sped Oficial de la provincia de San Juan y el intendente de 9 de Julio, Daniel Banega, entreg\u00f3 el decreto de Visitante Ilustre al departamento.<\/p>\n<p><img loading=\"lazy\" decoding=\"async\" class=\"alignnone size-full wp-image-74365\" src=\"https:\/\/vocesparalelas.com.ar\/sitio\/wp-content\/uploads\/2024\/07\/SAN-JUAN-ORREGO-MILEI-01.jpg\" alt=\"\" width=\"800\" height=\"533\" srcset=\"https:\/\/vocesparalelas.com.ar\/sitio\/wp-content\/uploads\/2024\/07\/SAN-JUAN-ORREGO-MILEI-01.jpg 800w, https:\/\/vocesparalelas.com.ar\/sitio\/wp-content\/uploads\/2024\/07\/SAN-JUAN-ORREGO-MILEI-01-300x200.jpg 300w, https:\/\/vocesparalelas.com.ar\/sitio\/wp-content\/uploads\/2024\/07\/SAN-JUAN-ORREGO-MILEI-01-768x512.jpg 768w\" sizes=\"auto, (max-width: 800px) 100vw, 800px\" \/><\/p>\n<p>A la llegada de las autoridades a la Casa Natal de Sarmiento, se dio inicio al acto agradeciendo y presentando a las autoridades presentes para entonar juntos el Himno Nacional Argentino con el acompa\u00f1amiento musical de la Banda de M\u00fasica del RIM 22 y el Coro de la Escuela Sarmiento.<\/p>\n<p><iframe loading=\"lazy\" title=\"SAN JUAN HIMNO NACIONAL ARGENTINO\" width=\"800\" height=\"450\" src=\"https:\/\/www.youtube.com\/embed\/FwERbB1BYE4?feature=oembed\" frameborder=\"0\" allow=\"accelerometer; autoplay; clipboard-write; encrypted-media; gyroscope; picture-in-picture; web-share\" referrerpolicy=\"strict-origin-when-cross-origin\" allowfullscreen><\/iframe><\/p>\n<p><img loading=\"lazy\" decoding=\"async\" class=\"alignnone size-full wp-image-74371\" src=\"https:\/\/vocesparalelas.com.ar\/sitio\/wp-content\/uploads\/2024\/07\/SAN-JUAN-ORREGO-MILEI-05.jpg\" alt=\"\" width=\"800\" height=\"450\" srcset=\"https:\/\/vocesparalelas.com.ar\/sitio\/wp-content\/uploads\/2024\/07\/SAN-JUAN-ORREGO-MILEI-05.jpg 800w, https:\/\/vocesparalelas.com.ar\/sitio\/wp-content\/uploads\/2024\/07\/SAN-JUAN-ORREGO-MILEI-05-300x169.jpg 300w, https:\/\/vocesparalelas.com.ar\/sitio\/wp-content\/uploads\/2024\/07\/SAN-JUAN-ORREGO-MILEI-05-768x432.jpg 768w\" sizes=\"auto, (max-width: 800px) 100vw, 800px\" \/><\/p>\n<figure id=\"attachment_74366\" aria-describedby=\"caption-attachment-74366\" style=\"width: 800px\" class=\"wp-caption alignnone\"><img loading=\"lazy\" decoding=\"async\" class=\"size-full wp-image-74366\" src=\"https:\/\/vocesparalelas.com.ar\/sitio\/wp-content\/uploads\/2024\/07\/SAN-JUAN-ORREGO-MILEI-02.jpg\" alt=\"\" width=\"800\" height=\"450\" srcset=\"https:\/\/vocesparalelas.com.ar\/sitio\/wp-content\/uploads\/2024\/07\/SAN-JUAN-ORREGO-MILEI-02.jpg 800w, https:\/\/vocesparalelas.com.ar\/sitio\/wp-content\/uploads\/2024\/07\/SAN-JUAN-ORREGO-MILEI-02-300x169.jpg 300w, https:\/\/vocesparalelas.com.ar\/sitio\/wp-content\/uploads\/2024\/07\/SAN-JUAN-ORREGO-MILEI-02-768x432.jpg 768w\" sizes=\"auto, (max-width: 800px) 100vw, 800px\" \/><figcaption id=\"caption-attachment-74366\" class=\"wp-caption-text\">Ministro de Capital Humano de la Naci\u00f3n, Lic. Sandra Pettovello<\/figcaption><\/figure>\n<p>Seguidamente, la Ministro de Capital Humano de la Naci\u00f3n, Lic. Sandra Pettovello, describi\u00f3 el significado y el compromiso de la aplicaci\u00f3n en la Rep\u00fablica Argentina el Plan Federal de Alfabetizaci\u00f3n.<\/p>\n<p><iframe loading=\"lazy\" title=\"SAN JUAN LIC SANDRA PETTOVELLO\" width=\"800\" height=\"450\" src=\"https:\/\/www.youtube.com\/embed\/0fpmHjf0WLY?feature=oembed\" frameborder=\"0\" allow=\"accelerometer; autoplay; clipboard-write; encrypted-media; gyroscope; picture-in-picture; web-share\" referrerpolicy=\"strict-origin-when-cross-origin\" allowfullscreen><\/iframe><\/p>\n<p>&nbsp;<\/p>\n<figure id=\"attachment_74367\" aria-describedby=\"caption-attachment-74367\" style=\"width: 800px\" class=\"wp-caption alignnone\"><img loading=\"lazy\" decoding=\"async\" class=\"size-full wp-image-74367\" src=\"https:\/\/vocesparalelas.com.ar\/sitio\/wp-content\/uploads\/2024\/07\/SAN-JUAN-ORREGO-MILEI-03.jpg\" alt=\"\" width=\"800\" height=\"449\" srcset=\"https:\/\/vocesparalelas.com.ar\/sitio\/wp-content\/uploads\/2024\/07\/SAN-JUAN-ORREGO-MILEI-03.jpg 800w, https:\/\/vocesparalelas.com.ar\/sitio\/wp-content\/uploads\/2024\/07\/SAN-JUAN-ORREGO-MILEI-03-300x168.jpg 300w, https:\/\/vocesparalelas.com.ar\/sitio\/wp-content\/uploads\/2024\/07\/SAN-JUAN-ORREGO-MILEI-03-768x431.jpg 768w\" sizes=\"auto, (max-width: 800px) 100vw, 800px\" \/><figcaption id=\"caption-attachment-74367\" class=\"wp-caption-text\">Gobernador de San Juan, Dr. Marcelo Orrego<\/figcaption><\/figure>\n<p>Posteriormente, el Gobernador de San Juan, Dr. Marcelo Orrego puntualiz\u00f3 que \u00aben la tierra de Sarmiento vamos a poder lanzar el Plan Nacional de Alfabetizaci\u00f3n, que no es solo un monumento hist\u00f3rico, sino que es una usina de inspiraci\u00f3n donde Sarmiento pens\u00f3 en tantas ideas\u201d.<\/p>\n<p><iframe loading=\"lazy\" title=\"SAN JUAN GOBERNADOR DR MARCELO ORREGO\" width=\"800\" height=\"450\" src=\"https:\/\/www.youtube.com\/embed\/zSLIcfJGhz0?feature=oembed\" frameborder=\"0\" allow=\"accelerometer; autoplay; clipboard-write; encrypted-media; gyroscope; picture-in-picture; web-share\" referrerpolicy=\"strict-origin-when-cross-origin\" allowfullscreen><\/iframe><\/p>\n<p>&nbsp;<\/p>\n<figure id=\"attachment_74368\" aria-describedby=\"caption-attachment-74368\" style=\"width: 800px\" class=\"wp-caption alignnone\"><img loading=\"lazy\" decoding=\"async\" class=\"size-full wp-image-74368\" src=\"https:\/\/vocesparalelas.com.ar\/sitio\/wp-content\/uploads\/2024\/07\/SAN-JUAN-ORREGO-MILEI-04.jpg\" alt=\"\" width=\"800\" height=\"450\" srcset=\"https:\/\/vocesparalelas.com.ar\/sitio\/wp-content\/uploads\/2024\/07\/SAN-JUAN-ORREGO-MILEI-04.jpg 800w, https:\/\/vocesparalelas.com.ar\/sitio\/wp-content\/uploads\/2024\/07\/SAN-JUAN-ORREGO-MILEI-04-300x169.jpg 300w, https:\/\/vocesparalelas.com.ar\/sitio\/wp-content\/uploads\/2024\/07\/SAN-JUAN-ORREGO-MILEI-04-768x432.jpg 768w\" sizes=\"auto, (max-width: 800px) 100vw, 800px\" \/><figcaption id=\"caption-attachment-74368\" class=\"wp-caption-text\">Presidente de la Rep\u00fablica Argentina, Economista Javier Milei<\/figcaption><\/figure>\n<p>El presidente de la Rep\u00fablica Argentina, Economista Javier Milei remarc\u00f3 que \u00abagradezco la participaci\u00f3n y quiero repasar los avances de la educaci\u00f3n en la historia del pa\u00eds. Como herederos de los principios de mayo y de la generaci\u00f3n del 80, este plan de alfabetizaci\u00f3n que presentamos hoy no es s\u00f3lo un programa de gobierno, sino un deber hist\u00f3rico de nuestro pa\u00eds\u201d.<\/p>\n<p><iframe loading=\"lazy\" title=\"SAN JUAN PRESIDENTE ECON. JAVIER MILEI\" width=\"800\" height=\"450\" src=\"https:\/\/www.youtube.com\/embed\/YBrDasSBSJo?feature=oembed\" frameborder=\"0\" allow=\"accelerometer; autoplay; clipboard-write; encrypted-media; gyroscope; picture-in-picture; web-share\" referrerpolicy=\"strict-origin-when-cross-origin\" allowfullscreen><\/iframe><\/p>\n<p>&nbsp;<\/p>\n<p>El acto cerr\u00f3 como homenaje al padre de la Educaci\u00f3n, Domingo Faustino Sarmiento, cuando se invit\u00f3 a entonar las estrofas del Himno a Sarmiento con la interpretaci\u00f3n del coro de la Escuela Sarmiento.<\/p>\n<p><iframe loading=\"lazy\" title=\"SAN JUAN HIMNO A SARMIENTO\" width=\"800\" height=\"450\" src=\"https:\/\/www.youtube.com\/embed\/FmhQYoCOZVA?feature=oembed\" frameborder=\"0\" allow=\"accelerometer; autoplay; clipboard-write; encrypted-media; gyroscope; picture-in-picture; web-share\" referrerpolicy=\"strict-origin-when-cross-origin\" allowfullscreen><\/iframe><\/p>\n<p>&nbsp;<\/p>\n<p><img loading=\"lazy\" decoding=\"async\" class=\"alignnone size-large wp-image-25888\" src=\"https:\/\/vocesparalelas.com.ar\/sitio\/wp-content\/uploads\/2019\/12\/CASA-SARMIENTO-20-800x600.jpg\" alt=\"\" width=\"800\" height=\"600\" srcset=\"https:\/\/vocesparalelas.com.ar\/sitio\/wp-content\/uploads\/2019\/12\/CASA-SARMIENTO-20.jpg 800w, https:\/\/vocesparalelas.com.ar\/sitio\/wp-content\/uploads\/2019\/12\/CASA-SARMIENTO-20-300x225.jpg 300w, https:\/\/vocesparalelas.com.ar\/sitio\/wp-content\/uploads\/2019\/12\/CASA-SARMIENTO-20-768x576.jpg 768w\" sizes=\"auto, (max-width: 800px) 100vw, 800px\" \/><\/p>\n<p><iframe loading=\"lazy\" title=\"El presidente Milei lanz\u00f3 desde San Juan el Plan Nacional de Alfabetizaci\u00f3n\" width=\"800\" height=\"450\" src=\"https:\/\/www.youtube.com\/embed\/b2ltuZwm0YM?feature=oembed\" frameborder=\"0\" allow=\"accelerometer; autoplay; clipboard-write; encrypted-media; gyroscope; picture-in-picture; web-share\" referrerpolicy=\"strict-origin-when-cross-origin\" allowfullscreen><\/iframe><\/p>\n","protected":false},"excerpt":{"rendered":"<p>El Jueves, 4 de Julio de 2024, el presidente de la Rep\u00fablica Argentina, Economista Javier Milei lleg\u00f3 a San Juan<\/p>\n","protected":false},"author":3,"featured_media":74381,"comment_status":"closed","ping_status":"closed","sticky":false,"template":"","format":"standard","meta":{"_acf_changed":false,"_seopress_robots_primary_cat":"none","_seopress_titles_title":"","_seopress_titles_desc":"","_seopress_robots_index":"","colormag_page_container_layout":"default_layout","colormag_page_sidebar_layout":"default_layout","footnotes":""},"categories":[1,7],"tags":[],"class_list":["post-74362","post","type-post","status-publish","format-standard","has-post-thumbnail","hentry","category-destacadas","category-videos"],"acf":[],"_links":{"self":[{"href":"https:\/\/vocesparalelas.com.ar\/sitio\/wp-json\/wp\/v2\/posts\/74362","targetHints":{"allow":["GET"]}}],"collection":[{"href":"https:\/\/vocesparalelas.com.ar\/sitio\/wp-json\/wp\/v2\/posts"}],"about":[{"href":"https:\/\/vocesparalelas.com.ar\/sitio\/wp-json\/wp\/v2\/types\/post"}],"author":[{"embeddable":true,"href":"https:\/\/vocesparalelas.com.ar\/sitio\/wp-json\/wp\/v2\/users\/3"}],"replies":[{"embeddable":true,"href":"https:\/\/vocesparalelas.com.ar\/sitio\/wp-json\/wp\/v2\/comments?post=74362"}],"version-history":[{"count":3,"href":"https:\/\/vocesparalelas.com.ar\/sitio\/wp-json\/wp\/v2\/posts\/74362\/revisions"}],"predecessor-version":[{"id":74372,"href":"https:\/\/vocesparalelas.com.ar\/sitio\/wp-json\/wp\/v2\/posts\/74362\/revisions\/74372"}],"wp:featuredmedia":[{"embeddable":true,"href":"https:\/\/vocesparalelas.com.ar\/sitio\/wp-json\/wp\/v2\/media\/74381"}],"wp:attachment":[{"href":"https:\/\/vocesparalelas.com.ar\/sitio\/wp-json\/wp\/v2\/media?parent=74362"}],"wp:term":[{"taxonomy":"category","embeddable":true,"href":"https:\/\/vocesparalelas.com.ar\/sitio\/wp-json\/wp\/v2\/categories?post=74362"},{"taxonomy":"post_tag","embeddable":true,"href":"https:\/\/vocesparalelas.com.ar\/sitio\/wp-json\/wp\/v2\/tags?post=74362"}],"curies":[{"name":"wp","href":"https:\/\/api.w.org\/{rel}","templated":true}]}}