{"id":74357,"date":"2024-07-04T18:39:37","date_gmt":"2024-07-04T21:39:37","guid":{"rendered":"https:\/\/vocesparalelas.com.ar\/sitio\/?p=74357"},"modified":"2024-07-05T21:09:35","modified_gmt":"2024-07-06T00:09:35","slug":"gala-de-la-independencia-en-san-juan-a-puro-tango-y-el-folklore-de-argentina-en-el-auditorio-ing-juan-victoria","status":"publish","type":"post","link":"https:\/\/vocesparalelas.com.ar\/sitio\/gala-de-la-independencia-en-san-juan-a-puro-tango-y-el-folklore-de-argentina-en-el-auditorio-ing-juan-victoria\/","title":{"rendered":"Gala de la Independencia en San Juan a puro tango y el folklore de Argentina en el Auditorio Ing. Juan Victoria"},"content":{"rendered":"<p>El Ministerio de Turismo, Cultura y Deporte del Gobierno de San Juan invita al p\u00fablico al concierto de la Gala Patria en conmemoraci\u00f3n del 208\u00b0 Aniversario de la Independencia Argentina.<\/p>\n<p>El repertorio de este espect\u00e1culo incluye obras de Piazzolla, Gardel-Lepera, Stampone, Rosendo, Castellanos y Ginastera. Se trata de tango y folklore sinf\u00f3nico con arreglos a cargo de Alberto Velasco. A esto se suma que Esteban Calder\u00f3n, maestro del bandone\u00f3n, ser\u00e1 el solista invitado.<\/p>\n<p>Tambi\u00e9n est\u00e1 invitado el destacado director Cesar Lara, una de las personalidades m\u00e1s relevantes del medio musical. Es el actual director de la Orquesta Filarm\u00f3nica de Mendoza. Fue director Titular de la reconocida Orquesta Sinf\u00f3nica \u201cSim\u00f3n Bol\u00edvar\u201d.<\/p>\n<p><span style=\"color: #0000ff;\"><strong>Invitaciones<\/strong><\/span><\/p>\n<p>Se pueden retirarse el Viernes, 5 de Julio, desde las 11 Hs.; en la boleter\u00eda del Auditorio Juan Victoria. Se entregan dos por persona.<\/p>\n<p>&nbsp;<\/p>\n<p><img loading=\"lazy\" decoding=\"async\" class=\"alignnone size-full wp-image-61468\" src=\"https:\/\/vocesparalelas.com.ar\/sitio\/wp-content\/uploads\/2023\/07\/AUDITORIO-EDIFICIO.jpg\" alt=\"\" width=\"800\" height=\"533\" srcset=\"https:\/\/vocesparalelas.com.ar\/sitio\/wp-content\/uploads\/2023\/07\/AUDITORIO-EDIFICIO.jpg 800w, https:\/\/vocesparalelas.com.ar\/sitio\/wp-content\/uploads\/2023\/07\/AUDITORIO-EDIFICIO-300x200.jpg 300w, https:\/\/vocesparalelas.com.ar\/sitio\/wp-content\/uploads\/2023\/07\/AUDITORIO-EDIFICIO-768x512.jpg 768w\" sizes=\"auto, (max-width: 800px) 100vw, 800px\" \/><\/p>\n","protected":false},"excerpt":{"rendered":"<p>El Ministerio de Turismo, Cultura y Deporte del Gobierno de San Juan invita al p\u00fablico al concierto de la Gala<\/p>\n","protected":false},"author":3,"featured_media":74360,"comment_status":"closed","ping_status":"closed","sticky":false,"template":"","format":"standard","meta":{"_acf_changed":false,"_seopress_robots_primary_cat":"none","_seopress_titles_title":"","_seopress_titles_desc":"","_seopress_robots_index":"","colormag_page_container_layout":"default_layout","colormag_page_sidebar_layout":"default_layout","footnotes":""},"categories":[6],"tags":[],"class_list":["post-74357","post","type-post","status-publish","format-standard","has-post-thumbnail","hentry","category-eventos"],"acf":[],"_links":{"self":[{"href":"https:\/\/vocesparalelas.com.ar\/sitio\/wp-json\/wp\/v2\/posts\/74357","targetHints":{"allow":["GET"]}}],"collection":[{"href":"https:\/\/vocesparalelas.com.ar\/sitio\/wp-json\/wp\/v2\/posts"}],"about":[{"href":"https:\/\/vocesparalelas.com.ar\/sitio\/wp-json\/wp\/v2\/types\/post"}],"author":[{"embeddable":true,"href":"https:\/\/vocesparalelas.com.ar\/sitio\/wp-json\/wp\/v2\/users\/3"}],"replies":[{"embeddable":true,"href":"https:\/\/vocesparalelas.com.ar\/sitio\/wp-json\/wp\/v2\/comments?post=74357"}],"version-history":[{"count":1,"href":"https:\/\/vocesparalelas.com.ar\/sitio\/wp-json\/wp\/v2\/posts\/74357\/revisions"}],"predecessor-version":[{"id":74361,"href":"https:\/\/vocesparalelas.com.ar\/sitio\/wp-json\/wp\/v2\/posts\/74357\/revisions\/74361"}],"wp:featuredmedia":[{"embeddable":true,"href":"https:\/\/vocesparalelas.com.ar\/sitio\/wp-json\/wp\/v2\/media\/74360"}],"wp:attachment":[{"href":"https:\/\/vocesparalelas.com.ar\/sitio\/wp-json\/wp\/v2\/media?parent=74357"}],"wp:term":[{"taxonomy":"category","embeddable":true,"href":"https:\/\/vocesparalelas.com.ar\/sitio\/wp-json\/wp\/v2\/categories?post=74357"},{"taxonomy":"post_tag","embeddable":true,"href":"https:\/\/vocesparalelas.com.ar\/sitio\/wp-json\/wp\/v2\/tags?post=74357"}],"curies":[{"name":"wp","href":"https:\/\/api.w.org\/{rel}","templated":true}]}}