{"id":74332,"date":"2024-07-03T20:08:45","date_gmt":"2024-07-03T23:08:45","guid":{"rendered":"https:\/\/vocesparalelas.com.ar\/sitio\/?p=74332"},"modified":"2024-07-04T23:37:44","modified_gmt":"2024-07-05T02:37:44","slug":"firma-de-convenio-para-fortalecer-la-practica-del-deporte-en-san-juan","status":"publish","type":"post","link":"https:\/\/vocesparalelas.com.ar\/sitio\/firma-de-convenio-para-fortalecer-la-practica-del-deporte-en-san-juan\/","title":{"rendered":"Firma de convenio para fortalecer la pr\u00e1ctica del Deporte en San Juan"},"content":{"rendered":"<p>La Universidad Nacional de San Juan y la Secretar\u00eda de Deportes del Gobierno de San Juan firmaron un Acta complementaria en el sexto piso del Edificio Central de la UNSJ.<\/p>\n<p><img loading=\"lazy\" decoding=\"async\" class=\"alignnone size-full wp-image-74336\" src=\"https:\/\/vocesparalelas.com.ar\/sitio\/wp-content\/uploads\/2024\/07\/UNSJ-DEPORTE-COMPETENCIA.jpg\" alt=\"\" width=\"800\" height=\"450\" srcset=\"https:\/\/vocesparalelas.com.ar\/sitio\/wp-content\/uploads\/2024\/07\/UNSJ-DEPORTE-COMPETENCIA.jpg 800w, https:\/\/vocesparalelas.com.ar\/sitio\/wp-content\/uploads\/2024\/07\/UNSJ-DEPORTE-COMPETENCIA-300x169.jpg 300w, https:\/\/vocesparalelas.com.ar\/sitio\/wp-content\/uploads\/2024\/07\/UNSJ-DEPORTE-COMPETENCIA-768x432.jpg 768w\" sizes=\"auto, (max-width: 800px) 100vw, 800px\" \/><\/p>\n<p>En la ocasi\u00f3n, esta Universidad, a trav\u00e9s del rector Ing. Tadeo Berenguer y del secretario de Bienestar Universitario Dr. Lucas Molina Rojo, suscribi\u00f3 junto al secretario de Deportes del Ministerio de Turismo, Deporte y Cultura del Gobierno de San Juan, Dr. Pablo Tabachnik, el Acta que tiene como objetivo, entre varios puntos, la promoci\u00f3n conjunta en la comunidad de actividades deportivas y el intercambio de conocimientos y experiencias en materia de gesti\u00f3n deportiva. Tambi\u00e9n, se brindan apoyo log\u00edstico y t\u00e9cnico para realizar eventos deportivos, capacitaciones y toda actividad referida al deporte.<\/p>\n<p>El Acta suscripta corresponde a un Convenio de Asistencia y Cooperaci\u00f3n entre la UNSJ y el Gobierno de San Juan,\u00a0 que data de 1988.<\/p>\n<p>Por ello, Voces Paralelas desarroll\u00f3 una entrevista period\u00edstica al Secretario de Bienestar Universitario de la UNSJ, Dr. Lucas Molina Rojo, quien describi\u00f3 la importancia del Acta suscripta para las instituciones comprometidas para fortalecer la pr\u00e1ctica del Deporte en San Juan.<\/p>\n<p><iframe loading=\"lazy\" title=\"UNSJ DEPORTE DR LUCAS MOLINA\" width=\"800\" height=\"450\" src=\"https:\/\/www.youtube.com\/embed\/YMEYMFU0kY4?feature=oembed\" frameborder=\"0\" allow=\"accelerometer; autoplay; clipboard-write; encrypted-media; gyroscope; picture-in-picture; web-share\" referrerpolicy=\"strict-origin-when-cross-origin\" allowfullscreen><\/iframe><\/p>\n<p>&nbsp;<\/p>\n<p><img loading=\"lazy\" decoding=\"async\" class=\"alignnone size-large wp-image-6496\" src=\"https:\/\/vocesparalelas.com.ar\/sitio\/wp-content\/uploads\/2017\/10\/EL-PALOMAR-16-800x450.jpg\" alt=\"\" width=\"800\" height=\"450\" srcset=\"https:\/\/vocesparalelas.com.ar\/sitio\/wp-content\/uploads\/2017\/10\/EL-PALOMAR-16-800x450.jpg 800w, https:\/\/vocesparalelas.com.ar\/sitio\/wp-content\/uploads\/2017\/10\/EL-PALOMAR-16-300x169.jpg 300w, https:\/\/vocesparalelas.com.ar\/sitio\/wp-content\/uploads\/2017\/10\/EL-PALOMAR-16-768x432.jpg 768w, https:\/\/vocesparalelas.com.ar\/sitio\/wp-content\/uploads\/2017\/10\/EL-PALOMAR-16.jpg 1024w\" sizes=\"auto, (max-width: 800px) 100vw, 800px\" \/><\/p>\n","protected":false},"excerpt":{"rendered":"<p>La Universidad Nacional de San Juan y la Secretar\u00eda de Deportes del Gobierno de San Juan firmaron un Acta complementaria<\/p>\n","protected":false},"author":3,"featured_media":74337,"comment_status":"closed","ping_status":"closed","sticky":false,"template":"","format":"standard","meta":{"_acf_changed":false,"_seopress_robots_primary_cat":"none","_seopress_titles_title":"","_seopress_titles_desc":"","_seopress_robots_index":"","colormag_page_container_layout":"default_layout","colormag_page_sidebar_layout":"default_layout","footnotes":""},"categories":[2,7],"tags":[],"class_list":["post-74332","post","type-post","status-publish","format-standard","has-post-thumbnail","hentry","category-convocatorias","category-videos"],"acf":[],"_links":{"self":[{"href":"https:\/\/vocesparalelas.com.ar\/sitio\/wp-json\/wp\/v2\/posts\/74332","targetHints":{"allow":["GET"]}}],"collection":[{"href":"https:\/\/vocesparalelas.com.ar\/sitio\/wp-json\/wp\/v2\/posts"}],"about":[{"href":"https:\/\/vocesparalelas.com.ar\/sitio\/wp-json\/wp\/v2\/types\/post"}],"author":[{"embeddable":true,"href":"https:\/\/vocesparalelas.com.ar\/sitio\/wp-json\/wp\/v2\/users\/3"}],"replies":[{"embeddable":true,"href":"https:\/\/vocesparalelas.com.ar\/sitio\/wp-json\/wp\/v2\/comments?post=74332"}],"version-history":[{"count":1,"href":"https:\/\/vocesparalelas.com.ar\/sitio\/wp-json\/wp\/v2\/posts\/74332\/revisions"}],"predecessor-version":[{"id":74338,"href":"https:\/\/vocesparalelas.com.ar\/sitio\/wp-json\/wp\/v2\/posts\/74332\/revisions\/74338"}],"wp:featuredmedia":[{"embeddable":true,"href":"https:\/\/vocesparalelas.com.ar\/sitio\/wp-json\/wp\/v2\/media\/74337"}],"wp:attachment":[{"href":"https:\/\/vocesparalelas.com.ar\/sitio\/wp-json\/wp\/v2\/media?parent=74332"}],"wp:term":[{"taxonomy":"category","embeddable":true,"href":"https:\/\/vocesparalelas.com.ar\/sitio\/wp-json\/wp\/v2\/categories?post=74332"},{"taxonomy":"post_tag","embeddable":true,"href":"https:\/\/vocesparalelas.com.ar\/sitio\/wp-json\/wp\/v2\/tags?post=74332"}],"curies":[{"name":"wp","href":"https:\/\/api.w.org\/{rel}","templated":true}]}}