{"id":74178,"date":"2024-06-28T20:27:04","date_gmt":"2024-06-28T23:27:04","guid":{"rendered":"https:\/\/vocesparalelas.com.ar\/sitio\/?p=74178"},"modified":"2024-06-28T23:36:58","modified_gmt":"2024-06-29T02:36:58","slug":"ganadores-del-concurso-ingenieria-verde-de-la-fi-de-la-unsj-2","status":"publish","type":"post","link":"https:\/\/vocesparalelas.com.ar\/sitio\/ganadores-del-concurso-ingenieria-verde-de-la-fi-de-la-unsj-2\/","title":{"rendered":"Ganadores del Concurso \u00abIngenier\u00eda Verde\u00bb de la FI de la UNSJ"},"content":{"rendered":"<p>Ingenier\u00eda Verde es un concurso de proyectos de tecnolog\u00eda e innovaci\u00f3n organizado por la Fundaci\u00f3n Lundin, el Proyecto Josemar\u00eda y la Universidad Nacional de San Juan.<\/p>\n<p>Este jueves 27 de junio se presentaron a los cinco grupos ganadores del concurso y tuvieron la oportunidad de comentar el alcance de sus proyectos y los objetivos a futuro que les permitir\u00e1 cumplir este premio.<\/p>\n<p>El premio busca impulsar el desarrollo de iniciativas de sostenibilidad ambiental, tecnol\u00f3gica y de innovaci\u00f3n de estudiantes y graduados de la UNSJ para que sean protagonistas de una transformaci\u00f3n positiva de su entorno.<\/p>\n<p>La Dra. Andrea D\u00edaz, vicedecana de la Facultad de Ingenier\u00eda, indic\u00f3 que observan constantemente c\u00f3mo los estudiantes avanzados y egresados tienen una gran capacidad de ser sus propias empresas y emprendedores: \u201cMe parece que ese es el objetivo principal que tenemos como Facultad de formar profesionales independientes, con una gran capacidad de hacer, de ser y de comprometerse con nuestra provincia\u201d.<\/p>\n<p>Adem\u00e1s, agradeci\u00f3 a Jos\u00e9 Mar\u00eda y la Fundaci\u00f3n Lundin por la confianza y el apoyo desde el sector privado. \u201cHoy vemos con gran expectativa la miner\u00eda como una fuente realmente econ\u00f3mica de trabajo y tambi\u00e9n un espacio para poder crecer en nuestras investigaciones\u201d, indic\u00f3 la Dra. D\u00edaz.<\/p>\n<p>Posteriormente, el Dr. Eric Laciar, secretario de Ciencia y T\u00e9cnica de la UNSJ, indic\u00f3 que \u00abla Facultad es una usina de ideas, pero a veces se necesita apoyo econ\u00f3mico de instituciones. Por eso agradecemos esta convocatoria. Adem\u00e1s, felicitamos especialmente a quienes participaron por sus excelentes proyectos y al jurado por la ardua tarea que tuvieron para elegir a los ganadores\u201d.<\/p>\n<p><strong><span style=\"color: #339966;\">Proyectos Ganadores<\/span><\/strong><\/p>\n<p><span style=\"color: #339966;\"><strong>Proyecto Colector Solar Compacto<\/strong><\/span><\/p>\n<p>Mart\u00edn Samam\u00e9, ingeniero electr\u00f3nico e integrante del proyecto, explic\u00f3 que busca proveer un dispositivo que produzca agua caliente sanitaria gratis, con energ\u00eda 100% limpia, energ\u00eda solar: \u201cEl equipo va a poseer un dise\u00f1o robusto y compacto, con una integraci\u00f3n arquitect\u00f3nica. Vamos a contar con instaladores propios para asegurar algunas pr\u00e1cticas del equipo y el correcto funcionamiento. Adem\u00e1s, los insumos para lograr la fabricaci\u00f3n de este producto van a ser producidos por la industria nacional, no es necesario importar nada. Y la parte innovadora del producto consiste en que la placa colectora y el tanque de almacenamiento van a estar integrados en una sola pieza. Esto conlleva a una transmisi\u00f3n energ\u00e9tica mucho m\u00e1s eficiente y a una disminuci\u00f3n en los costos de fabricaci\u00f3n\u201d.<\/p>\n<p><span style=\"color: #339966;\"><strong>Proyecto Premezcla<\/strong><\/span><\/p>\n<p>Paula Fabani, ingeniera en alimentos, coment\u00f3 que buscaron transformar los productos de segunda calidad, las legumbres, que no tienen un aprovechamiento actual: \u201cAs\u00ed pensamos alternativas y concluimos que para responder a una demanda de alimentos sin TACC, sin gluten y m\u00e1s saludables, pod\u00edamos producir una premezcla para realizar galletas, budines, panes, etc, con legumbres aut\u00f3ctonas\u201d. Adem\u00e1s, proponen envases reutilizables y un medidor fabricado con tecnolog\u00eda 3D.<\/p>\n<p><span style=\"color: #339966;\"><strong>Oxitem<\/strong><\/span><\/p>\n<p>Mauricio Sanguedolce, estudiante avanzado de Ingenier\u00eda Electr\u00f3nica, habl\u00f3 sobre el proyecto que consiste en fabricar sensores que miden diferentes par\u00e1metros de la tierra como es la humedad y el PH, para con esa informaci\u00f3n crear estrategias que hagan m\u00e1s eficientes la producci\u00f3n de cultivos: \u201cBuscamos armar un prototipo definitivo para brindar un sistema que d\u00e9 soluciones reales\u201d.<\/p>\n<p><span style=\"color: #339966;\"><strong>Fungi 2.0<\/strong><\/span><\/p>\n<p>Constanza Millan, ingeniera industrial, fue la encargada de presentar este proyecto y explic\u00f3 que la problem\u00e1tica que abordaron fue el desempleo, la malnutrici\u00f3n y la pobreza en las zonas rurales: \u201cNosotras proponemos implementar y desarrollar un bioproceso que es la fermentaci\u00f3n en estado s\u00f3lido para generar una nueva cadena productiva que sea sostenible y que proporcione un triple impacto. Esto se basa en el crecimiento de un agente biol\u00f3gico como lo son los hongos comestibles en desechos como el orujo de uva\u201d.<\/p>\n<p><span style=\"color: #339966;\"><strong>Ecoluci\u00f3n<\/strong><\/span><\/p>\n<p>Agust\u00edn S\u00e1nchez, ingeniero industrial, expuso que este proyecto recicla el caucho y lo convierte en baldosas de alto impacto, resistentes y antideslizantes para mitigar el impacto ambiental de este material: \u201cEs muy noble y nuestro prop\u00f3sito es concientizar desde lo ecol\u00f3gico con un material que tarda en degradarse hasta mil a\u00f1os. Lo que esperamos con este premio es metodizar e incorporar procesos en nuestro proyecto, adem\u00e1s queremos certificar algunas normas y mejorara nuestra propuesta en cuanto al marketing y la comercializaci\u00f3n\u201d.<\/p>\n<p>&nbsp;<\/p>\n<p><img loading=\"lazy\" decoding=\"async\" class=\"alignnone size-full wp-image-60280\" src=\"https:\/\/vocesparalelas.com.ar\/sitio\/wp-content\/uploads\/2023\/06\/FI-UNSJ-FRENTE.jpg\" alt=\"\" width=\"800\" height=\"600\" srcset=\"https:\/\/vocesparalelas.com.ar\/sitio\/wp-content\/uploads\/2023\/06\/FI-UNSJ-FRENTE.jpg 800w, https:\/\/vocesparalelas.com.ar\/sitio\/wp-content\/uploads\/2023\/06\/FI-UNSJ-FRENTE-300x225.jpg 300w, https:\/\/vocesparalelas.com.ar\/sitio\/wp-content\/uploads\/2023\/06\/FI-UNSJ-FRENTE-768x576.jpg 768w\" sizes=\"auto, (max-width: 800px) 100vw, 800px\" \/><\/p>\n","protected":false},"excerpt":{"rendered":"<p>Ingenier\u00eda Verde es un concurso de proyectos de tecnolog\u00eda e innovaci\u00f3n organizado por la Fundaci\u00f3n Lundin, el Proyecto Josemar\u00eda y<\/p>\n","protected":false},"author":3,"featured_media":74181,"comment_status":"closed","ping_status":"closed","sticky":false,"template":"","format":"standard","meta":{"_acf_changed":false,"_seopress_robots_primary_cat":"none","_seopress_titles_title":"","_seopress_titles_desc":"","_seopress_robots_index":"","colormag_page_container_layout":"default_layout","colormag_page_sidebar_layout":"default_layout","footnotes":""},"categories":[8],"tags":[],"class_list":["post-74178","post","type-post","status-publish","format-standard","has-post-thumbnail","hentry","category-concursos"],"acf":[],"_links":{"self":[{"href":"https:\/\/vocesparalelas.com.ar\/sitio\/wp-json\/wp\/v2\/posts\/74178","targetHints":{"allow":["GET"]}}],"collection":[{"href":"https:\/\/vocesparalelas.com.ar\/sitio\/wp-json\/wp\/v2\/posts"}],"about":[{"href":"https:\/\/vocesparalelas.com.ar\/sitio\/wp-json\/wp\/v2\/types\/post"}],"author":[{"embeddable":true,"href":"https:\/\/vocesparalelas.com.ar\/sitio\/wp-json\/wp\/v2\/users\/3"}],"replies":[{"embeddable":true,"href":"https:\/\/vocesparalelas.com.ar\/sitio\/wp-json\/wp\/v2\/comments?post=74178"}],"version-history":[{"count":1,"href":"https:\/\/vocesparalelas.com.ar\/sitio\/wp-json\/wp\/v2\/posts\/74178\/revisions"}],"predecessor-version":[{"id":74182,"href":"https:\/\/vocesparalelas.com.ar\/sitio\/wp-json\/wp\/v2\/posts\/74178\/revisions\/74182"}],"wp:featuredmedia":[{"embeddable":true,"href":"https:\/\/vocesparalelas.com.ar\/sitio\/wp-json\/wp\/v2\/media\/74181"}],"wp:attachment":[{"href":"https:\/\/vocesparalelas.com.ar\/sitio\/wp-json\/wp\/v2\/media?parent=74178"}],"wp:term":[{"taxonomy":"category","embeddable":true,"href":"https:\/\/vocesparalelas.com.ar\/sitio\/wp-json\/wp\/v2\/categories?post=74178"},{"taxonomy":"post_tag","embeddable":true,"href":"https:\/\/vocesparalelas.com.ar\/sitio\/wp-json\/wp\/v2\/tags?post=74178"}],"curies":[{"name":"wp","href":"https:\/\/api.w.org\/{rel}","templated":true}]}}