{"id":74161,"date":"2024-06-28T13:13:02","date_gmt":"2024-06-28T16:13:02","guid":{"rendered":"https:\/\/vocesparalelas.com.ar\/sitio\/?p=74161"},"modified":"2024-06-28T23:39:16","modified_gmt":"2024-06-29T02:39:16","slug":"el-consejo-de-obras-y-servicios-sociales-provinciales-de-la-republica-argentina-sesiono-en-san-juan","status":"publish","type":"post","link":"https:\/\/vocesparalelas.com.ar\/sitio\/el-consejo-de-obras-y-servicios-sociales-provinciales-de-la-republica-argentina-sesiono-en-san-juan\/","title":{"rendered":"El Consejo de Obras y Servicios Sociales Provinciales de la Rep\u00fablica Argentina sesion\u00f3 en San Juan"},"content":{"rendered":"<p>Los integrantes del Consejo de Obras y Servicios Sociales Provinciales de la Rep\u00fablica Argentina estuvieron en nuestra provincia para tratar diversos temas que involucran a las obras sociales del pa\u00eds.<\/p>\n<p>El mi\u00e9rcoles 27 de junio, se llev\u00f3 a cabo la reuni\u00f3n de la Junta Ejecutiva de C.O.S.S.P.R.A. en la sede de la Obra Social de San Juan (OSP). En esta ocasi\u00f3n estuvieron presentes los representantes de las Obras sociales de las provincias de Misiones, Jujuy, Mendoza, Tierra del Fuego, Santiago del Estero, La Rioja, Salta, San Juan y San Luis.<\/p>\n<p>El presidente de COSSPRA, Dr. Carlos Funes, celebr\u00f3 que el encuentro se realizara en San Juan, y luego de agradecer al anfitri\u00f3n e interventor de Obra Social Provincia, Dr. Rodolfo Fasoli, se\u00f1al\u00f3 la relevancia de \u201creunirnos en otros lugares, palpar la realidad de cada provincia y federalizar la mirada del COSSPRA\u201d.<\/p>\n<p><span style=\"color: #339966;\"><strong>Orden del d\u00eda<\/strong><\/span><\/p>\n<ol>\n<li><span style=\"color: #339966;\"><strong>Congreso \u2013 Estado de situaci\u00f3n y avances<\/strong>:<\/span> Se present\u00f3 un detallado informe sobre el estado actual y los avances logrados en la organizaci\u00f3n del pr\u00f3ximo congreso.<\/li>\n<li><span style=\"color: #339966;\"><strong>Convenio de biolog\u00eda molecular<\/strong>:<\/span> Se discutieron los t\u00e9rminos y beneficios del convenio, subrayando su impacto positivo en el \u00e1mbito de la salud.<\/li>\n<li><span style=\"color: #339966;\"><strong>Disminuci\u00f3n de aportes<\/strong>:<\/span> Se analizaron propuestas y estrategias para la reducci\u00f3n de aportes, buscando optimizar los recursos disponibles.<\/li>\n<li><span style=\"color: #339966;\"><strong>Breve resumen de avances en reciprocidad<\/strong>:<\/span> Se ofreci\u00f3 un resumen conciso sobre los progresos alcanzados en materia de reciprocidad entre las distintas obras sociales.<\/li>\n<li><span style=\"color: #339966;\"><strong>Observatorio de Medicamentos de alto costo \u2013 Listado inicial<\/strong>:<\/span> Se present\u00f3 el listado inicial de medicamentos de alto costo, destacando su relevancia para el seguimiento y control.<\/li>\n<li><span style=\"color: #339966;\"><strong>Canasta B\u00e1sica de Precios NOA \u2013 Presenta Santiago del Estero<\/strong>:<\/span> Santiago del Estero expuso la actualizaci\u00f3n de la canasta b\u00e1sica de precios para la regi\u00f3n NOA, resaltando las variaciones y ajustes recientes.<\/li>\n<li><span style=\"color: #339966;\"><strong>Proyecto de fidelizaci\u00f3n de prestadores (DOS \u2013 San Juan) \u2013 Datos preliminares<\/strong>:<\/span> Se dieron a conocer los datos preliminares del proyecto de fidelizaci\u00f3n de prestadores, impulsado por la OSP \u00a0de San Juan.<\/li>\n<\/ol>\n<p>En este sentido, el Dr. Rodolfo Fasoli brind\u00f3 los datos preliminares del Proyecto de Fidelizaci\u00f3n de Obra Social Provincia, que parte de una decisi\u00f3n del gobierno provincial de eliminar en forma completa el copago a los pacientes para toda prestaci\u00f3n, con el objetivo de optimizar los recursos y evitar el desfinanciamiento de la OSP. El mecanismo de implementaci\u00f3n parte del compromiso de los profesionales de sostener una conducta prestacional obligatoria.<\/p>\n<p>La reuni\u00f3n fue calificada como muy productiva por los asistentes, permitiendo avanzar en diversos proyectos y fortalecer la cooperaci\u00f3n entre las distintas obras sociales integrantes de C.O.S.S.P.R.A.<\/p>\n<p>&nbsp;<\/p>\n<p><img loading=\"lazy\" decoding=\"async\" class=\"alignnone size-large wp-image-10321\" src=\"https:\/\/vocesparalelas.com.ar\/sitio\/wp-content\/uploads\/2018\/02\/OSP-EDIFICIO-10-800x534.jpg\" alt=\"\" width=\"800\" height=\"534\" srcset=\"https:\/\/vocesparalelas.com.ar\/sitio\/wp-content\/uploads\/2018\/02\/OSP-EDIFICIO-10-800x534.jpg 800w, https:\/\/vocesparalelas.com.ar\/sitio\/wp-content\/uploads\/2018\/02\/OSP-EDIFICIO-10-300x200.jpg 300w, https:\/\/vocesparalelas.com.ar\/sitio\/wp-content\/uploads\/2018\/02\/OSP-EDIFICIO-10-768x512.jpg 768w, https:\/\/vocesparalelas.com.ar\/sitio\/wp-content\/uploads\/2018\/02\/OSP-EDIFICIO-10.jpg 1000w\" sizes=\"auto, (max-width: 800px) 100vw, 800px\" \/><\/p>\n","protected":false},"excerpt":{"rendered":"<p>Los integrantes del Consejo de Obras y Servicios Sociales Provinciales de la Rep\u00fablica Argentina estuvieron en nuestra provincia para tratar<\/p>\n","protected":false},"author":3,"featured_media":74164,"comment_status":"closed","ping_status":"closed","sticky":false,"template":"","format":"standard","meta":{"_acf_changed":false,"_seopress_robots_primary_cat":"none","_seopress_titles_title":"","_seopress_titles_desc":"","_seopress_robots_index":"","colormag_page_container_layout":"default_layout","colormag_page_sidebar_layout":"default_layout","footnotes":""},"categories":[2],"tags":[],"class_list":["post-74161","post","type-post","status-publish","format-standard","has-post-thumbnail","hentry","category-convocatorias"],"acf":[],"_links":{"self":[{"href":"https:\/\/vocesparalelas.com.ar\/sitio\/wp-json\/wp\/v2\/posts\/74161","targetHints":{"allow":["GET"]}}],"collection":[{"href":"https:\/\/vocesparalelas.com.ar\/sitio\/wp-json\/wp\/v2\/posts"}],"about":[{"href":"https:\/\/vocesparalelas.com.ar\/sitio\/wp-json\/wp\/v2\/types\/post"}],"author":[{"embeddable":true,"href":"https:\/\/vocesparalelas.com.ar\/sitio\/wp-json\/wp\/v2\/users\/3"}],"replies":[{"embeddable":true,"href":"https:\/\/vocesparalelas.com.ar\/sitio\/wp-json\/wp\/v2\/comments?post=74161"}],"version-history":[{"count":1,"href":"https:\/\/vocesparalelas.com.ar\/sitio\/wp-json\/wp\/v2\/posts\/74161\/revisions"}],"predecessor-version":[{"id":74165,"href":"https:\/\/vocesparalelas.com.ar\/sitio\/wp-json\/wp\/v2\/posts\/74161\/revisions\/74165"}],"wp:featuredmedia":[{"embeddable":true,"href":"https:\/\/vocesparalelas.com.ar\/sitio\/wp-json\/wp\/v2\/media\/74164"}],"wp:attachment":[{"href":"https:\/\/vocesparalelas.com.ar\/sitio\/wp-json\/wp\/v2\/media?parent=74161"}],"wp:term":[{"taxonomy":"category","embeddable":true,"href":"https:\/\/vocesparalelas.com.ar\/sitio\/wp-json\/wp\/v2\/categories?post=74161"},{"taxonomy":"post_tag","embeddable":true,"href":"https:\/\/vocesparalelas.com.ar\/sitio\/wp-json\/wp\/v2\/tags?post=74161"}],"curies":[{"name":"wp","href":"https:\/\/api.w.org\/{rel}","templated":true}]}}