{"id":74123,"date":"2024-06-27T21:35:41","date_gmt":"2024-06-28T00:35:41","guid":{"rendered":"https:\/\/vocesparalelas.com.ar\/sitio\/?p=74123"},"modified":"2024-06-27T22:48:06","modified_gmt":"2024-06-28T01:48:06","slug":"3-fecha-del-campeonato-argentino-de-rally-raid-2024-en-san-juan","status":"publish","type":"post","link":"https:\/\/vocesparalelas.com.ar\/sitio\/3-fecha-del-campeonato-argentino-de-rally-raid-2024-en-san-juan\/","title":{"rendered":"3\u00b0 Fecha del Campeonato argentino de Rally Raid 2024 en San Juan"},"content":{"rendered":"<p>En la sala de prensa Dante Pantuso del Estadio Dr. Aldo Cantoni, se present\u00f3 la tercera fecha del Campeonato argentino de Rally Raid. Con campamento Vivac en el Circuito San Juan Villicum y con ingreso libre y gratuito Viernes y S\u00e1bado hasta las 23 hs. El Domingo hay un Super Prime final en zona de Kart\u00f3dromo Albard\u00f3n, a las 13 horas.<\/p>\n<p>La prueba tiene car\u00e1cter internacional ya que, adem\u00e1s de las tripulaciones argentinas, corren pilotos de Chile, Uruguay, Paraguay y Colombia, registr\u00e1ndose \u2013hasta el momento- 77 inscriptos. Son 490 km de pruebas especiales y 180 km de enlaces, transitando diferentes tipos de terrenos: arena, ripio, fesh, r\u00edos secos, caminos y salinas.<\/p>\n<p>En la presentaci\u00f3n ante la prensa, autoridades de la Secretar\u00eda de Deporte, Municipalidad de la Capital y organizadores, brindaron detalles.<\/p>\n<p>Juan Pablo Sisterna, titular del Canav y de la Asociaci\u00f3n Argentina de Rally Raid explic\u00f3 que \u00abestamos en San Juan, en nuestra casa, muy contentos de sentirnos como nos queremos sentir y demostrar a todo el pa\u00eds y gran parte de Sudam\u00e9rica que San Juan siempre est\u00e1 en los primeros planos a nivel deportivo y que hoy, gracias al Ministerio de Turismo, Cultura y Deporte, podemos demostrar que estamos listos para un gran evento nacional e internacional\u00bb.<\/p>\n<p>\u00abAgradezco al ministro Guido Romero que nos abri\u00f3 la puerta para transitar un nuevo camino y poder mostrar San Juan, no solamente con el Canav, sino con otros eventos deportivos. Tambi\u00e9n nuestro agradecimiento a Eduardo Cerimedo, con quien hemos trabajado intensamente durante tres meses.<\/p>\n<p>La Municipalidad de la Capital tambi\u00e9n nos ha recibido muy bien, ha cre\u00eddo en el evento y por primera vez el Canav, con 12 a\u00f1os de actividad, va a tener una largada simb\u00f3lica en la puerta de la Municipalidad y que nos permitir\u00e1 tener un contacto muy cercano con todos los capitalinos.<\/p>\n<p>La invitaci\u00f3n es para el Viernes en la largada y para que el p\u00fablico nos acompa\u00f1e en los distintos lugares por donde se desarrolla la carrera. Ya est\u00e1n llegando los equipos al Circuito San Juan Villicum y eso es para destacar, poder contar con las instalaciones de primer nivel y quienes concurran podr\u00e1n disfrutar de ellas, al igual que de los food track, durante los tres d\u00edas y el ingreso en forma gratuita\u201d.<\/p>\n<p>El ingeniero\u00a0C\u00e9sar Aguilar, representando a la Municipalidad de la Capital, se refiri\u00f3 al evento que vive San Juan: \u201cAgradecer a Eduardo Cerimedo y a trav\u00e9s de \u00e9l, al ministro Guido Romero, que nos dio la posibilidad de poder disfrutar de este evento tan importante y darle la posibilidad a los ciudadanos de Capital que lo disfruten, de estar cerca de los pilotos y las m\u00e1quinas y que vivan una sensaci\u00f3n nueva que no lo puede vivir muchas veces.\u00a0Desearles en nombre de la intendente Dra. Susana Laciar\u00a0que disfruten de este gran acontecimiento porque es realmente importante\u201d.<\/p>\n<p>El\u00a0subsecretario de Alto Rendimiento de la Secretar\u00eda de Deporte, Eduardo Cerimedo, hizo referencia a la presentaci\u00f3n del Rally Raid argentino en San Juan. \u201cTransmitirles el saludo del gobernador Marcelo Orrego\u00a0y del\u00a0ministro Guido Romero, que est\u00e1n siguiendo el desarrollo de este evento.<\/p>\n<p>Hemos trabajado mucho, con lindas charlas, pensando en estas jornadas que se avecinan. El agradecimiento a\u00a0Rodolfo Pizarro, director de deportes de la Municipalidad, C\u00e9sar Aguilar y a la intendente Susana Laciar, ya que ha sido un trabajo en conjunto del Ministerio, la Secretar\u00eda y el Municipio junto a los organizadores de la carrera.<\/p>\n<p>Sabemos la pasi\u00f3n que hay en los sanjuaninos por el mundo motor, que sin dudas van a acompa\u00f1ar a la categor\u00eda y debo destacar que esto de hacer la largada desde el Municipio de la Capital fue una linda idea que tuvo aceptaci\u00f3n y ayuda por su parte para llevarlo adelante, invitando a todos este viernes a las siete de la tarde para el comienzo.<\/p>\n<p>En San Juan tenemos uno de los mejores organizadores de eventos del pa\u00eds y no hac\u00eda eventos en San Juan. Desconozco los motivos, pero tras varias charlas, nos propusimos traerlo ac\u00e1, porque sab\u00edamos de las carreras que Juan Pablo Sisterna organiza en Catamarca, Santiago del Estero y varias provincias, que son fant\u00e1sticas.<\/p>\n<p>Hoy estamos presentando el primero de varios eventos y desaf\u00edos que se vienen y estoy feliz de que empresarios sanjuaninos generen eventos en San Juan que permiten un derrame econ\u00f3mico importante y que posibilita que los sanjuaninos disfruten de ellos.<\/p>\n<p>Se trata de un espect\u00e1culo internacional y gratuito, ya que podremos ver esto ma\u00f1ana en el Municipio y todo el fin de semana con epicentro en el Villicum con entrada libre y gratuita.<\/p>\n<p>Agradezco poder llevar adelante esta iniciativa junto a la Municipalidad de la Capital para llevar a cabo estos eventos con tareas de privados y Estado, apoyando para desarrollar San Juan. Tambi\u00e9n agradecer a los pilotos que vienen de distintas partes de Sudam\u00e9rica y del pa\u00eds\u201d.<\/p>\n<p><strong><span style=\"color: #ff6600;\">Cronograma de la tercera fecha del Argentino de Rally Raid<\/span><\/strong><\/p>\n<p><strong><span style=\"color: #ff6600;\">Viernes, 28 de Junio \u2013 Etapa 1<\/span><\/strong><\/p>\n<ul>\n<li>08 a 15 horas \u2013 Administrativas y t\u00e9cnicas<\/li>\n<li>16 hs. Largada Especial 1 \u2013 80 km<\/li>\n<li>19 hs. Largada simb\u00f3lica frente a la Municipalidad de la Capital (Central y Caseros)<\/li>\n<\/ul>\n<p><strong><span style=\"color: #ff6600;\">S\u00e1bado, 29 de Junio \u2013 Etapa 2<\/span><\/strong><\/p>\n<ul>\n<li>07 hs. Salida del vivac primera moto (Enlace inicial 30 km)<\/li>\n<li>08 hs. Largada Etapa SS1 en La Laja (95 km)<\/li>\n<li>10 hs. Control de paso 1 (km 95) en El Salado<\/li>\n<li>12:30 hs Fin Etapa 1 El Salado (km 180) en Matagusanos<\/li>\n<li>13 hs. Ingreso a vivac Villicum<\/li>\n<\/ul>\n<p><strong><span style=\"color: #ff6600;\">S\u00e1bado, 29 de Junio \u2013 Etapa 3<\/span><\/strong><\/p>\n<ul>\n<li>15:45 hs. Salida del vivac primera moto (Enlace inicial 4 km)<\/li>\n<li>16 hs Largada Etapa SS1 (90 km) en Villicum<\/li>\n<li>18:30 hs. Fin Etapa 1 Villicum (km 90)<\/li>\n<li>19 hs. Ingreso a vivac Villicum<\/li>\n<\/ul>\n<p><strong><span style=\"color: #ff6600;\">Domingo, 30 de Junio &#8211; Etapa 4<\/span><\/strong><\/p>\n<ul>\n<li>9 hs. Salida del vivac primera moto (Enlace inicial 20 km)<\/li>\n<li>9:30 hs. Largada Etapa SS1 (107 km) en El Salado<\/li>\n<li>12 hs. Control de Paso 1 (km 107) en Angaco<\/li>\n<li>13:30 hs. Fin Especial 3 en El Salado (km 200) EN La Laja<\/li>\n<li>14 hs. Ingreso a vivac Villicum<\/li>\n<li>15 hs. Parque cerrado final<\/li>\n<li>16 hs. Conferencia de prensa de los ganadores<\/li>\n<li>17 hs. Premiaci\u00f3n final<\/li>\n<\/ul>\n<p><img loading=\"lazy\" decoding=\"async\" class=\"alignnone size-large wp-image-74126\" src=\"https:\/\/vocesparalelas.com.ar\/sitio\/wp-content\/uploads\/2024\/06\/RALLY.01.jpg\" alt=\"\" width=\"800\" height=\"533\" srcset=\"https:\/\/vocesparalelas.com.ar\/sitio\/wp-content\/uploads\/2024\/06\/RALLY.01.jpg 800w, https:\/\/vocesparalelas.com.ar\/sitio\/wp-content\/uploads\/2024\/06\/RALLY.01-300x200.jpg 300w, https:\/\/vocesparalelas.com.ar\/sitio\/wp-content\/uploads\/2024\/06\/RALLY.01-768x512.jpg 768w\" sizes=\"auto, (max-width: 800px) 100vw, 800px\" \/><\/p>\n","protected":false},"excerpt":{"rendered":"<p>En la sala de prensa Dante Pantuso del Estadio Dr. Aldo Cantoni, se present\u00f3 la tercera fecha del Campeonato argentino<\/p>\n","protected":false},"author":3,"featured_media":74140,"comment_status":"closed","ping_status":"closed","sticky":false,"template":"","format":"standard","meta":{"_acf_changed":false,"_seopress_robots_primary_cat":"none","_seopress_titles_title":"","_seopress_titles_desc":"","_seopress_robots_index":"","colormag_page_container_layout":"default_layout","colormag_page_sidebar_layout":"default_layout","footnotes":""},"categories":[1],"tags":[],"class_list":["post-74123","post","type-post","status-publish","format-standard","has-post-thumbnail","hentry","category-destacadas"],"acf":[],"_links":{"self":[{"href":"https:\/\/vocesparalelas.com.ar\/sitio\/wp-json\/wp\/v2\/posts\/74123","targetHints":{"allow":["GET"]}}],"collection":[{"href":"https:\/\/vocesparalelas.com.ar\/sitio\/wp-json\/wp\/v2\/posts"}],"about":[{"href":"https:\/\/vocesparalelas.com.ar\/sitio\/wp-json\/wp\/v2\/types\/post"}],"author":[{"embeddable":true,"href":"https:\/\/vocesparalelas.com.ar\/sitio\/wp-json\/wp\/v2\/users\/3"}],"replies":[{"embeddable":true,"href":"https:\/\/vocesparalelas.com.ar\/sitio\/wp-json\/wp\/v2\/comments?post=74123"}],"version-history":[{"count":1,"href":"https:\/\/vocesparalelas.com.ar\/sitio\/wp-json\/wp\/v2\/posts\/74123\/revisions"}],"predecessor-version":[{"id":74127,"href":"https:\/\/vocesparalelas.com.ar\/sitio\/wp-json\/wp\/v2\/posts\/74123\/revisions\/74127"}],"wp:featuredmedia":[{"embeddable":true,"href":"https:\/\/vocesparalelas.com.ar\/sitio\/wp-json\/wp\/v2\/media\/74140"}],"wp:attachment":[{"href":"https:\/\/vocesparalelas.com.ar\/sitio\/wp-json\/wp\/v2\/media?parent=74123"}],"wp:term":[{"taxonomy":"category","embeddable":true,"href":"https:\/\/vocesparalelas.com.ar\/sitio\/wp-json\/wp\/v2\/categories?post=74123"},{"taxonomy":"post_tag","embeddable":true,"href":"https:\/\/vocesparalelas.com.ar\/sitio\/wp-json\/wp\/v2\/tags?post=74123"}],"curies":[{"name":"wp","href":"https:\/\/api.w.org\/{rel}","templated":true}]}}