{"id":74070,"date":"2024-06-26T20:55:56","date_gmt":"2024-06-26T23:55:56","guid":{"rendered":"https:\/\/vocesparalelas.com.ar\/sitio\/?p=74070"},"modified":"2024-06-26T22:15:02","modified_gmt":"2024-06-27T01:15:02","slug":"se-desarrolla-la-quinta-sesion-del-periodo-ordinario-de-la-camara-de-diputados-de-san-juan","status":"publish","type":"post","link":"https:\/\/vocesparalelas.com.ar\/sitio\/se-desarrolla-la-quinta-sesion-del-periodo-ordinario-de-la-camara-de-diputados-de-san-juan\/","title":{"rendered":"Se desarrolla la Quinta Sesi\u00f3n del per\u00edodo ordinario de la C\u00e1mara de Diputados de San Juan"},"content":{"rendered":"<p>La C\u00e1mara de Diputados de San Juan celebra el Jueves, 27 de Junio, a las 10 horas, la Quinta Sesi\u00f3n del per\u00edodo ordinario.<\/p>\n<p><strong><span style=\"color: #666699;\">Temas a tratar:<\/span><\/strong><\/p>\n<p><span style=\"color: #666699;\"><strong>Convenio con la Obra Social Provincia<\/strong><\/span><\/p>\n<p>Tras haber obtenido despacho favorable en las comisiones de Legislaci\u00f3n y Asuntos Constitucionales y de Salud y Discapacidad, el cuerpo legislativo abordar\u00e1 un proyecto de Ley remitido por el Poder Ejecutivo que propone ratificar el Convenio Espec\u00edfico, suscripto el 30 de enero del 2024, entre el Ministerio de Salud de la Provincia de San Juan y la Obra Social Provincia, cuyo fin es establecer que las prestaciones m\u00e9dicas de Diagn\u00f3stico por Im\u00e1genes H\u00edbridas Quir\u00fargicas, denominadas PET-CT, para los beneficiarios de la Obra Social Provincia sean efectuadas dentro del \u00e1mbito de la provincia a trav\u00e9s del Centro de Medicina Nuclear, ratificado por Decreto N\u00b0 760-MS-2024 de 15 de mayo de 2024.<\/p>\n<p><span style=\"color: #666699;\"><strong>Ejecuci\u00f3n del Proyecto de Obra: \u201cCiudad Judicial- 1\u00ba etapa\u201d<\/strong><\/span><\/p>\n<p>Por otro lado, la Legislatura pondr\u00e1 a consideraci\u00f3n en el recinto un proyecto de Ley presentado por el Poder Ejecutivo que proponer aprobar el Acta para la Ejecuci\u00f3n del Proyecto de la Obra\u00a0<em>Ciudad Judicial de San Juan-1&#8242; Etapa,\u00a0<\/em>celebrada el 6 de junio de 2023; entre el Ministerio de Obras P\u00fablicas de la Naci\u00f3n y el Gobierno de la Provincia de San Juan.<\/p>\n<p>Este asunto tuvo despacho en las comisiones de Legislaci\u00f3n y Asuntos Constitucionales; y de Obras y Servicios P\u00fablicos.<\/p>\n<p><span style=\"color: #666699;\"><strong>Convenio con el CFI<\/strong><\/span><\/p>\n<p>Tras despacho favorable en las comisiones de Legislaci\u00f3n y Asuntos Constitucionales; de Hacienda y Presupuesto; y de Ambiente y Desarrollo Sostenible; la C\u00e1mara tratar\u00e1 un proyecto de Ley remitido por el Poder Ejecutivo que propone aprobar el Convenio Marco de Cooperaci\u00f3n, suscripto el 5 de septiembre de 2022, entre el Gobierno de la Provincia de San Juan y el Consejo Federal de Inversiones (CFI), con el objeto de establecer entre las partes un mecanismo de articulaci\u00f3n para la realizaci\u00f3n de acciones de apoyo, est\u00edmulo y fortalecimiento para eficientizar el uso de los recursos h\u00eddricos de la Provincia de San Juan, ratificado por Decreto N\u00b0 1499-MOSP-2023, del 28 de agosto de 2023.<\/p>\n<p><span style=\"color: #666699;\"><strong>Prohibici\u00f3n de ingreso a casinos a deudores alimentarios<\/strong><\/span><\/p>\n<p>Luego de la emisi\u00f3n de despacho positivo en las comisiones de Legislaci\u00f3n y Asuntos Constitucionales y de Desarrollo Humano y Laboral; la Legislatura someter\u00e1 a votaci\u00f3n en el recinto un proyecto de Ley presentado por Interbloque Cambia San Juan, el cual establece la prohibici\u00f3n del ingreso a casinos, salas de juegos de azar de la Provincia a deudores alimentarios.<\/p>\n<p>En este sentido, se establece en el art\u00edculo 1\u00ba: \u201cSe proh\u00edbe el ingreso a casinos, salas de juego de azar y salas de bingo de la Provincia, a deudores alimentarios e incumplidores de los deberes de asistencia familiar, incluidos en los registros especiales habilitados a tales efectos en la provincia.<\/p>\n<p>Mientras que el art\u00edculo 2\u00ba se instaura: \u201cEl Poder Judicial de la provincia de San Juan debe garantizar el acceso al registro establecido en el art\u00edculo 1\u00b0 de la presente Ley a todos los concesionarios de los casinos, salas de juego de azar y salas de bingo de la Provincia\u201d.<\/p>\n<p>Por \u00faltimo, en el art\u00edculo 3\u00ba se establece \u201cLa Caja de Acci\u00f3n Social o el organismo que en el futuro lo reemplace, debe velar por su cumplimiento, a trav\u00e9s de los procedimientos que estime necesarios para tal fin\u201d.<\/p>\n<p><strong><span style=\"color: #666699;\">\u00a0Cuenta General Ejercicio 2022 del Tribunal de Cuentas de la provincia<\/span><\/strong><\/p>\n<p>Tras despacho favorable de la comisi\u00f3n de Hacienda y Presupuesto, el cuerpo legislativo pondr\u00e1 a consideraci\u00f3n un proyecto de Resoluci\u00f3n por el cual se aprueba la Cuenta General Ejercicio 2022 del Tribunal de Cuentas de la Provincia, considerando el informe del auditor, CPN Pablo Juli\u00e1n De Nardo, designado oportunamente por Resoluci\u00f3n N\u00b0 50-2023 de esta C\u00e1mara; y que se ha expedido el vocal interviniente, CPN Daniel P\u00e9rez Celed\u00f3n.<\/p>\n<p>En el art\u00edculo 2\u00ba \u201cSe ordena al Tribunal de Cuentas de la Provincia, abone al CPN Pablo Juli\u00e1n De Nardo; DNI N\u00b037741814, lo dispuesto por el Art\u00edculo 121 de la Ley N\u00b0 1100-E, en concepto de cancelaci\u00f3n por los trabajos profesionales realizados a los fines del estudio de la Cuenta General del Ejercicio A\u00f1o 2022 de ese Tribunal de Cuentas, por los dict\u00e1menes producidos y remitidos a la Vocal\u00eda IV de ese Tribunal, a cuyo fin deber\u00e1 realizar la imputaci\u00f3n del gasto y la totalidad del tr\u00e1mite administrativo para realizar el pago, previa presentaci\u00f3n de la factura correspondiente\u201d.<\/p>\n<p><span style=\"color: #666699;\"><strong>Modificaci\u00f3n del Reglamento Interno de la Legislatura<\/strong><\/span><\/p>\n<p>Despu\u00e9s de haber obtenido despacho favorable en la comisi\u00f3n de Peticiones y Poderes, los legisladores tratar\u00e1n un Proyecto de Resoluci\u00f3n presentado por el Interbloque Cambia San Juan, por el que se sustituyen el Art\u00edculo 240 y el Art\u00edculo 255 de la Resoluci\u00f3n N\u00b0 115-2023, Reglamento Interno de la C\u00e1mara de Diputados.<\/p>\n<p>De esta manera, se proponen que queden redactado de la siguiente manera:<\/p>\n<p><strong><span style=\"color: #666699;\">\u201cARTICULO 240.-<\/span>\u00a0<\/strong>En la discusi\u00f3n en particular, si Secretar\u00eda Legislativa anuncia o menciona cada art\u00edculo, con cada inciso o cada p\u00e1rrafo, cuando el proyecto no posee art\u00edculos y sobre \u00e9l no se efect\u00faa observaci\u00f3n alguna, se considera aprobado por la unanimidad de los presentes, omitiendo de este modo la votaci\u00f3n por cada uno de ellos. Sin embargo, se deben someter a votaci\u00f3n \u00fanica y final el conjunto de art\u00edculos, o p\u00e1rrafos, que no fueron observados o modificados.\u00bb<\/p>\n<p><span style=\"color: #666699;\"><strong>\u00abART\u00cdCULO 255.- Mayor\u00eda Requerida:\u00a0<\/strong><\/span>Para que un asunto se considere aprobado se requiere la mayor\u00eda simple de los votos emitidos, salvo en los casos que la Constituci\u00f3n de la Provincia, exija una mayor\u00eda diferente. La mayor\u00eda simple es de los miembros presentes.\u201d<\/p>\n<p><span style=\"color: #666699;\"><strong>Modificaci\u00f3n de la Ley de Registro Provincial de Obras Sociales de la Provincia de San Juan<\/strong><\/span><\/p>\n<p>Por otro lado, los diputados pondr\u00e1n a consideraci\u00f3n sobre tablas un proyecto de Ley remitido por el Poder Ejecutivo que propone la modificaci\u00f3n de la Ley Provincial N\u00b0714 \u2014 S, sobre el Registro Provincial de Obras Sociales, que tiene a su cargo la inscripci\u00f3n de toda entidad y\/o caja complementaria que reconozca afiliaciones o prestaciones de salud en el \u00e1mbito del territorio provincial.<\/p>\n<p><span style=\"color: #666699;\"><strong>Modificaci\u00f3n de la Ley que instituye la Menci\u00f3n de Honor Maestro Mario P\u00e9rez<\/strong><\/span><\/p>\n<p>Adem\u00e1s, el cuerpo legislativo tratar\u00e1 sobre tablas un proyecto de Ley presentado por el interbloque Cambia San Juan el cual busca reformar la Ley 1984-P que instituye la distinci\u00f3n \u201cMenci\u00f3n de Honor Maestro Mario P\u00e9rez\u201d.<\/p>\n<p><span style=\"color: #666699;\"><strong>Proyectos de Resoluci\u00f3n<\/strong><\/span><\/p>\n<p>Asimismo, la Legislatura deber\u00e1 poner a consideraci\u00f3n en el recinto los siguientes proyectos de Resoluci\u00f3n que proponen declarar de inter\u00e9s:<\/p>\n<ul>\n<li>Social y educativo el programa Red Educativa, que se emite por el canal Zonda 35.1 de la TV digital abierta, por su aporte a la sociedad comunicando las novedades educativas de la Provincia de San Juan. (Diputada Fernanda Paredes)<\/li>\n<li>Social y cultural el 4\u00b0 Encuentro Nacional de Folclore para adultos San Juan Danza, organizado por los Ballets El Remanso Dorado y El Retamo, que se lleva a cabo en la Provincia, los d\u00edas 16,17 y 18 de agosto del corriente a\u00f1o. (Diputada Fernanda Paredes)<\/li>\n<li>\u00a0Legislativo, al \u00abEncuentro Nacional de Legisladores y Legisladoras Provinciales por los Derechos de Ni\u00f1as y Ni\u00f1os y Adolescentes en el territorio Nacional\u00bb, que se llevar\u00e1 a cabo los d\u00edas 13 y 14 de junio del corriente a\u00f1o, en la Ciudad Aut\u00f3noma de Buenos Aires. El encuentro tiene por objetivo establecer espacios de participaci\u00f3n y debate entre legisladores y legisladoras de las provincias que integran la Red Federal, con el fin de acordar una agenda de las infancias e impulsar iniciativas legislativas desde la perspectiva de los Derechos de Ni\u00f1as, Ni\u00f1os y Adolescentes. (Diputado Mario Herrero y diputada Graciela Seva)<\/li>\n<li>Social y cultural a las celebraciones por el quincuag\u00e9simo aniversario de la Sociedad de Chacareros Temporarios de San Juan, a realizarse el 29 de junio de 2024, en la sede de la Sociedad en el departamento Rawson. (Diputada Sonia Ferreyra).<\/li>\n<li>\u00a0Cultural y Social la Participaci\u00f3n de la Profesora Silvina Fredes y Ballet Sanjuanino, en el Encuentro Internacional de Danzas \u00c1rabes CRAZY NIGHTS FESTIVAL, a realizarse los d\u00edas 22 al 29 de julio del 2024, en la Ciudad del Cairo, Egipto. (Interbloque Cambia San Juan)<\/li>\n<li>Social, educativo y cultural el \u00abEL CURSO LENGUA DE SE\u00d1AS\u00bb Nivel B\u00e1sico. El curso se encuentra destinado a empleados de la administraci\u00f3n p\u00fablica que se desempe\u00f1en en islas o mesa de entrada. Se realizar\u00e1 en el marco del Programa Emprender, que ejecuta la Direcci\u00f3n de Personas con Discapacidad durante el Ciclo Lectivo 2024, contando con sus respectivas r\u00e9plicas durante todo el a\u00f1o en el territorio provincial. (Interbloque Cambia San Juan)<\/li>\n<li>Educativo y cient\u00edfico, las III Jornadas Internacionales de Cirug\u00edas Ginecol\u00f3gicas m\u00ednimamente invasivas, a desarrollarse los d\u00edas 27 y 28 de junio de 2024, en el Hospital Guillermo Rawson de la provincia de San Juan, dirigidas por el doctor Anibal Agliozzo y el doctor Gustavo Mofficone. (Interbloque Cambia San Juan)<\/li>\n<li>Educativo y social, las actividades enmarcadas en el 3\u00ba Encuentro Federal en conmemoraci\u00f3n del D\u00eda Nacional de Altas Capacidades a desarrollarse el 30 de junio de 2024, en la provincia de San Juan, organizadas por el Instituto Superior de Formaci\u00f3n Docente ISPE \u201cDomingo Faustino Sarmiento\u201d. (Interbloque Cambia San Juan)<\/li>\n<\/ul>\n<figure id=\"attachment_37951\" aria-describedby=\"caption-attachment-37951\" style=\"width: 800px\" class=\"wp-caption alignnone\"><img loading=\"lazy\" decoding=\"async\" class=\"size-full wp-image-37951\" src=\"https:\/\/vocesparalelas.com.ar\/sitio\/wp-content\/uploads\/2021\/05\/CAMARA-EDIFICIO.jpg\" alt=\"\" width=\"800\" height=\"515\" srcset=\"https:\/\/vocesparalelas.com.ar\/sitio\/wp-content\/uploads\/2021\/05\/CAMARA-EDIFICIO.jpg 800w, https:\/\/vocesparalelas.com.ar\/sitio\/wp-content\/uploads\/2021\/05\/CAMARA-EDIFICIO-300x193.jpg 300w, https:\/\/vocesparalelas.com.ar\/sitio\/wp-content\/uploads\/2021\/05\/CAMARA-EDIFICIO-768x494.jpg 768w\" sizes=\"auto, (max-width: 800px) 100vw, 800px\" \/><figcaption id=\"caption-attachment-37951\" class=\"wp-caption-text\">Legislatura Provincial de San Juan, Rep\u00fablica Argentina<\/figcaption><\/figure>\n<ul>\n<li style=\"list-style-type: none;\"><\/li>\n<\/ul>\n","protected":false},"excerpt":{"rendered":"<p>La C\u00e1mara de Diputados de San Juan celebra el Jueves, 27 de Junio, a las 10 horas, la Quinta Sesi\u00f3n<\/p>\n","protected":false},"author":3,"featured_media":8062,"comment_status":"closed","ping_status":"closed","sticky":false,"template":"","format":"standard","meta":{"_acf_changed":false,"_seopress_robots_primary_cat":"none","_seopress_titles_title":"","_seopress_titles_desc":"","_seopress_robots_index":"","colormag_page_container_layout":"default_layout","colormag_page_sidebar_layout":"default_layout","footnotes":""},"categories":[1],"tags":[],"class_list":["post-74070","post","type-post","status-publish","format-standard","has-post-thumbnail","hentry","category-destacadas"],"acf":[],"_links":{"self":[{"href":"https:\/\/vocesparalelas.com.ar\/sitio\/wp-json\/wp\/v2\/posts\/74070","targetHints":{"allow":["GET"]}}],"collection":[{"href":"https:\/\/vocesparalelas.com.ar\/sitio\/wp-json\/wp\/v2\/posts"}],"about":[{"href":"https:\/\/vocesparalelas.com.ar\/sitio\/wp-json\/wp\/v2\/types\/post"}],"author":[{"embeddable":true,"href":"https:\/\/vocesparalelas.com.ar\/sitio\/wp-json\/wp\/v2\/users\/3"}],"replies":[{"embeddable":true,"href":"https:\/\/vocesparalelas.com.ar\/sitio\/wp-json\/wp\/v2\/comments?post=74070"}],"version-history":[{"count":1,"href":"https:\/\/vocesparalelas.com.ar\/sitio\/wp-json\/wp\/v2\/posts\/74070\/revisions"}],"predecessor-version":[{"id":74073,"href":"https:\/\/vocesparalelas.com.ar\/sitio\/wp-json\/wp\/v2\/posts\/74070\/revisions\/74073"}],"wp:featuredmedia":[{"embeddable":true,"href":"https:\/\/vocesparalelas.com.ar\/sitio\/wp-json\/wp\/v2\/media\/8062"}],"wp:attachment":[{"href":"https:\/\/vocesparalelas.com.ar\/sitio\/wp-json\/wp\/v2\/media?parent=74070"}],"wp:term":[{"taxonomy":"category","embeddable":true,"href":"https:\/\/vocesparalelas.com.ar\/sitio\/wp-json\/wp\/v2\/categories?post=74070"},{"taxonomy":"post_tag","embeddable":true,"href":"https:\/\/vocesparalelas.com.ar\/sitio\/wp-json\/wp\/v2\/tags?post=74070"}],"curies":[{"name":"wp","href":"https:\/\/api.w.org\/{rel}","templated":true}]}}