{"id":74037,"date":"2024-06-25T17:16:41","date_gmt":"2024-06-25T20:16:41","guid":{"rendered":"https:\/\/vocesparalelas.com.ar\/sitio\/?p=74037"},"modified":"2024-06-25T21:16:53","modified_gmt":"2024-06-26T00:16:53","slug":"reparacion-de-cano-matriz-de-agua-potable-en-la-localidad-huaco-departamento-jachal-de-san-juan","status":"publish","type":"post","link":"https:\/\/vocesparalelas.com.ar\/sitio\/reparacion-de-cano-matriz-de-agua-potable-en-la-localidad-huaco-departamento-jachal-de-san-juan\/","title":{"rendered":"Reparaci\u00f3n de ca\u00f1o matriz de agua potable en la Localidad Huaco, Departamento J\u00e1chal de San Juan"},"content":{"rendered":"<p>OSSE comunica que el Mi\u00e9rcoles, 26 de Junio de 2024 en la Localidad Huaco, Departamento J\u00e1chal, se realizan maniobras de reparaci\u00f3n de ca\u00f1o matriz de agua potable de PVC de 200 mm. de di\u00e1metro en calle Pe\u00f1aloza, tras haber detectado rotura.<\/p>\n<p>Mientras avanzan las tareas, los usuarios de zona centro y \u00e1reas aleda\u00f1as de la localidad Huaco, ven afectado el suministro en sus hogares, entre las 7 y las 14 horas aproximadamente.<\/p>\n<p>Se sugiere extremar el cuidado de la reserva del tanque domiciliario, priorizando el consumo de agua potable para actividades b\u00e1sicas de bebida, higiene y alimentaci\u00f3n.<\/p>\n<p><span style=\"color: #0000ff;\"><strong>Contactos<\/strong><\/span><\/p>\n<ul>\n<li>264-506-4444<\/li>\n<li>0800-222-6773<\/li>\n<li><a href=\"http:\/\/www.ossesanjuan.com.ar\">ossesanjuan.com.ar<\/a><\/li>\n<li>ossesanjuan<\/li>\n<\/ul>\n<p><img loading=\"lazy\" decoding=\"async\" class=\"alignnone size-full wp-image-62349\" src=\"https:\/\/vocesparalelas.com.ar\/sitio\/wp-content\/uploads\/2023\/08\/OSSE-EDIFICIO.jpg\" alt=\"\" width=\"800\" height=\"600\" srcset=\"https:\/\/vocesparalelas.com.ar\/sitio\/wp-content\/uploads\/2023\/08\/OSSE-EDIFICIO.jpg 800w, https:\/\/vocesparalelas.com.ar\/sitio\/wp-content\/uploads\/2023\/08\/OSSE-EDIFICIO-300x225.jpg 300w, https:\/\/vocesparalelas.com.ar\/sitio\/wp-content\/uploads\/2023\/08\/OSSE-EDIFICIO-768x576.jpg 768w\" sizes=\"auto, (max-width: 800px) 100vw, 800px\" \/><\/p>\n","protected":false},"excerpt":{"rendered":"<p>OSSE comunica que el Mi\u00e9rcoles, 26 de Junio de 2024 en la Localidad Huaco, Departamento J\u00e1chal, se realizan maniobras de<\/p>\n","protected":false},"author":3,"featured_media":18050,"comment_status":"closed","ping_status":"closed","sticky":false,"template":"","format":"standard","meta":{"_acf_changed":false,"_seopress_robots_primary_cat":"none","_seopress_titles_title":"","_seopress_titles_desc":"","_seopress_robots_index":"","colormag_page_container_layout":"default_layout","colormag_page_sidebar_layout":"default_layout","footnotes":""},"categories":[1],"tags":[],"class_list":["post-74037","post","type-post","status-publish","format-standard","has-post-thumbnail","hentry","category-destacadas"],"acf":[],"_links":{"self":[{"href":"https:\/\/vocesparalelas.com.ar\/sitio\/wp-json\/wp\/v2\/posts\/74037","targetHints":{"allow":["GET"]}}],"collection":[{"href":"https:\/\/vocesparalelas.com.ar\/sitio\/wp-json\/wp\/v2\/posts"}],"about":[{"href":"https:\/\/vocesparalelas.com.ar\/sitio\/wp-json\/wp\/v2\/types\/post"}],"author":[{"embeddable":true,"href":"https:\/\/vocesparalelas.com.ar\/sitio\/wp-json\/wp\/v2\/users\/3"}],"replies":[{"embeddable":true,"href":"https:\/\/vocesparalelas.com.ar\/sitio\/wp-json\/wp\/v2\/comments?post=74037"}],"version-history":[{"count":1,"href":"https:\/\/vocesparalelas.com.ar\/sitio\/wp-json\/wp\/v2\/posts\/74037\/revisions"}],"predecessor-version":[{"id":74040,"href":"https:\/\/vocesparalelas.com.ar\/sitio\/wp-json\/wp\/v2\/posts\/74037\/revisions\/74040"}],"wp:featuredmedia":[{"embeddable":true,"href":"https:\/\/vocesparalelas.com.ar\/sitio\/wp-json\/wp\/v2\/media\/18050"}],"wp:attachment":[{"href":"https:\/\/vocesparalelas.com.ar\/sitio\/wp-json\/wp\/v2\/media?parent=74037"}],"wp:term":[{"taxonomy":"category","embeddable":true,"href":"https:\/\/vocesparalelas.com.ar\/sitio\/wp-json\/wp\/v2\/categories?post=74037"},{"taxonomy":"post_tag","embeddable":true,"href":"https:\/\/vocesparalelas.com.ar\/sitio\/wp-json\/wp\/v2\/tags?post=74037"}],"curies":[{"name":"wp","href":"https:\/\/api.w.org\/{rel}","templated":true}]}}