{"id":74025,"date":"2024-06-25T15:00:22","date_gmt":"2024-06-25T18:00:22","guid":{"rendered":"https:\/\/vocesparalelas.com.ar\/sitio\/?p=74025"},"modified":"2024-06-26T23:13:06","modified_gmt":"2024-06-27T02:13:06","slug":"el-telar-de-dona-paula-sigue-tejiendo-en-la-casa-natal-de-sarmiento-en-san-juan","status":"publish","type":"post","link":"https:\/\/vocesparalelas.com.ar\/sitio\/el-telar-de-dona-paula-sigue-tejiendo-en-la-casa-natal-de-sarmiento-en-san-juan\/","title":{"rendered":"\u00abEl telar de Do\u00f1a Paula sigue tejiendo\u00bb en la Casa Natal de Sarmiento en  San Juan"},"content":{"rendered":"<p>El S\u00e1bado, 29 de Junio, de 11 a 15.30 hs; en la Casa Natal de Sarmiento, Sarmiento 21 &#8211; S &#8211; Capital, con entrada libre y gratuita, se desarrolla el encuentro de tejedoras en telar criollo \u00abEl telar de Do\u00f1a Paula sigue tejiendo\u00bb,\u00a0en el marco de los 250\u00b0 aniversario del natalicio de do\u00f1a Paula Albarrac\u00edn y el 1\u00b0 aniversario del Patio de do\u00f1a Paula, espacio de interpretaci\u00f3n de las industrias dom\u00e9sticas, la nueva estaci\u00f3n de visita.<\/p>\n<p><img loading=\"lazy\" decoding=\"async\" class=\"alignnone size-full wp-image-59750\" src=\"https:\/\/vocesparalelas.com.ar\/sitio\/wp-content\/uploads\/2023\/06\/TELAR-01.jpg\" alt=\"\" width=\"800\" height=\"491\" srcset=\"https:\/\/vocesparalelas.com.ar\/sitio\/wp-content\/uploads\/2023\/06\/TELAR-01.jpg 800w, https:\/\/vocesparalelas.com.ar\/sitio\/wp-content\/uploads\/2023\/06\/TELAR-01-300x184.jpg 300w, https:\/\/vocesparalelas.com.ar\/sitio\/wp-content\/uploads\/2023\/06\/TELAR-01-768x471.jpg 768w\" sizes=\"auto, (max-width: 800px) 100vw, 800px\" \/><\/p>\n<p>En este contexto, las tejedoras van no solo honran la memoria de do\u00f1a Paula con demostraciones en vivo de tejido en telar criollo, sino que tambi\u00e9n ofrendan una tela que comenz\u00f3 a tejerse en forma colectiva desde la inauguraci\u00f3n del Patio de do\u00f1a Paula, el a\u00f1o pasado.<\/p>\n<p><img loading=\"lazy\" decoding=\"async\" class=\"alignnone size-full wp-image-58006\" src=\"https:\/\/vocesparalelas.com.ar\/sitio\/wp-content\/uploads\/2023\/04\/SARMIENTO-TEJEDORAS-02.jpg\" alt=\"\" width=\"800\" height=\"533\" srcset=\"https:\/\/vocesparalelas.com.ar\/sitio\/wp-content\/uploads\/2023\/04\/SARMIENTO-TEJEDORAS-02.jpg 800w, https:\/\/vocesparalelas.com.ar\/sitio\/wp-content\/uploads\/2023\/04\/SARMIENTO-TEJEDORAS-02-300x200.jpg 300w, https:\/\/vocesparalelas.com.ar\/sitio\/wp-content\/uploads\/2023\/04\/SARMIENTO-TEJEDORAS-02-768x512.jpg 768w\" sizes=\"auto, (max-width: 800px) 100vw, 800px\" \/><\/p>\n<p>Esta ofrenda representa el reconocimiento y el tributo a la labor de do\u00f1a Paula, cuyo legado en el arte del tejido sigue inspirando y uniendo comunidades.<\/p>\n<p><img loading=\"lazy\" decoding=\"async\" class=\"alignnone size-full wp-image-41747\" src=\"https:\/\/vocesparalelas.com.ar\/sitio\/wp-content\/uploads\/2021\/09\/CASA-SARMIENTO-FRENTE-02.jpg\" alt=\"\" width=\"800\" height=\"533\" srcset=\"https:\/\/vocesparalelas.com.ar\/sitio\/wp-content\/uploads\/2021\/09\/CASA-SARMIENTO-FRENTE-02.jpg 800w, https:\/\/vocesparalelas.com.ar\/sitio\/wp-content\/uploads\/2021\/09\/CASA-SARMIENTO-FRENTE-02-300x200.jpg 300w, https:\/\/vocesparalelas.com.ar\/sitio\/wp-content\/uploads\/2021\/09\/CASA-SARMIENTO-FRENTE-02-768x512.jpg 768w\" sizes=\"auto, (max-width: 800px) 100vw, 800px\" \/><\/p>\n<p>&nbsp;<\/p>\n<p>&nbsp;<\/p>\n<p>&nbsp;<\/p>\n","protected":false},"excerpt":{"rendered":"<p>El S\u00e1bado, 29 de Junio, de 11 a 15.30 hs; en la Casa Natal de Sarmiento, Sarmiento 21 &#8211; S<\/p>\n","protected":false},"author":3,"featured_media":30229,"comment_status":"closed","ping_status":"closed","sticky":false,"template":"","format":"standard","meta":{"_acf_changed":false,"_seopress_robots_primary_cat":"none","_seopress_titles_title":"","_seopress_titles_desc":"","_seopress_robots_index":"","colormag_page_container_layout":"default_layout","colormag_page_sidebar_layout":"default_layout","footnotes":""},"categories":[2],"tags":[],"class_list":["post-74025","post","type-post","status-publish","format-standard","has-post-thumbnail","hentry","category-convocatorias"],"acf":[],"_links":{"self":[{"href":"https:\/\/vocesparalelas.com.ar\/sitio\/wp-json\/wp\/v2\/posts\/74025","targetHints":{"allow":["GET"]}}],"collection":[{"href":"https:\/\/vocesparalelas.com.ar\/sitio\/wp-json\/wp\/v2\/posts"}],"about":[{"href":"https:\/\/vocesparalelas.com.ar\/sitio\/wp-json\/wp\/v2\/types\/post"}],"author":[{"embeddable":true,"href":"https:\/\/vocesparalelas.com.ar\/sitio\/wp-json\/wp\/v2\/users\/3"}],"replies":[{"embeddable":true,"href":"https:\/\/vocesparalelas.com.ar\/sitio\/wp-json\/wp\/v2\/comments?post=74025"}],"version-history":[{"count":1,"href":"https:\/\/vocesparalelas.com.ar\/sitio\/wp-json\/wp\/v2\/posts\/74025\/revisions"}],"predecessor-version":[{"id":74028,"href":"https:\/\/vocesparalelas.com.ar\/sitio\/wp-json\/wp\/v2\/posts\/74025\/revisions\/74028"}],"wp:featuredmedia":[{"embeddable":true,"href":"https:\/\/vocesparalelas.com.ar\/sitio\/wp-json\/wp\/v2\/media\/30229"}],"wp:attachment":[{"href":"https:\/\/vocesparalelas.com.ar\/sitio\/wp-json\/wp\/v2\/media?parent=74025"}],"wp:term":[{"taxonomy":"category","embeddable":true,"href":"https:\/\/vocesparalelas.com.ar\/sitio\/wp-json\/wp\/v2\/categories?post=74025"},{"taxonomy":"post_tag","embeddable":true,"href":"https:\/\/vocesparalelas.com.ar\/sitio\/wp-json\/wp\/v2\/tags?post=74025"}],"curies":[{"name":"wp","href":"https:\/\/api.w.org\/{rel}","templated":true}]}}