{"id":74017,"date":"2024-06-25T12:18:24","date_gmt":"2024-06-25T15:18:24","guid":{"rendered":"https:\/\/vocesparalelas.com.ar\/sitio\/?p=74017"},"modified":"2024-06-26T23:11:50","modified_gmt":"2024-06-27T02:11:50","slug":"capacitacion-sobre-animales-ponzonosos-de-san-juan","status":"publish","type":"post","link":"https:\/\/vocesparalelas.com.ar\/sitio\/capacitacion-sobre-animales-ponzonosos-de-san-juan\/","title":{"rendered":"Capacitaci\u00f3n sobre Animales Ponzo\u00f1osos de San Juan"},"content":{"rendered":"<p>La Direcci\u00f3n de Gesti\u00f3n de Talento e Higiene y Seguridad, del Ministerio de Infraestructura, Agua y Energ\u00eda del Gobierno de San Juan invita a la comunidad a participar en la \u00abCapacitaci\u00f3n sobre Animales Ponzo\u00f1osos de San Juan\u00bb.<\/p>\n<p>El evento, organizado con el proyecto de Extensi\u00f3n CONEX de la Universidad Nacional de San Juan (UNSJ), est\u00e1 destinado tanto al personal que cumple funciones en campo, como al p\u00fablico en general.<\/p>\n<p>Su principal objetivo es proporcionar conocimientos sobre la identificaci\u00f3n, manejo y prevenci\u00f3n de incidentes con animales ponzo\u00f1osos en la regi\u00f3n de San Juan.<\/p>\n<p><strong><span style=\"color: #99cc00;\">Inscripci\u00f3n<\/span><\/strong><\/p>\n<p>Para participar en la capacitaci\u00f3n, los interesados podr\u00e1n inscribirse completando el formulario<\/p>\n<p><a href=\"https:\/\/docs.google.com\/forms\/d\/e\/1FAIpQLSeSOvpPImxWWVr1XG5u12vgj2u8bBz5pTEujaBr_HJK5yI2jA\/viewform\">https:\/\/docs.google.com\/forms\/d\/e\/1FAIpQLSeSOvpPImxWWVr1XG5u12vgj2u8bBz5pTEujaBr_HJK5yI2jA\/viewform<\/a><\/p>\n<p>La actividad es el Mi\u00e9rcoles, 26 de Junio, de 9 a 11 hs.; en el Museo Provincial de Bellas Artes Franklin Rawson.<\/p>\n<p>El evento cuenta con la participaci\u00f3n de destacados expertos en biolog\u00eda y ciencias naturales.<\/p>\n<p><strong><span style=\"color: #99cc00;\">Disertaciones<\/span><\/strong><\/p>\n<ul>\n<li>Leonardo D\u00edaz Nieto, integrante del Instituto y Museo de Ciencias Naturales, de la Facultad de Ciencias Exactas, F\u00edsicas y Naturales de la Universidad Nacional de San Juan e investigador de CONICET.<\/li>\n<li>Rodrigo G\u00f3mez Al\u00e9s, integrante del departamento de Biolog\u00eda, de la Facultad de Ciencias Exactas, F\u00edsicas y Naturales de la Universidad Nacional de San Juan y posdoctoral de CONICET<\/li>\n<\/ul>\n<p>&nbsp;<\/p>\n","protected":false},"excerpt":{"rendered":"<p>La Direcci\u00f3n de Gesti\u00f3n de Talento e Higiene y Seguridad, del Ministerio de Infraestructura, Agua y Energ\u00eda del Gobierno de<\/p>\n","protected":false},"author":3,"featured_media":45748,"comment_status":"closed","ping_status":"closed","sticky":false,"template":"","format":"standard","meta":{"_acf_changed":false,"_seopress_robots_primary_cat":"none","_seopress_titles_title":"","_seopress_titles_desc":"","_seopress_robots_index":"","colormag_page_container_layout":"default_layout","colormag_page_sidebar_layout":"default_layout","footnotes":""},"categories":[9],"tags":[],"class_list":["post-74017","post","type-post","status-publish","format-standard","has-post-thumbnail","hentry","category-cursos"],"acf":[],"_links":{"self":[{"href":"https:\/\/vocesparalelas.com.ar\/sitio\/wp-json\/wp\/v2\/posts\/74017","targetHints":{"allow":["GET"]}}],"collection":[{"href":"https:\/\/vocesparalelas.com.ar\/sitio\/wp-json\/wp\/v2\/posts"}],"about":[{"href":"https:\/\/vocesparalelas.com.ar\/sitio\/wp-json\/wp\/v2\/types\/post"}],"author":[{"embeddable":true,"href":"https:\/\/vocesparalelas.com.ar\/sitio\/wp-json\/wp\/v2\/users\/3"}],"replies":[{"embeddable":true,"href":"https:\/\/vocesparalelas.com.ar\/sitio\/wp-json\/wp\/v2\/comments?post=74017"}],"version-history":[{"count":1,"href":"https:\/\/vocesparalelas.com.ar\/sitio\/wp-json\/wp\/v2\/posts\/74017\/revisions"}],"predecessor-version":[{"id":74020,"href":"https:\/\/vocesparalelas.com.ar\/sitio\/wp-json\/wp\/v2\/posts\/74017\/revisions\/74020"}],"wp:featuredmedia":[{"embeddable":true,"href":"https:\/\/vocesparalelas.com.ar\/sitio\/wp-json\/wp\/v2\/media\/45748"}],"wp:attachment":[{"href":"https:\/\/vocesparalelas.com.ar\/sitio\/wp-json\/wp\/v2\/media?parent=74017"}],"wp:term":[{"taxonomy":"category","embeddable":true,"href":"https:\/\/vocesparalelas.com.ar\/sitio\/wp-json\/wp\/v2\/categories?post=74017"},{"taxonomy":"post_tag","embeddable":true,"href":"https:\/\/vocesparalelas.com.ar\/sitio\/wp-json\/wp\/v2\/tags?post=74017"}],"curies":[{"name":"wp","href":"https:\/\/api.w.org\/{rel}","templated":true}]}}