{"id":74012,"date":"2024-06-25T12:02:46","date_gmt":"2024-06-25T15:02:46","guid":{"rendered":"https:\/\/vocesparalelas.com.ar\/sitio\/?p=74012"},"modified":"2024-06-26T23:12:34","modified_gmt":"2024-06-27T02:12:34","slug":"firma-de-convenio-para-fortalecer-la-capacitacion-en-las-escuelas-tecnicas-agrotecnicas-y-de-formacion-profesional-de-san-juan","status":"publish","type":"post","link":"https:\/\/vocesparalelas.com.ar\/sitio\/firma-de-convenio-para-fortalecer-la-capacitacion-en-las-escuelas-tecnicas-agrotecnicas-y-de-formacion-profesional-de-san-juan\/","title":{"rendered":"Firma de Convenio para fortalecer la capacitaci\u00f3n en las Escuelas T\u00e9cnicas, Agrot\u00e9cnicas y de Formaci\u00f3n Profesional de San Juan"},"content":{"rendered":"<p>Los ministros de Educaci\u00f3n Lic. Silvia Fuentes y de Producci\u00f3n, Trabajo e Innovaci\u00f3n del Gobierno de San Juan, CPN Gustavo Fern\u00e1ndez, firmaron un convenio marco de asistencia y cooperaci\u00f3n, con el que acordaron contribuir y atender de car\u00e1cter estructural, organizativo, acad\u00e9mico y financiero. El prop\u00f3sito es capacitar al personal docente y alumnos de las Escuelas T\u00e9cnicas, Agrot\u00e9cnicas y de Formaci\u00f3n Profesional de San Juan.<\/p>\n<p>Luego de la firma, el ministro de Producci\u00f3n, Trabajo e Innovaci\u00f3n del Gobierno de San Juan, CPN Gustavo Fern\u00e1ndez explic\u00f3 que \u00abla formaci\u00f3n, generando y creando a trav\u00e9s de la producci\u00f3n e innovaci\u00f3n, valor social, un factor de crecimiento y desarrollo para la sociedad. Poniendo a disposici\u00f3n las diversas \u00e1reas para el trabajo con escuelas de T\u00e9cnicas, Agrot\u00e9cnicas y de Formaci\u00f3n Profesional\u00bb.<\/p>\n<p>Seguidamente, la Ministra de Educaci\u00f3n del Gobierno de San Juan, Lic. Silvia Fuentes sostuvo que \u00abla importancia de la permanente colaboraci\u00f3n que fortalecen la tarea de formaci\u00f3n de los estudiantes. Adem\u00e1s de analizar proyectos de asesoramiento que se pueden aplicar en futuro para orientar a los estudiantes en la formaci\u00f3n profesional a trav\u00e9s de las Pr\u00e1cticas Profesionalizantes. El apoyo en buscar alternativas para orientar a los estudiantes en condiciones de encierro a aprender un oficio y que puedan generar una fuente de recursos para sostenerse\u00bb.<\/p>\n<p><img loading=\"lazy\" decoding=\"async\" class=\"alignnone size-full wp-image-28629\" src=\"https:\/\/vocesparalelas.com.ar\/sitio\/wp-content\/uploads\/2020\/05\/MINISTERIO-EDUCACION-SJ.jpg\" alt=\"\" width=\"800\" height=\"533\" srcset=\"https:\/\/vocesparalelas.com.ar\/sitio\/wp-content\/uploads\/2020\/05\/MINISTERIO-EDUCACION-SJ.jpg 800w, https:\/\/vocesparalelas.com.ar\/sitio\/wp-content\/uploads\/2020\/05\/MINISTERIO-EDUCACION-SJ-300x200.jpg 300w, https:\/\/vocesparalelas.com.ar\/sitio\/wp-content\/uploads\/2020\/05\/MINISTERIO-EDUCACION-SJ-768x512.jpg 768w\" sizes=\"auto, (max-width: 800px) 100vw, 800px\" \/><\/p>\n<p>&nbsp;<\/p>\n<p>&nbsp;<\/p>\n","protected":false},"excerpt":{"rendered":"<p>Los ministros de Educaci\u00f3n Lic. Silvia Fuentes y de Producci\u00f3n, Trabajo e Innovaci\u00f3n del Gobierno de San Juan, CPN Gustavo<\/p>\n","protected":false},"author":3,"featured_media":74015,"comment_status":"closed","ping_status":"closed","sticky":false,"template":"","format":"standard","meta":{"_acf_changed":false,"_seopress_robots_primary_cat":"none","_seopress_titles_title":"","_seopress_titles_desc":"","_seopress_robots_index":"","colormag_page_container_layout":"default_layout","colormag_page_sidebar_layout":"default_layout","footnotes":""},"categories":[9],"tags":[],"class_list":["post-74012","post","type-post","status-publish","format-standard","has-post-thumbnail","hentry","category-cursos"],"acf":[],"_links":{"self":[{"href":"https:\/\/vocesparalelas.com.ar\/sitio\/wp-json\/wp\/v2\/posts\/74012","targetHints":{"allow":["GET"]}}],"collection":[{"href":"https:\/\/vocesparalelas.com.ar\/sitio\/wp-json\/wp\/v2\/posts"}],"about":[{"href":"https:\/\/vocesparalelas.com.ar\/sitio\/wp-json\/wp\/v2\/types\/post"}],"author":[{"embeddable":true,"href":"https:\/\/vocesparalelas.com.ar\/sitio\/wp-json\/wp\/v2\/users\/3"}],"replies":[{"embeddable":true,"href":"https:\/\/vocesparalelas.com.ar\/sitio\/wp-json\/wp\/v2\/comments?post=74012"}],"version-history":[{"count":1,"href":"https:\/\/vocesparalelas.com.ar\/sitio\/wp-json\/wp\/v2\/posts\/74012\/revisions"}],"predecessor-version":[{"id":74016,"href":"https:\/\/vocesparalelas.com.ar\/sitio\/wp-json\/wp\/v2\/posts\/74012\/revisions\/74016"}],"wp:featuredmedia":[{"embeddable":true,"href":"https:\/\/vocesparalelas.com.ar\/sitio\/wp-json\/wp\/v2\/media\/74015"}],"wp:attachment":[{"href":"https:\/\/vocesparalelas.com.ar\/sitio\/wp-json\/wp\/v2\/media?parent=74012"}],"wp:term":[{"taxonomy":"category","embeddable":true,"href":"https:\/\/vocesparalelas.com.ar\/sitio\/wp-json\/wp\/v2\/categories?post=74012"},{"taxonomy":"post_tag","embeddable":true,"href":"https:\/\/vocesparalelas.com.ar\/sitio\/wp-json\/wp\/v2\/tags?post=74012"}],"curies":[{"name":"wp","href":"https:\/\/api.w.org\/{rel}","templated":true}]}}