{"id":73999,"date":"2024-06-24T23:19:19","date_gmt":"2024-06-25T02:19:19","guid":{"rendered":"https:\/\/vocesparalelas.com.ar\/sitio\/?p=73999"},"modified":"2024-06-25T22:19:28","modified_gmt":"2024-06-26T01:19:28","slug":"hacia-el-3-sinodo-de-san-juan","status":"publish","type":"post","link":"https:\/\/vocesparalelas.com.ar\/sitio\/hacia-el-3-sinodo-de-san-juan\/","title":{"rendered":"Hacia el 3\u00b0 S\u00ednodo de San Juan"},"content":{"rendered":"<p>Carta Convocatoria\u00a0 del Arzobispo de San Juan de Cuyo, Monse\u00f1or Jorge Lozano \u00abHacia el 3\u00b0 S\u00ednodo de San Juan\u00bb.<\/p>\n<p style=\"text-align: right;\">San Juan, 24 de junio de 2024<\/p>\n<p>Al querido pueblo de Dios que camina en San Juan:<\/p>\n<p>Esta Iglesia sanjuanina es una vi\u00f1a casi bicentenaria. Sus sarmientos se han extendido por los arenales del desierto cuyano, y bajo el cordillerano sol abrasador. El Vi\u00f1ador providente la ha elegido, y le ha regalado una vocaci\u00f3n prof\u00e9tica: el signo de Juan el Bautista. Al celebrar hoy su fiesta, volvemos a escuchar una vez m\u00e1s el llamado: \u00abpreparen el camino del Se\u00f1or. (Mc. 1.3)<\/p>\n<p>La misi\u00f3n de Juan se hace eco en nuestros corazones creyentes, ense\u00f1\u00e1ndonos un modo de ser Iglesia, porque hace posible el encuentro con Cristo Vivo. La solemnidad de su nacimiento nos Introduce en el misterio de la Encarnaci\u00f3n, y nos hace capaces de leer y asumir nuestra humanidad desde la perspectiva nueva y vivificante del bautismo. Tambi\u00e9n nosotros somos peregrinos y herederos de una esperanza, de un anuncio de vida. El fruto de la Pascua, racimo comunitario que brota del coraz\u00f3n abierto de Cristo, quiere ser el vino nuevo de la alegr\u00eda, que rejuvenezca la fe en estas tierras y la herede a las futuras generaciones.<\/p>\n<p>Miramos el camino recorrido y hacemos memoria de las huellas que, pastores y reba\u00f1o, nos han trazado en este tiempo. En las primeras d\u00e9cadas del siglo pasado se celebraron dos s\u00ednodos en San Juan, en 1916 y en 1926, con alcances diversos seg\u00fan las necesidades de entonces. Ambos fueron Iniciativa del Siervo de Dios. Monse\u00f1or Jos\u00e9 Am\u00e9rico Orzali, que tambi\u00e9n hab\u00eda convocado el tercero para 1936, pero no lleg\u00f3 a concretarse.<\/p>\n<p>Siguiendo el olfato de aquellos testimonios, la Iglesia de San Juan, hoy se aventura en la b\u00fasqueda de respuestas para los retos actuales. Durante el a\u00f1o pasado hemos realizado varias consultas acerca de la conveniencia de celebrar un Sinodo en San Juan, que nos permita \u00abescuchar y dialogar acerca de los desaf\u00edos que se nos presentan en la misi\u00f3n, y discernir juntos los caminos a transitar. El esp\u00edritu que nos anima, junto al de la Iglesia Universal. hunde sus raices en la naturaleza eclesial. y nos dice que \u00ablo que es com\u00fan a todos, debe ser tratado por todos.<\/p>\n<p>Por medio de esta carta quiero comunicar la convocatoria al Tercer Sinodo de la Iglesia en San Juan 2024-2026, comenzando su preparaci\u00f3n durante los pr\u00f3ximos meses. Oportunamente realizaremos Asambleas en cada comunidad, para que la mayor cantidad posible de fieles, anclados en la Palabra y movidos por el Espiritu Santo, puedan hacer un vivo aporte que nos ayude a expresar que \u00abSomos un pueblo que camina, anuncia y sirve\u00bb.<\/p>\n<p>Deseo que el Esp\u00edritu sea nuestra gu\u00eda en el aprender a caminar juntos como pueblo santo, y as\u00ed. sobre sus alas, y con el coraz\u00f3n dilatado, nuestra Iglesia arquidiocesana se abra a la belleza de la vida y sea siempre signo visible de su Amor, respuesta concreta para todos los que esperan su manifestaci\u00f3n. Recemos juntos por este tiempo, para que al escucharnos podamos discernir lo que el Esp\u00edritu Santo pide a la Iglesia hoy. No nos dejemos invadir por el desaliento y el escepticismo. Es el Se\u00f1or el \u00fanico que puede hacer nuevas todas las cosas (Ap. 21,5). Que el pr\u00f3ximo jubileo de la esperanza nos aliente en este peregrinar.<\/p>\n<p>Mar\u00eda Madre del Tulum y San Juan Bautista, rueguen por nosotros.<\/p>\n<p>+ Jorge Lojano<\/p>\n<p>Arzobispo de San Juan de Cuyo<\/p>\n","protected":false},"excerpt":{"rendered":"<p>Carta Convocatoria\u00a0 del Arzobispo de San Juan de Cuyo, Monse\u00f1or Jorge Lozano \u00abHacia el 3\u00b0 S\u00ednodo de San Juan\u00bb. San<\/p>\n","protected":false},"author":3,"featured_media":74002,"comment_status":"closed","ping_status":"closed","sticky":false,"template":"","format":"standard","meta":{"_acf_changed":false,"_seopress_robots_primary_cat":"none","_seopress_titles_title":"","_seopress_titles_desc":"","_seopress_robots_index":"","colormag_page_container_layout":"default_layout","colormag_page_sidebar_layout":"default_layout","footnotes":""},"categories":[10],"tags":[],"class_list":["post-73999","post","type-post","status-publish","format-standard","has-post-thumbnail","hentry","category-opiniones"],"acf":[],"_links":{"self":[{"href":"https:\/\/vocesparalelas.com.ar\/sitio\/wp-json\/wp\/v2\/posts\/73999","targetHints":{"allow":["GET"]}}],"collection":[{"href":"https:\/\/vocesparalelas.com.ar\/sitio\/wp-json\/wp\/v2\/posts"}],"about":[{"href":"https:\/\/vocesparalelas.com.ar\/sitio\/wp-json\/wp\/v2\/types\/post"}],"author":[{"embeddable":true,"href":"https:\/\/vocesparalelas.com.ar\/sitio\/wp-json\/wp\/v2\/users\/3"}],"replies":[{"embeddable":true,"href":"https:\/\/vocesparalelas.com.ar\/sitio\/wp-json\/wp\/v2\/comments?post=73999"}],"version-history":[{"count":1,"href":"https:\/\/vocesparalelas.com.ar\/sitio\/wp-json\/wp\/v2\/posts\/73999\/revisions"}],"predecessor-version":[{"id":74003,"href":"https:\/\/vocesparalelas.com.ar\/sitio\/wp-json\/wp\/v2\/posts\/73999\/revisions\/74003"}],"wp:featuredmedia":[{"embeddable":true,"href":"https:\/\/vocesparalelas.com.ar\/sitio\/wp-json\/wp\/v2\/media\/74002"}],"wp:attachment":[{"href":"https:\/\/vocesparalelas.com.ar\/sitio\/wp-json\/wp\/v2\/media?parent=73999"}],"wp:term":[{"taxonomy":"category","embeddable":true,"href":"https:\/\/vocesparalelas.com.ar\/sitio\/wp-json\/wp\/v2\/categories?post=73999"},{"taxonomy":"post_tag","embeddable":true,"href":"https:\/\/vocesparalelas.com.ar\/sitio\/wp-json\/wp\/v2\/tags?post=73999"}],"curies":[{"name":"wp","href":"https:\/\/api.w.org\/{rel}","templated":true}]}}