{"id":73973,"date":"2024-06-24T19:47:47","date_gmt":"2024-06-24T22:47:47","guid":{"rendered":"https:\/\/vocesparalelas.com.ar\/sitio\/?p=73973"},"modified":"2024-06-25T15:03:52","modified_gmt":"2024-06-25T18:03:52","slug":"operativo-integral-del-arbolado-en-rivadavia","status":"publish","type":"post","link":"https:\/\/vocesparalelas.com.ar\/sitio\/operativo-integral-del-arbolado-en-rivadavia\/","title":{"rendered":"Operativo Integral del Arbolado en Rivadavia"},"content":{"rendered":"<p>La Municipalidad de la Ciudad de Rivadavia contin\u00faa con su calendario de intervenci\u00f3n de especies arb\u00f3reas en la semana del 24 al 29 de junio en cuatro barrios de diferentes comunas, con el Operativo Integral del Arbolado.<\/p>\n<p><strong><span style=\"color: #ff6600;\">Los agentes especializados al servicio del municipio llegan <\/span><\/strong><\/p>\n<ul>\n<li>Lunes, 24 de Junio, al Barrio Natania XV<\/li>\n<li>Mi\u00e9rcoles, 26 de Junio, Barrio 2 de Agosto<\/li>\n<li>Jueves, 27 de Junio, Barrio San Carlos<\/li>\n<li>Viernes, 28 de Junio, Barrio Gemo y el Barrio Puyuta.<\/li>\n<li>S\u00e1bado, 29 de Junio, Barrio Santa Mar\u00eda de Oro.<\/li>\n<\/ul>\n<p>Las cuadrillas abordan el arbolado p\u00fablico con equipos de corte, equipos de levante, camiones e hidrogr\u00faa, adem\u00e1s de indumentaria identificativa y carteleria vial orientativa.<\/p>\n<p>Cabe recordar que la formaci\u00f3n de especies se trata del proceso de guiar el crecimiento del \u00e1rbol a trav\u00e9s de podas selectivas desde su juventud.<\/p>\n<p>El objetivo es darle una estructura equilibrada, fuerte y segura a medida que el \u00e1rbol se desarrolle. El despeje de luminarias implica la poda cuidadosa de ramas que interfieren con el tendido el\u00e9ctrico y el alumbrado p\u00fablico. Es esencial realizar esta tarea para evitar cortocircuitos, interrupciones de energ\u00eda y riesgos de incendios.<\/p>\n<p>El Intendente Sergio Miodowsky ha desarrollado un programa planificado y eficiente que dotar\u00e1 de salubridad a la arboleda, garantizando los servicios p\u00fablicos y generando mayor seguridad para los vecinos.<\/p>\n<p>&nbsp;<\/p>\n<p><img loading=\"lazy\" decoding=\"async\" class=\"alignnone size-full wp-image-66896\" src=\"https:\/\/vocesparalelas.com.ar\/sitio\/wp-content\/uploads\/2023\/12\/RIVADAVIA-LOGO-NUEVO.jpg\" alt=\"\" width=\"800\" height=\"533\" srcset=\"https:\/\/vocesparalelas.com.ar\/sitio\/wp-content\/uploads\/2023\/12\/RIVADAVIA-LOGO-NUEVO.jpg 800w, https:\/\/vocesparalelas.com.ar\/sitio\/wp-content\/uploads\/2023\/12\/RIVADAVIA-LOGO-NUEVO-300x200.jpg 300w, https:\/\/vocesparalelas.com.ar\/sitio\/wp-content\/uploads\/2023\/12\/RIVADAVIA-LOGO-NUEVO-768x512.jpg 768w\" sizes=\"auto, (max-width: 800px) 100vw, 800px\" \/><\/p>\n","protected":false},"excerpt":{"rendered":"<p>La Municipalidad de la Ciudad de Rivadavia contin\u00faa con su calendario de intervenci\u00f3n de especies arb\u00f3reas en la semana del<\/p>\n","protected":false},"author":3,"featured_media":72415,"comment_status":"closed","ping_status":"closed","sticky":false,"template":"","format":"standard","meta":{"_acf_changed":false,"_seopress_robots_primary_cat":"none","_seopress_titles_title":"","_seopress_titles_desc":"","_seopress_robots_index":"","colormag_page_container_layout":"default_layout","colormag_page_sidebar_layout":"default_layout","footnotes":""},"categories":[2],"tags":[],"class_list":["post-73973","post","type-post","status-publish","format-standard","has-post-thumbnail","hentry","category-convocatorias"],"acf":[],"_links":{"self":[{"href":"https:\/\/vocesparalelas.com.ar\/sitio\/wp-json\/wp\/v2\/posts\/73973","targetHints":{"allow":["GET"]}}],"collection":[{"href":"https:\/\/vocesparalelas.com.ar\/sitio\/wp-json\/wp\/v2\/posts"}],"about":[{"href":"https:\/\/vocesparalelas.com.ar\/sitio\/wp-json\/wp\/v2\/types\/post"}],"author":[{"embeddable":true,"href":"https:\/\/vocesparalelas.com.ar\/sitio\/wp-json\/wp\/v2\/users\/3"}],"replies":[{"embeddable":true,"href":"https:\/\/vocesparalelas.com.ar\/sitio\/wp-json\/wp\/v2\/comments?post=73973"}],"version-history":[{"count":2,"href":"https:\/\/vocesparalelas.com.ar\/sitio\/wp-json\/wp\/v2\/posts\/73973\/revisions"}],"predecessor-version":[{"id":73977,"href":"https:\/\/vocesparalelas.com.ar\/sitio\/wp-json\/wp\/v2\/posts\/73973\/revisions\/73977"}],"wp:featuredmedia":[{"embeddable":true,"href":"https:\/\/vocesparalelas.com.ar\/sitio\/wp-json\/wp\/v2\/media\/72415"}],"wp:attachment":[{"href":"https:\/\/vocesparalelas.com.ar\/sitio\/wp-json\/wp\/v2\/media?parent=73973"}],"wp:term":[{"taxonomy":"category","embeddable":true,"href":"https:\/\/vocesparalelas.com.ar\/sitio\/wp-json\/wp\/v2\/categories?post=73973"},{"taxonomy":"post_tag","embeddable":true,"href":"https:\/\/vocesparalelas.com.ar\/sitio\/wp-json\/wp\/v2\/tags?post=73973"}],"curies":[{"name":"wp","href":"https:\/\/api.w.org\/{rel}","templated":true}]}}