{"id":73952,"date":"2024-06-24T14:13:44","date_gmt":"2024-06-24T17:13:44","guid":{"rendered":"https:\/\/vocesparalelas.com.ar\/sitio\/?p=73952"},"modified":"2024-06-24T23:53:35","modified_gmt":"2024-06-25T02:53:35","slug":"la-obra-de-agua-potable-que-beneficiara-a-casi-40-mil-habitantes-de-los-departamentos-pocito-y-rawson-de-san-juan","status":"publish","type":"post","link":"https:\/\/vocesparalelas.com.ar\/sitio\/la-obra-de-agua-potable-que-beneficiara-a-casi-40-mil-habitantes-de-los-departamentos-pocito-y-rawson-de-san-juan\/","title":{"rendered":"La obra de agua potable que beneficiar\u00e1 a casi 40 mil habitantes de los Departamentos Pocito y Rawson de San Juan"},"content":{"rendered":"<p>El Lunes, 24 de Junio, el gobernador de San Juan, Dr. Marcelo Orrego recorri\u00f3 la obra de refuerzo del servicio de agua potable que beneficiar\u00e1 a unos 40 mil habitantes del Departamentos Pocito y Rawson.<\/p>\n<p>Se trata de la ca\u00f1er\u00eda de refuerzo en Calle 5. La obra la realiza OSSE, por administraci\u00f3n, lo que implic\u00f3 un ahorro de $130 millones.<\/p>\n<p>Se trata de la ca\u00f1er\u00eda que va por Calle 5 y se extiende desde Meglioli hasta Hip\u00f3lito Yrigoyen. Cabe destacar que esta obra servir\u00e1 como refuerzo de la red distribuidora de agua potable en la zona Suroeste del Departamento Rawson y Noroeste del Departamento Pocito.<\/p>\n<p>El primer mandatario fue acompa\u00f1ado por el ministerio de Infraestructura, Agua y Energ\u00eda, Arq. Fernando Perea y el presidente de OSSE, Ing. Jos\u00e9 Luis Beltr\u00e1n.<\/p>\n<p>En este contexto, el gobernador de San Juan, Dr. Marcelo Orrego explic\u00f3 que \u00abesta obra va a impactar en el suroeste del Departamento Rawson y el Noroeste del Departamento Pocito. Es una red de distribuci\u00f3n para que llegue m\u00e1s agua potable a la poblaci\u00f3n. La obra beneficia a m\u00e1s de 16 barrios, entre barrios y lotes, y eso va a impactar en casi 40.000 personas que van a tener mejor calidad de vida\u201d.<\/p>\n<p>Por su lado, el presidente de OSSE, Ing. Jos\u00e9 Luis Beltr\u00e1n puntualiz\u00f3 que \u00abest\u00e1n haciendo 1200 metros de acueductos. La obra est\u00e1 terminando en tres d\u00edas m\u00e1s. Est\u00e1 empalmada. Lo importante que viene a subsanar la problem\u00e1tica que siempre en temporada de verano falte agua. Es la forma de darle agua tanto a los barrios de un gran sector del Departamento Pocito y del Departamento Rawson\u201d.<\/p>\n<p>Es importante destacar que la obra, si se hubiera realizado por Licitaci\u00f3n, el costo hubiera sido de aproximadamente $ 250 millones. Pero la realiz\u00f3 OSSE por administraci\u00f3n y se redujo el costo a $ 120 millones. Esto produjo un ahorro a la provincia de aproximadamente $130 millones.<\/p>\n<p><span style=\"color: #0000ff;\"><strong>Los barrios y loteos que se ver\u00e1n beneficiados<\/strong><\/span><\/p>\n<ul>\n<li>San Cayetano,<\/li>\n<li>Altos de Meglioli,<\/li>\n<li>Palmares del Cerro,<\/li>\n<li>CREAR,<\/li>\n<li>San Francisco,<\/li>\n<li>FOECyT,<\/li>\n<li>Margarita Ferra,<\/li>\n<li>Los Cerros,<\/li>\n<li>UDA,<\/li>\n<li>UTA,<\/li>\n<li>Cerro Grande,<\/li>\n<li>Virgen de F\u00e1tima 3,<\/li>\n<li>Conjunto 6,<\/li>\n<li>Olivares del Sur<\/li>\n<li>Zonas aleda\u00f1as a Calle 5, Calle 6, Calle Hip\u00f3lito Yrigoyen y Vidart.<\/li>\n<\/ul>\n<p><iframe loading=\"lazy\" title=\"El gobernador Orrego recorri\u00f3 obras de ampliaci\u00f3n de la red de agua potable en Calle 5\" width=\"800\" height=\"450\" src=\"https:\/\/www.youtube.com\/embed\/f4SLgvCO1qE?feature=oembed\" frameborder=\"0\" allow=\"accelerometer; autoplay; clipboard-write; encrypted-media; gyroscope; picture-in-picture; web-share\" referrerpolicy=\"strict-origin-when-cross-origin\" allowfullscreen><\/iframe><\/p>\n<p>&nbsp;<\/p>\n","protected":false},"excerpt":{"rendered":"<p>El Lunes, 24 de Junio, el gobernador de San Juan, Dr. Marcelo Orrego recorri\u00f3 la obra de refuerzo del servicio<\/p>\n","protected":false},"author":3,"featured_media":73955,"comment_status":"closed","ping_status":"closed","sticky":false,"template":"","format":"standard","meta":{"_acf_changed":false,"_seopress_robots_primary_cat":"none","_seopress_titles_title":"","_seopress_titles_desc":"","_seopress_robots_index":"","colormag_page_container_layout":"default_layout","colormag_page_sidebar_layout":"default_layout","footnotes":""},"categories":[1,7],"tags":[],"class_list":["post-73952","post","type-post","status-publish","format-standard","has-post-thumbnail","hentry","category-destacadas","category-videos"],"acf":[],"_links":{"self":[{"href":"https:\/\/vocesparalelas.com.ar\/sitio\/wp-json\/wp\/v2\/posts\/73952","targetHints":{"allow":["GET"]}}],"collection":[{"href":"https:\/\/vocesparalelas.com.ar\/sitio\/wp-json\/wp\/v2\/posts"}],"about":[{"href":"https:\/\/vocesparalelas.com.ar\/sitio\/wp-json\/wp\/v2\/types\/post"}],"author":[{"embeddable":true,"href":"https:\/\/vocesparalelas.com.ar\/sitio\/wp-json\/wp\/v2\/users\/3"}],"replies":[{"embeddable":true,"href":"https:\/\/vocesparalelas.com.ar\/sitio\/wp-json\/wp\/v2\/comments?post=73952"}],"version-history":[{"count":2,"href":"https:\/\/vocesparalelas.com.ar\/sitio\/wp-json\/wp\/v2\/posts\/73952\/revisions"}],"predecessor-version":[{"id":74004,"href":"https:\/\/vocesparalelas.com.ar\/sitio\/wp-json\/wp\/v2\/posts\/73952\/revisions\/74004"}],"wp:featuredmedia":[{"embeddable":true,"href":"https:\/\/vocesparalelas.com.ar\/sitio\/wp-json\/wp\/v2\/media\/73955"}],"wp:attachment":[{"href":"https:\/\/vocesparalelas.com.ar\/sitio\/wp-json\/wp\/v2\/media?parent=73952"}],"wp:term":[{"taxonomy":"category","embeddable":true,"href":"https:\/\/vocesparalelas.com.ar\/sitio\/wp-json\/wp\/v2\/categories?post=73952"},{"taxonomy":"post_tag","embeddable":true,"href":"https:\/\/vocesparalelas.com.ar\/sitio\/wp-json\/wp\/v2\/tags?post=73952"}],"curies":[{"name":"wp","href":"https:\/\/api.w.org\/{rel}","templated":true}]}}