{"id":73919,"date":"2024-06-19T20:00:24","date_gmt":"2024-06-19T23:00:24","guid":{"rendered":"https:\/\/vocesparalelas.com.ar\/sitio\/?p=73919"},"modified":"2024-07-22T23:19:22","modified_gmt":"2024-07-23T02:19:22","slug":"duo-mixturas-acompanando-el-vuelo-en-el-auditorio-ing-juan-victoria","status":"publish","type":"post","link":"https:\/\/vocesparalelas.com.ar\/sitio\/duo-mixturas-acompanando-el-vuelo-en-el-auditorio-ing-juan-victoria\/","title":{"rendered":"D\u00fao MIXTURAS \u00abAcompa\u00f1ando el Vuelo\u00bb en el Auditorio Ing. Juan Victoria"},"content":{"rendered":"<p>El S\u00e1bado, 20 de Julio, a las 21:30 hs.; en el Auditorio Ing. Juan Victoria se presenta D\u00fao MIXTURAS \u00abAcompa\u00f1ando el Vuelo\u00bb, en el marco del Primer Festival de M\u00fasica Popular Argentina<\/p>\n<p><strong><span style=\"color: #ff6600;\">Artistas<\/span><\/strong><\/p>\n<ul>\n<li>D\u00fao Mixtura y Familia: Pierina Ciallella, Marcelo Bartolom\u00e9, Luisa, Juli\u00e1n y Santiago Bartolom\u00e9 Ciallella<\/li>\n<\/ul>\n<figure id=\"attachment_73923\" aria-describedby=\"caption-attachment-73923\" style=\"width: 566px\" class=\"wp-caption aligncenter\"><img loading=\"lazy\" decoding=\"async\" class=\"size-large wp-image-73923\" src=\"https:\/\/vocesparalelas.com.ar\/sitio\/wp-content\/uploads\/2024\/06\/MIXTURA-FAMILIA-566x800.jpg\" alt=\"\" width=\"566\" height=\"800\" srcset=\"https:\/\/vocesparalelas.com.ar\/sitio\/wp-content\/uploads\/2024\/06\/MIXTURA-FAMILIA-566x800.jpg 566w, https:\/\/vocesparalelas.com.ar\/sitio\/wp-content\/uploads\/2024\/06\/MIXTURA-FAMILIA-212x300.jpg 212w, https:\/\/vocesparalelas.com.ar\/sitio\/wp-content\/uploads\/2024\/06\/MIXTURA-FAMILIA.jpg 724w\" sizes=\"auto, (max-width: 566px) 100vw, 566px\" \/><figcaption id=\"caption-attachment-73923\" class=\"wp-caption-text\">Pierina Ciallella, Marcelo Bartolom\u00e9, Luisa, Juli\u00e1n y Santiago Bartolom\u00e9 Ciallella<\/figcaption><\/figure>\n<p><strong><span style=\"color: #ff6600;\">M\u00fasicos Invitados<\/span><\/strong><\/p>\n<ul>\n<li>Lucio Flores (piano)<\/li>\n<li>Carlos Cruz (percusi\u00f3n)<\/li>\n<li>Juan Jos\u00e9 Olgu\u00edn (bandone\u00f3n)<\/li>\n<li>Juan Carlos Caballero (viol\u00edn)<\/li>\n<li>Gala Grosman (viola)<\/li>\n<li>Cecilia P\u00e9rez (violoncello)<\/li>\n<li>Leonardo Grosso (contrabajo)<\/li>\n<li>Andr\u00e9s R\u00edmolo (voz y guitarra)<\/li>\n<li>Grupo de Canto Colectivo \u201cEl Umbral\u201d.<\/li>\n<\/ul>\n<p><strong><span style=\"color: #ff6600;\">Entrada<\/span><\/strong><\/p>\n<ul>\n<li>Bono Contribuci\u00f3n $5000; en la Boleter\u00eda del Auditorio, de Lunes a Viernes, de 10 a 18 hs.<\/li>\n<li>2646720223<\/li>\n<li>2645622325<\/li>\n<\/ul>\n<p>&nbsp;<\/p>\n<p><iframe loading=\"lazy\" title=\"SAN JUAN MIXTURA EL PASO DE LA VIDA\" width=\"800\" height=\"450\" src=\"https:\/\/www.youtube.com\/embed\/DZEbEinlopc?feature=oembed\" frameborder=\"0\" allow=\"accelerometer; autoplay; clipboard-write; encrypted-media; gyroscope; picture-in-picture; web-share\" referrerpolicy=\"strict-origin-when-cross-origin\" allowfullscreen><\/iframe><\/p>\n<p>&nbsp;<\/p>\n<p><img loading=\"lazy\" decoding=\"async\" class=\"alignnone size-full wp-image-61468\" src=\"https:\/\/vocesparalelas.com.ar\/sitio\/wp-content\/uploads\/2023\/07\/AUDITORIO-EDIFICIO.jpg\" alt=\"\" width=\"800\" height=\"533\" srcset=\"https:\/\/vocesparalelas.com.ar\/sitio\/wp-content\/uploads\/2023\/07\/AUDITORIO-EDIFICIO.jpg 800w, https:\/\/vocesparalelas.com.ar\/sitio\/wp-content\/uploads\/2023\/07\/AUDITORIO-EDIFICIO-300x200.jpg 300w, https:\/\/vocesparalelas.com.ar\/sitio\/wp-content\/uploads\/2023\/07\/AUDITORIO-EDIFICIO-768x512.jpg 768w\" sizes=\"auto, (max-width: 800px) 100vw, 800px\" \/><\/p>\n","protected":false},"excerpt":{"rendered":"<p>El S\u00e1bado, 20 de Julio, a las 21:30 hs.; en el Auditorio Ing. Juan Victoria se presenta D\u00fao MIXTURAS \u00abAcompa\u00f1ando<\/p>\n","protected":false},"author":3,"featured_media":73922,"comment_status":"closed","ping_status":"closed","sticky":false,"template":"","format":"standard","meta":{"_acf_changed":false,"_seopress_robots_primary_cat":"none","_seopress_titles_title":"","_seopress_titles_desc":"","_seopress_robots_index":"","colormag_page_container_layout":"default_layout","colormag_page_sidebar_layout":"default_layout","footnotes":""},"categories":[20,7],"tags":[],"class_list":["post-73919","post","type-post","status-publish","format-standard","has-post-thumbnail","hentry","category-cartelera","category-videos"],"acf":[],"_links":{"self":[{"href":"https:\/\/vocesparalelas.com.ar\/sitio\/wp-json\/wp\/v2\/posts\/73919","targetHints":{"allow":["GET"]}}],"collection":[{"href":"https:\/\/vocesparalelas.com.ar\/sitio\/wp-json\/wp\/v2\/posts"}],"about":[{"href":"https:\/\/vocesparalelas.com.ar\/sitio\/wp-json\/wp\/v2\/types\/post"}],"author":[{"embeddable":true,"href":"https:\/\/vocesparalelas.com.ar\/sitio\/wp-json\/wp\/v2\/users\/3"}],"replies":[{"embeddable":true,"href":"https:\/\/vocesparalelas.com.ar\/sitio\/wp-json\/wp\/v2\/comments?post=73919"}],"version-history":[{"count":2,"href":"https:\/\/vocesparalelas.com.ar\/sitio\/wp-json\/wp\/v2\/posts\/73919\/revisions"}],"predecessor-version":[{"id":73948,"href":"https:\/\/vocesparalelas.com.ar\/sitio\/wp-json\/wp\/v2\/posts\/73919\/revisions\/73948"}],"wp:featuredmedia":[{"embeddable":true,"href":"https:\/\/vocesparalelas.com.ar\/sitio\/wp-json\/wp\/v2\/media\/73922"}],"wp:attachment":[{"href":"https:\/\/vocesparalelas.com.ar\/sitio\/wp-json\/wp\/v2\/media?parent=73919"}],"wp:term":[{"taxonomy":"category","embeddable":true,"href":"https:\/\/vocesparalelas.com.ar\/sitio\/wp-json\/wp\/v2\/categories?post=73919"},{"taxonomy":"post_tag","embeddable":true,"href":"https:\/\/vocesparalelas.com.ar\/sitio\/wp-json\/wp\/v2\/tags?post=73919"}],"curies":[{"name":"wp","href":"https:\/\/api.w.org\/{rel}","templated":true}]}}