{"id":73863,"date":"2024-06-20T11:54:58","date_gmt":"2024-06-20T14:54:58","guid":{"rendered":"https:\/\/vocesparalelas.com.ar\/sitio\/?p=73863"},"modified":"2024-06-22T11:05:25","modified_gmt":"2024-06-22T14:05:25","slug":"monumento-historico-nacional-el-solar-de-descanso-del-gral-manuel-belgrano-creador-de-la-bandera-argentina","status":"publish","type":"post","link":"https:\/\/vocesparalelas.com.ar\/sitio\/monumento-historico-nacional-el-solar-de-descanso-del-gral-manuel-belgrano-creador-de-la-bandera-argentina\/","title":{"rendered":"Monumento Hist\u00f3rico Nacional el solar de descanso del Gral. Manuel Belgrano creador de la Bandera Argentina"},"content":{"rendered":"<p>Por el Arq. Jorge Alberto Mart\u00edn, Delegado Comisi\u00f3n Nacional de Monumentos, de Lugares y de Bienes Hist\u00f3ricos<\/p>\n<p>A 254 a\u00f1os de su Nacimiento y 204 de su fallecimiento recordamos al General Manuel Belgrano, creador de nuestra hermosa Bandera, la cual acompa\u00f1a el lugar de Descanso del Guerrero &#8211; Monumento Hist\u00f3rico Nacional &#8211; MHN<br \/>\nMausoleo del General Manuel Belgrano.<\/p>\n<figure id=\"attachment_73866\" aria-describedby=\"caption-attachment-73866\" style=\"width: 600px\" class=\"wp-caption aligncenter\"><img loading=\"lazy\" decoding=\"async\" class=\"size-large wp-image-73866\" src=\"https:\/\/vocesparalelas.com.ar\/sitio\/wp-content\/uploads\/2024\/06\/GRAL-MANUEL-BELGRANO-600x800.jpg\" alt=\"\" width=\"600\" height=\"800\" srcset=\"https:\/\/vocesparalelas.com.ar\/sitio\/wp-content\/uploads\/2024\/06\/GRAL-MANUEL-BELGRANO-600x800.jpg 600w, https:\/\/vocesparalelas.com.ar\/sitio\/wp-content\/uploads\/2024\/06\/GRAL-MANUEL-BELGRANO-225x300.jpg 225w, https:\/\/vocesparalelas.com.ar\/sitio\/wp-content\/uploads\/2024\/06\/GRAL-MANUEL-BELGRANO.jpg 768w\" sizes=\"auto, (max-width: 600px) 100vw, 600px\" \/><figcaption id=\"caption-attachment-73866\" class=\"wp-caption-text\">Monumento Hist\u00f3rico Nacional Mausoleo del Gral. Manuel Belgrano<\/figcaption><\/figure>\n<p><strong><span style=\"color: #0000ff;\">Ficha T\u00e9cnica<\/span><\/strong><\/p>\n<ul>\n<li>Ubicaci\u00f3n: Atrio de la Bas\u00edlica de Nuestra Se\u00f1ora del Rosario y Convento de Santo Domingo, Avenida Belgrano y Defensa, Ciudad de Buenos Aires<\/li>\n<li>A\u00f1os: 1897; 1903 (inauguraci\u00f3n)<\/li>\n<li>Autor: Ettore Ximenes<\/li>\n<\/ul>\n<p>Sobre un basamento de m\u00e1rmoles italianos se eleva un emblem\u00e1tico sarc\u00f3fago coronado por un yelmo y sostenido por cuatro \u00e1ngeles.<\/p>\n<p>El monumento incorpora asimismo dos bajorrelieves en bronce referidos a las m\u00e1s relevantes acciones belgranianas \u2013la creaci\u00f3n de la Bandera y las batallas de Tucum\u00e1n y Salta\u2013 y, ubicadas a ambos lados de la base, dos figuras masculinas que simbolizan el Pensamiento y la Acci\u00f3n; este espl\u00e9ndido par escult\u00f3rico, alude al car\u00e1cter heroico del hombre que supo luchar por la libertad de su patria desde todos los \u00e1ngulos que le se\u00f1al\u00f3 su destino.<\/p>\n<p><img loading=\"lazy\" decoding=\"async\" class=\"alignnone size-large wp-image-2138\" src=\"https:\/\/vocesparalelas.com.ar\/sitio\/wp-content\/uploads\/2017\/06\/BANDERA-ARGENTINA-800x600.jpg\" alt=\"\" width=\"800\" height=\"600\" srcset=\"https:\/\/vocesparalelas.com.ar\/sitio\/wp-content\/uploads\/2017\/06\/BANDERA-ARGENTINA-800x600.jpg 800w, https:\/\/vocesparalelas.com.ar\/sitio\/wp-content\/uploads\/2017\/06\/BANDERA-ARGENTINA-300x225.jpg 300w, https:\/\/vocesparalelas.com.ar\/sitio\/wp-content\/uploads\/2017\/06\/BANDERA-ARGENTINA-768x576.jpg 768w, https:\/\/vocesparalelas.com.ar\/sitio\/wp-content\/uploads\/2017\/06\/BANDERA-ARGENTINA.jpg 1024w\" sizes=\"auto, (max-width: 800px) 100vw, 800px\" \/><\/p>\n","protected":false},"excerpt":{"rendered":"<p>Por el Arq. Jorge Alberto Mart\u00edn, Delegado Comisi\u00f3n Nacional de Monumentos, de Lugares y de Bienes Hist\u00f3ricos A 254 a\u00f1os<\/p>\n","protected":false},"author":3,"featured_media":73867,"comment_status":"closed","ping_status":"closed","sticky":false,"template":"","format":"standard","meta":{"_acf_changed":false,"_seopress_robots_primary_cat":"none","_seopress_titles_title":"","_seopress_titles_desc":"","_seopress_robots_index":"","colormag_page_container_layout":"default_layout","colormag_page_sidebar_layout":"default_layout","footnotes":""},"categories":[10],"tags":[],"class_list":["post-73863","post","type-post","status-publish","format-standard","has-post-thumbnail","hentry","category-opiniones"],"acf":[],"_links":{"self":[{"href":"https:\/\/vocesparalelas.com.ar\/sitio\/wp-json\/wp\/v2\/posts\/73863","targetHints":{"allow":["GET"]}}],"collection":[{"href":"https:\/\/vocesparalelas.com.ar\/sitio\/wp-json\/wp\/v2\/posts"}],"about":[{"href":"https:\/\/vocesparalelas.com.ar\/sitio\/wp-json\/wp\/v2\/types\/post"}],"author":[{"embeddable":true,"href":"https:\/\/vocesparalelas.com.ar\/sitio\/wp-json\/wp\/v2\/users\/3"}],"replies":[{"embeddable":true,"href":"https:\/\/vocesparalelas.com.ar\/sitio\/wp-json\/wp\/v2\/comments?post=73863"}],"version-history":[{"count":1,"href":"https:\/\/vocesparalelas.com.ar\/sitio\/wp-json\/wp\/v2\/posts\/73863\/revisions"}],"predecessor-version":[{"id":73868,"href":"https:\/\/vocesparalelas.com.ar\/sitio\/wp-json\/wp\/v2\/posts\/73863\/revisions\/73868"}],"wp:featuredmedia":[{"embeddable":true,"href":"https:\/\/vocesparalelas.com.ar\/sitio\/wp-json\/wp\/v2\/media\/73867"}],"wp:attachment":[{"href":"https:\/\/vocesparalelas.com.ar\/sitio\/wp-json\/wp\/v2\/media?parent=73863"}],"wp:term":[{"taxonomy":"category","embeddable":true,"href":"https:\/\/vocesparalelas.com.ar\/sitio\/wp-json\/wp\/v2\/categories?post=73863"},{"taxonomy":"post_tag","embeddable":true,"href":"https:\/\/vocesparalelas.com.ar\/sitio\/wp-json\/wp\/v2\/tags?post=73863"}],"curies":[{"name":"wp","href":"https:\/\/api.w.org\/{rel}","templated":true}]}}