{"id":73854,"date":"2024-06-19T20:49:26","date_gmt":"2024-06-19T23:49:26","guid":{"rendered":"https:\/\/vocesparalelas.com.ar\/sitio\/?p=73854"},"modified":"2024-06-20T20:53:15","modified_gmt":"2024-06-20T23:53:15","slug":"advertencias-para-el-cuidado-de-las-personas-en-los-diques-y-espacios-verdes-de-san-juan","status":"publish","type":"post","link":"https:\/\/vocesparalelas.com.ar\/sitio\/advertencias-para-el-cuidado-de-las-personas-en-los-diques-y-espacios-verdes-de-san-juan\/","title":{"rendered":"Advertencias para el cuidado de las personas en los diques y espacios verdes de San Juan"},"content":{"rendered":"<p>Debido al feriado extra largo, se espera una gran afluencia de p\u00fablico en los diques y espacios verdes de la provincia de San Juan. En este contexto, desde la Direcci\u00f3n de Recursos Energ\u00e9ticos y la Subdirecci\u00f3n de Espacios Verdes brindaron algunas recomendaciones importantes para mantener estos lugares en buen estado.<\/p>\n<p>Con el objetivo es garantizar la seguridad de las personas y preservar el buen estado de de los diques, que, aunque son destinos tur\u00edsticos, tienen la funci\u00f3n crucial de almacenar agua para la provincia, la Direcci\u00f3n de Recursos Energ\u00e9ticos recomienda:<\/p>\n<ul>\n<li>Concurrir solo a las\u00a0zonas que est\u00e9n habilitadas, evitar transitar y permanecer en lugares no habilitados.<\/li>\n<li>No hacer fuego, ni acampar en lugares sin equipamiento.<\/li>\n<li>Cuidar los recursos naturales: agua, suelo, aire, flora y fauna.<\/li>\n<li>Embolsar y\u00a0depositar los residuos en los lugares destinados para tal fin (cestos de basura).<\/li>\n<li>Para embarcar: deben contar con la matr\u00edcula correspondiente, cumplir con las normas de seguridad y solo ingresar por los embarcaderos autorizados.<\/li>\n<li>No est\u00e1 permitido circular en veh\u00edculos por huellas no habilitadas, ni en zonas declaradas Parque Natural o Paisaje Protegido.<\/li>\n<\/ul>\n<p>Adem\u00e1s, se espera que muchos opten por relajarse en los espacios verdes de la provincia, como el Parque de Mayo, el Parque Belgrano (ubicado en la ex estaci\u00f3n de tren) y la zona de la Quebrada de Zonda, entre otros. Para quienes elijan estos destinos, la Subdirecci\u00f3n de Espacios Verdes ha compartido una serie de cuidados importantes:<\/p>\n<ul>\n<li>Descartar todo tipo de residuos en los basureros y\u00a0evitar arrojar colillas de cigarrillo.<\/li>\n<li>Levantar los desechos de las mascotas.<\/li>\n<li>No desperdiciar el agua.<\/li>\n<li>No da\u00f1ar los mobiliarios, sanitarios, luminarias y vegetaci\u00f3n, evitando la extracci\u00f3n de ramas o flores<\/li>\n<li>Evitar derramar agua caliente o cualquier producto que pueda da\u00f1ar la carpeta verde.<\/li>\n<li>No ingresar al lago del Parque de Mayo.<\/li>\n<li>No tocar tableros, luminarias ni cualquier instalaci\u00f3n el\u00e9ctrica.<\/li>\n<li>Se encuentra totalmente prohibido encender fuego, cualquiera que sea el motivo.<\/li>\n<li>No se encuentra permitida la venta ambulante de productos comerciales ni la instalaci\u00f3n de mantas, stands, foodtruck, etc., cualquiera sea el rubro. A no ser que sea organizada y regulada por entes gubernamentales, solicitando los permisos correspondientes y cumpliendo las normativas acordadas.<\/li>\n<\/ul>\n","protected":false},"excerpt":{"rendered":"<p>Debido al feriado extra largo, se espera una gran afluencia de p\u00fablico en los diques y espacios verdes de la<\/p>\n","protected":false},"author":3,"featured_media":25833,"comment_status":"closed","ping_status":"closed","sticky":false,"template":"","format":"standard","meta":{"_acf_changed":false,"_seopress_robots_primary_cat":"none","_seopress_titles_title":"","_seopress_titles_desc":"","_seopress_robots_index":"","colormag_page_container_layout":"default_layout","colormag_page_sidebar_layout":"default_layout","footnotes":""},"categories":[2],"tags":[],"class_list":["post-73854","post","type-post","status-publish","format-standard","has-post-thumbnail","hentry","category-convocatorias"],"acf":[],"_links":{"self":[{"href":"https:\/\/vocesparalelas.com.ar\/sitio\/wp-json\/wp\/v2\/posts\/73854","targetHints":{"allow":["GET"]}}],"collection":[{"href":"https:\/\/vocesparalelas.com.ar\/sitio\/wp-json\/wp\/v2\/posts"}],"about":[{"href":"https:\/\/vocesparalelas.com.ar\/sitio\/wp-json\/wp\/v2\/types\/post"}],"author":[{"embeddable":true,"href":"https:\/\/vocesparalelas.com.ar\/sitio\/wp-json\/wp\/v2\/users\/3"}],"replies":[{"embeddable":true,"href":"https:\/\/vocesparalelas.com.ar\/sitio\/wp-json\/wp\/v2\/comments?post=73854"}],"version-history":[{"count":1,"href":"https:\/\/vocesparalelas.com.ar\/sitio\/wp-json\/wp\/v2\/posts\/73854\/revisions"}],"predecessor-version":[{"id":73857,"href":"https:\/\/vocesparalelas.com.ar\/sitio\/wp-json\/wp\/v2\/posts\/73854\/revisions\/73857"}],"wp:featuredmedia":[{"embeddable":true,"href":"https:\/\/vocesparalelas.com.ar\/sitio\/wp-json\/wp\/v2\/media\/25833"}],"wp:attachment":[{"href":"https:\/\/vocesparalelas.com.ar\/sitio\/wp-json\/wp\/v2\/media?parent=73854"}],"wp:term":[{"taxonomy":"category","embeddable":true,"href":"https:\/\/vocesparalelas.com.ar\/sitio\/wp-json\/wp\/v2\/categories?post=73854"},{"taxonomy":"post_tag","embeddable":true,"href":"https:\/\/vocesparalelas.com.ar\/sitio\/wp-json\/wp\/v2\/tags?post=73854"}],"curies":[{"name":"wp","href":"https:\/\/api.w.org\/{rel}","templated":true}]}}