{"id":73849,"date":"2024-06-19T21:41:53","date_gmt":"2024-06-20T00:41:53","guid":{"rendered":"https:\/\/vocesparalelas.com.ar\/sitio\/?p=73849"},"modified":"2024-06-20T20:53:49","modified_gmt":"2024-06-20T23:53:49","slug":"jornada-estrategias-y-herramientas-para-potenciar-tu-negocio-con-asia-en-san-juan","status":"publish","type":"post","link":"https:\/\/vocesparalelas.com.ar\/sitio\/jornada-estrategias-y-herramientas-para-potenciar-tu-negocio-con-asia-en-san-juan\/","title":{"rendered":"Jornada \u201cEstrategias y Herramientas para potenciar tu negocio con Asia\u201d en San Juan"},"content":{"rendered":"<p>Con el objetivo de brindar herramientas para poder exportar productos y servicios en Asia, el Ministerio de Producci\u00f3n, Trabajo e Innovaci\u00f3n del Gobierno de San Juan, a trav\u00e9s de la Direcci\u00f3n de Comercio Exterior dependiente de la Secretar\u00eda de Coordinaci\u00f3n de Desarrollo Econ\u00f3mico.<\/p>\n<p>El encuentro est\u00e1 organizado por la cartera productiva en conjunto con la Universidad Cat\u00f3lica de Cuyo y el Banco ICBC junto a Fundaci\u00f3n ICBC.<\/p>\n<p>La Jornada \u201cEstrategias y Herramientas para potenciar tu negocio con Asia\u201d se desarrolla el Martes, 25 de Junio, a partir de las 17:00 hs. en el Aula Magna Monse\u00f1or Francisco Manfredi de la Universidad Cat\u00f3lica de Cuyo.<\/p>\n<p>Adem\u00e1s, cuenta con la disertaci\u00f3n de Ema Fontanet, Directora de la Fundaci\u00f3n ICBC, y Dar\u00edo Miscione Gagliardini; destacado especialista en comercio internacional.<\/p>\n<p>Aquellos que quieran participar deben acreditarse a trav\u00e9s del siguiente link:<\/p>\n<p><a href=\"https:\/\/forms.gle\/a7UXA25YGSM5LqvH9\">https:\/\/forms.gle\/a7UXA25YGSM5LqvH9<\/a><\/p>\n<p><strong><span style=\"color: #ff6600;\">Temario<\/span><\/strong><\/p>\n<p>A) Abriendo puertas al mundo: Estrategias de exportaci\u00f3n e importaci\u00f3n<br \/>\nB) Jornada de Estrategias y Herramientas para potenciar tu negocio con Asia<br \/>\nC) Gerenciamiento Exportador Asociativo<\/p>\n<p><span style=\"color: #ff6600;\"><strong>Cronograma<\/strong><\/span><\/p>\n<ul>\n<li>Acreditaciones<\/li>\n<li>Palabras de Apertura de Autoridades Acad\u00e9micas, Institucionales y de Gobierno.<\/li>\n<li>Secuencia de Importaci\u00f3n y Exportaci\u00f3n.<\/li>\n<li>Instrumentos para importar desde China, r\u00e9gimen operativo y bancario.<\/li>\n<li>Consorcios de Exportaci\u00f3n para impulsar tu negocio: Presentaci\u00f3n del programa Gerenciamiento Exportador Asociativo: requisitos, composici\u00f3n, beneficios y obligaciones. Caso de \u00e9xito de alg\u00fan consorcio en San Juan que haya estado en el programa.<\/li>\n<li>Participaci\u00f3n en Ferias Internacionales: CANTON FAIR, CIPPE y CHINA MINING.<\/li>\n<li>Promoci\u00f3n del viaje a China con Fundaci\u00f3n ICBC, octubre 2024.<\/li>\n<\/ul>\n<p><img loading=\"lazy\" decoding=\"async\" class=\"alignnone size-full wp-image-65642\" src=\"https:\/\/vocesparalelas.com.ar\/sitio\/wp-content\/uploads\/2023\/11\/GOBIERNO-SAN-JUAN.jpg\" alt=\"\" width=\"800\" height=\"600\" srcset=\"https:\/\/vocesparalelas.com.ar\/sitio\/wp-content\/uploads\/2023\/11\/GOBIERNO-SAN-JUAN.jpg 800w, https:\/\/vocesparalelas.com.ar\/sitio\/wp-content\/uploads\/2023\/11\/GOBIERNO-SAN-JUAN-300x225.jpg 300w, https:\/\/vocesparalelas.com.ar\/sitio\/wp-content\/uploads\/2023\/11\/GOBIERNO-SAN-JUAN-768x576.jpg 768w\" sizes=\"auto, (max-width: 800px) 100vw, 800px\" \/><\/p>\n<p>&nbsp;<\/p>\n","protected":false},"excerpt":{"rendered":"<p>Con el objetivo de brindar herramientas para poder exportar productos y servicios en Asia, el Ministerio de Producci\u00f3n, Trabajo e<\/p>\n","protected":false},"author":3,"featured_media":73852,"comment_status":"closed","ping_status":"closed","sticky":false,"template":"","format":"standard","meta":{"_acf_changed":false,"_seopress_robots_primary_cat":"none","_seopress_titles_title":"","_seopress_titles_desc":"","_seopress_robots_index":"","colormag_page_container_layout":"default_layout","colormag_page_sidebar_layout":"default_layout","footnotes":""},"categories":[9],"tags":[],"class_list":["post-73849","post","type-post","status-publish","format-standard","has-post-thumbnail","hentry","category-cursos"],"acf":[],"_links":{"self":[{"href":"https:\/\/vocesparalelas.com.ar\/sitio\/wp-json\/wp\/v2\/posts\/73849","targetHints":{"allow":["GET"]}}],"collection":[{"href":"https:\/\/vocesparalelas.com.ar\/sitio\/wp-json\/wp\/v2\/posts"}],"about":[{"href":"https:\/\/vocesparalelas.com.ar\/sitio\/wp-json\/wp\/v2\/types\/post"}],"author":[{"embeddable":true,"href":"https:\/\/vocesparalelas.com.ar\/sitio\/wp-json\/wp\/v2\/users\/3"}],"replies":[{"embeddable":true,"href":"https:\/\/vocesparalelas.com.ar\/sitio\/wp-json\/wp\/v2\/comments?post=73849"}],"version-history":[{"count":1,"href":"https:\/\/vocesparalelas.com.ar\/sitio\/wp-json\/wp\/v2\/posts\/73849\/revisions"}],"predecessor-version":[{"id":73853,"href":"https:\/\/vocesparalelas.com.ar\/sitio\/wp-json\/wp\/v2\/posts\/73849\/revisions\/73853"}],"wp:featuredmedia":[{"embeddable":true,"href":"https:\/\/vocesparalelas.com.ar\/sitio\/wp-json\/wp\/v2\/media\/73852"}],"wp:attachment":[{"href":"https:\/\/vocesparalelas.com.ar\/sitio\/wp-json\/wp\/v2\/media?parent=73849"}],"wp:term":[{"taxonomy":"category","embeddable":true,"href":"https:\/\/vocesparalelas.com.ar\/sitio\/wp-json\/wp\/v2\/categories?post=73849"},{"taxonomy":"post_tag","embeddable":true,"href":"https:\/\/vocesparalelas.com.ar\/sitio\/wp-json\/wp\/v2\/tags?post=73849"}],"curies":[{"name":"wp","href":"https:\/\/api.w.org\/{rel}","templated":true}]}}