{"id":73821,"date":"2024-06-19T21:28:23","date_gmt":"2024-06-20T00:28:23","guid":{"rendered":"https:\/\/vocesparalelas.com.ar\/sitio\/?p=73821"},"modified":"2024-06-20T17:28:03","modified_gmt":"2024-06-20T20:28:03","slug":"el-honor-de-la-promesa-de-lealtad-a-la-bandera-argentina-por-los-alumnos-de-4-grado","status":"publish","type":"post","link":"https:\/\/vocesparalelas.com.ar\/sitio\/el-honor-de-la-promesa-de-lealtad-a-la-bandera-argentina-por-los-alumnos-de-4-grado\/","title":{"rendered":"El honor de la \u201cPromesa de Lealtad a la Bandera Argentina\u201d por los alumnos de 4\u00b0 grado"},"content":{"rendered":"<p>El Mi\u00e9rcoles, 19 de Junio, en el marco de un nuevo aniversario del paso a la inmortalidad del General Manuel Belgrano y en celebraci\u00f3n del D\u00eda de la Bandera, alumnos de cuarto grado de Escuelas del Departamento Rawson, realizaron la \u201cPromesa de Lealtad a la Bandera Argentina\u201d.<\/p>\n<p>De este modo, los alumnos participaron del acto en instalaciones del Complejo La Superiora y quien presidi\u00f3 la ceremonia fue la ministra de Educaci\u00f3n del Gobierno de San Juan, Lic. Silvia Fuentes donde tambi\u00e9n, particip\u00f3 el intendente de la Municipalidad de la Ciudad de Rawson, Dr. Carlos Munisaga.<\/p>\n<p>Tras entonar las estrofas del Himno Nacional Argentino, la ministra de Educaci\u00f3n, Lic. Silvia Fuentes manifest\u00f3 que \u00abagradezco a las autoridades presentes y en especial a la comunidad educativa. A los alumnos es un honor la Promesa de Lealtad a la Bandera Argentina\u00bb.<\/p>\n<figure id=\"attachment_73861\" aria-describedby=\"caption-attachment-73861\" style=\"width: 800px\" class=\"wp-caption alignnone\"><img loading=\"lazy\" decoding=\"async\" class=\"size-full wp-image-73861\" src=\"https:\/\/vocesparalelas.com.ar\/sitio\/wp-content\/uploads\/2024\/06\/PROMESA-BANDERA-03.jpg\" alt=\"\" width=\"800\" height=\"533\" srcset=\"https:\/\/vocesparalelas.com.ar\/sitio\/wp-content\/uploads\/2024\/06\/PROMESA-BANDERA-03.jpg 800w, https:\/\/vocesparalelas.com.ar\/sitio\/wp-content\/uploads\/2024\/06\/PROMESA-BANDERA-03-300x200.jpg 300w, https:\/\/vocesparalelas.com.ar\/sitio\/wp-content\/uploads\/2024\/06\/PROMESA-BANDERA-03-768x512.jpg 768w\" sizes=\"auto, (max-width: 800px) 100vw, 800px\" \/><figcaption id=\"caption-attachment-73861\" class=\"wp-caption-text\">Ministra de Educaci\u00f3n del Gobierno de San Juan, Lic. Silvia Fuentes<\/figcaption><\/figure>\n<p>Fue entonces, el momento m\u00e1s emotivo cuando la ministra de Educaci\u00f3n, Lic. Silvia Fuentes expres\u00f3 emocionada \u00abAlumnos: \u00bfprometen en forma permanente e irrenunciable defender, respetar y amar \u00e9sta Bandera, con la responsabilidad que el esp\u00edritu democr\u00e1tico nos convoca, estudiando con respeto y juicio cr\u00edtico, comprometi\u00e9ndose a ser ciudadanos libres, trabajadores y justos, aceptando fraternalmente las diferencias de todos los que habitan nuestro suelo, reflejando en nuestros actos valores que de ella se desprenden y fortaleciendo el sublime amor a la Patria que nos mantiene erguidos ante ella, para que el honor sea su aliento y la justicia su empresa?\u00bb.<\/p>\n<p><iframe loading=\"lazy\" title=\"Alumnos de 5 escuelas prometieron Lealtad a la Bandera en Rawson\" width=\"800\" height=\"450\" src=\"https:\/\/www.youtube.com\/embed\/11XXu--knHg?feature=oembed\" frameborder=\"0\" allow=\"accelerometer; autoplay; clipboard-write; encrypted-media; gyroscope; picture-in-picture; web-share\" referrerpolicy=\"strict-origin-when-cross-origin\" allowfullscreen><\/iframe><\/p>\n<p>Escuch\u00e1ndose a los alumnos de 4\u00b0 grado \u00abS\u00ed Prometo\u00bb a una sola voz y estall\u00f3 la emoci\u00f3n y el orgullo de la recompensa de lealtad de a la Bandera Argentina de sus hijos, nietos y sobrinos.<\/p>\n<p>Los presentes aplaudieron y estall\u00f3 la presencia de la celeste y blanca al disfrutar el compromiso de los protagonistas orgulloso del deber cumplido.<\/p>\n<figure id=\"attachment_73859\" aria-describedby=\"caption-attachment-73859\" style=\"width: 800px\" class=\"wp-caption alignnone\"><img loading=\"lazy\" decoding=\"async\" class=\"size-full wp-image-73859\" src=\"https:\/\/vocesparalelas.com.ar\/sitio\/wp-content\/uploads\/2024\/06\/PROMESA-BANDERA-01.jpg\" alt=\"\" width=\"800\" height=\"533\" srcset=\"https:\/\/vocesparalelas.com.ar\/sitio\/wp-content\/uploads\/2024\/06\/PROMESA-BANDERA-01.jpg 800w, https:\/\/vocesparalelas.com.ar\/sitio\/wp-content\/uploads\/2024\/06\/PROMESA-BANDERA-01-300x200.jpg 300w, https:\/\/vocesparalelas.com.ar\/sitio\/wp-content\/uploads\/2024\/06\/PROMESA-BANDERA-01-768x512.jpg 768w\" sizes=\"auto, (max-width: 800px) 100vw, 800px\" \/><figcaption id=\"caption-attachment-73859\" class=\"wp-caption-text\">Intendente de la Municipalidad de la Ciudad de Rawson, Dr. Carlos Munisaga<\/figcaption><\/figure>\n<p>Por su parte, el intendente de la Municipalidad de la &gt;Ciudad de Rawson, Dr. Carlos Munisaga remarc\u00f3 que \u00abnos ha tocado pasar por este momento, que con gran honor lo est\u00e1n haciendo estos chicos, lo recordamos para toda la vida\u201d Asimismo, los inst\u00f3 a reflexionar sobre este paso fundamental y necesario como ciudadanos: \u201cguarden estos recuerdos en su memoria para siempre, cumplan con ese cometido que nuestro General Manuel Belgrano y, como \u00e9l dec\u00eda, transformarnos y comprometernos a partir de este acto de emoci\u00f3n y de promesa en buenos y dignos hijos de la Patria\u00bb.<\/p>\n<p>\u00abAgradezco a quienes a diario y con profunda dedicaci\u00f3n, trabajan por el futuro de nuestra Argentina, a los pap\u00e1s, docentes y directivos por el esfuerzo que hacen diariamente, por llevar la crianza y la formaci\u00f3n de nuestros hijos a cada una de las escuelas. Simplificar este acto y esa voluntad que tuvo Belgrano\u201d.<\/p>\n<p><img loading=\"lazy\" decoding=\"async\" class=\"alignnone size-full wp-image-73860\" src=\"https:\/\/vocesparalelas.com.ar\/sitio\/wp-content\/uploads\/2024\/06\/PROMESA-BANDERA-02.jpg\" alt=\"\" width=\"800\" height=\"533\" srcset=\"https:\/\/vocesparalelas.com.ar\/sitio\/wp-content\/uploads\/2024\/06\/PROMESA-BANDERA-02.jpg 800w, https:\/\/vocesparalelas.com.ar\/sitio\/wp-content\/uploads\/2024\/06\/PROMESA-BANDERA-02-300x200.jpg 300w, https:\/\/vocesparalelas.com.ar\/sitio\/wp-content\/uploads\/2024\/06\/PROMESA-BANDERA-02-768x512.jpg 768w\" sizes=\"auto, (max-width: 800px) 100vw, 800px\" \/><\/p>\n<p><strong><span style=\"color: #0000ff;\">Escuelas participantes<\/span><\/strong><\/p>\n<ul>\n<li>Escuela Franklin<\/li>\n<li>Escuela Alas Argentinas,<\/li>\n<li>Escuela Carlos Mar\u00eda de Alvear<\/li>\n<li>Escuela\u00a014 de Febrero<\/li>\n<li>Escuela Domingo Faustino Sarmiento<\/li>\n<li>Escuela Juan Domingo Per\u00f3n<\/li>\n<li>Escuela Balcarce, Pe\u00f1afort<\/li>\n<li>Escuela Walt Disney<\/li>\n<li>Escuela Ejercito de los Andes<\/li>\n<li>Escuela Valle Grande<\/li>\n<li>Escuela Patricias Mendocinas<\/li>\n<li>Escuela Cecilio \u00c1vila<\/li>\n<li>Escuela Antonio de la Torre<\/li>\n<\/ul>\n<p>Este evento no solo celebra la creaci\u00f3n de la Bandera Argentina, sino que tambi\u00e9n refuerza el compromiso de los j\u00f3venes con la democracia, la participaci\u00f3n y la convivencia, como as\u00ed tambi\u00e9n en la promoci\u00f3n de valores como la solidaridad e igualdad.<\/p>\n<p>&nbsp;<\/p>\n<p>&nbsp;<\/p>\n","protected":false},"excerpt":{"rendered":"<p>El Mi\u00e9rcoles, 19 de Junio, en el marco de un nuevo aniversario del paso a la inmortalidad del General Manuel<\/p>\n","protected":false},"author":3,"featured_media":73824,"comment_status":"closed","ping_status":"closed","sticky":false,"template":"","format":"standard","meta":{"_acf_changed":false,"_seopress_robots_primary_cat":"none","_seopress_titles_title":"","_seopress_titles_desc":"","_seopress_robots_index":"","colormag_page_container_layout":"default_layout","colormag_page_sidebar_layout":"default_layout","footnotes":""},"categories":[1,7],"tags":[],"class_list":["post-73821","post","type-post","status-publish","format-standard","has-post-thumbnail","hentry","category-destacadas","category-videos"],"acf":[],"_links":{"self":[{"href":"https:\/\/vocesparalelas.com.ar\/sitio\/wp-json\/wp\/v2\/posts\/73821","targetHints":{"allow":["GET"]}}],"collection":[{"href":"https:\/\/vocesparalelas.com.ar\/sitio\/wp-json\/wp\/v2\/posts"}],"about":[{"href":"https:\/\/vocesparalelas.com.ar\/sitio\/wp-json\/wp\/v2\/types\/post"}],"author":[{"embeddable":true,"href":"https:\/\/vocesparalelas.com.ar\/sitio\/wp-json\/wp\/v2\/users\/3"}],"replies":[{"embeddable":true,"href":"https:\/\/vocesparalelas.com.ar\/sitio\/wp-json\/wp\/v2\/comments?post=73821"}],"version-history":[{"count":4,"href":"https:\/\/vocesparalelas.com.ar\/sitio\/wp-json\/wp\/v2\/posts\/73821\/revisions"}],"predecessor-version":[{"id":73879,"href":"https:\/\/vocesparalelas.com.ar\/sitio\/wp-json\/wp\/v2\/posts\/73821\/revisions\/73879"}],"wp:featuredmedia":[{"embeddable":true,"href":"https:\/\/vocesparalelas.com.ar\/sitio\/wp-json\/wp\/v2\/media\/73824"}],"wp:attachment":[{"href":"https:\/\/vocesparalelas.com.ar\/sitio\/wp-json\/wp\/v2\/media?parent=73821"}],"wp:term":[{"taxonomy":"category","embeddable":true,"href":"https:\/\/vocesparalelas.com.ar\/sitio\/wp-json\/wp\/v2\/categories?post=73821"},{"taxonomy":"post_tag","embeddable":true,"href":"https:\/\/vocesparalelas.com.ar\/sitio\/wp-json\/wp\/v2\/tags?post=73821"}],"curies":[{"name":"wp","href":"https:\/\/api.w.org\/{rel}","templated":true}]}}