{"id":73799,"date":"2024-06-18T23:42:30","date_gmt":"2024-06-19T02:42:30","guid":{"rendered":"https:\/\/vocesparalelas.com.ar\/sitio\/?p=73799"},"modified":"2024-06-18T23:59:30","modified_gmt":"2024-06-19T02:59:30","slug":"es-posible-disminucion-del-servicio-de-agua-potable-en-el-gran-san-juan","status":"publish","type":"post","link":"https:\/\/vocesparalelas.com.ar\/sitio\/es-posible-disminucion-del-servicio-de-agua-potable-en-el-gran-san-juan\/","title":{"rendered":"Es posible disminuci\u00f3n del servicio de agua potable en el Gran San Juan"},"content":{"rendered":"<p>OSSE San Juan informa que como consecuencia de las fuertes r\u00e1fagas del viento Zonda y ante los cortes de energ\u00eda, hay problemas de electricidad en las perforaciones del Pinar, que afectan la producci\u00f3n Marquesado de las reservas del establecimiento potabilizador.<\/p>\n<p>En consecuencia, se advierte a la poblaci\u00f3n podr\u00eda haber disminuci\u00f3n del servicio de agua potable en las pr\u00f3ximas horas en zona Oeste del Gran San Juan, Barrios 20 de Noviembre, Terrazas, ATSA, Camus y \u00e1reas aleda\u00f1as a la planta potabilizadora.<\/p>\n<p>Es esencial el uso cuidadoso del agua potable por parte de todos los usuarios, destin\u00e1ndola s\u00f3lo para consumo b\u00e1sico y necesario.<\/p>\n<p>Adem\u00e1s, solicitan ante las inclemencias clim\u00e1ticas extremar el cuidado de la reserva del tanque domiciliario.<\/p>\n<p><strong><span style=\"color: #0000ff;\">Contactos<\/span><\/strong><\/p>\n<ul>\n<li>264-506-4444<\/li>\n<li>0800-222-6773<\/li>\n<li><a href=\"http:\/\/www.ossesanjuan.com.ar\">www.ossesanjuan.com.ar<\/a><\/li>\n<li>Facebook ossesanjuan<\/li>\n<\/ul>\n<p><img loading=\"lazy\" decoding=\"async\" class=\"alignnone size-large wp-image-18050\" src=\"https:\/\/vocesparalelas.com.ar\/sitio\/wp-content\/uploads\/2019\/01\/OSSE-LOGO-800x503.jpg\" alt=\"\" width=\"800\" height=\"503\" srcset=\"https:\/\/vocesparalelas.com.ar\/sitio\/wp-content\/uploads\/2019\/01\/OSSE-LOGO-800x503.jpg 800w, https:\/\/vocesparalelas.com.ar\/sitio\/wp-content\/uploads\/2019\/01\/OSSE-LOGO-300x189.jpg 300w, https:\/\/vocesparalelas.com.ar\/sitio\/wp-content\/uploads\/2019\/01\/OSSE-LOGO-768x483.jpg 768w, https:\/\/vocesparalelas.com.ar\/sitio\/wp-content\/uploads\/2019\/01\/OSSE-LOGO.jpg 1000w\" sizes=\"auto, (max-width: 800px) 100vw, 800px\" \/><\/p>\n","protected":false},"excerpt":{"rendered":"<p>OSSE San Juan informa que como consecuencia de las fuertes r\u00e1fagas del viento Zonda y ante los cortes de energ\u00eda,<\/p>\n","protected":false},"author":3,"featured_media":32622,"comment_status":"closed","ping_status":"closed","sticky":false,"template":"","format":"standard","meta":{"_acf_changed":false,"_seopress_robots_primary_cat":"none","_seopress_titles_title":"","_seopress_titles_desc":"","_seopress_robots_index":"","colormag_page_container_layout":"default_layout","colormag_page_sidebar_layout":"default_layout","footnotes":""},"categories":[1],"tags":[],"class_list":["post-73799","post","type-post","status-publish","format-standard","has-post-thumbnail","hentry","category-destacadas"],"acf":[],"_links":{"self":[{"href":"https:\/\/vocesparalelas.com.ar\/sitio\/wp-json\/wp\/v2\/posts\/73799","targetHints":{"allow":["GET"]}}],"collection":[{"href":"https:\/\/vocesparalelas.com.ar\/sitio\/wp-json\/wp\/v2\/posts"}],"about":[{"href":"https:\/\/vocesparalelas.com.ar\/sitio\/wp-json\/wp\/v2\/types\/post"}],"author":[{"embeddable":true,"href":"https:\/\/vocesparalelas.com.ar\/sitio\/wp-json\/wp\/v2\/users\/3"}],"replies":[{"embeddable":true,"href":"https:\/\/vocesparalelas.com.ar\/sitio\/wp-json\/wp\/v2\/comments?post=73799"}],"version-history":[{"count":3,"href":"https:\/\/vocesparalelas.com.ar\/sitio\/wp-json\/wp\/v2\/posts\/73799\/revisions"}],"predecessor-version":[{"id":73808,"href":"https:\/\/vocesparalelas.com.ar\/sitio\/wp-json\/wp\/v2\/posts\/73799\/revisions\/73808"}],"wp:featuredmedia":[{"embeddable":true,"href":"https:\/\/vocesparalelas.com.ar\/sitio\/wp-json\/wp\/v2\/media\/32622"}],"wp:attachment":[{"href":"https:\/\/vocesparalelas.com.ar\/sitio\/wp-json\/wp\/v2\/media?parent=73799"}],"wp:term":[{"taxonomy":"category","embeddable":true,"href":"https:\/\/vocesparalelas.com.ar\/sitio\/wp-json\/wp\/v2\/categories?post=73799"},{"taxonomy":"post_tag","embeddable":true,"href":"https:\/\/vocesparalelas.com.ar\/sitio\/wp-json\/wp\/v2\/tags?post=73799"}],"curies":[{"name":"wp","href":"https:\/\/api.w.org\/{rel}","templated":true}]}}