{"id":73771,"date":"2024-06-18T19:10:10","date_gmt":"2024-06-18T22:10:10","guid":{"rendered":"https:\/\/vocesparalelas.com.ar\/sitio\/?p=73771"},"modified":"2024-06-19T23:27:08","modified_gmt":"2024-06-20T02:27:08","slug":"tc2000-presente-en-el-circuito-san-juan-villicum-para-disfrutar-en-familia","status":"publish","type":"post","link":"https:\/\/vocesparalelas.com.ar\/sitio\/tc2000-presente-en-el-circuito-san-juan-villicum-para-disfrutar-en-familia\/","title":{"rendered":"TC2000 presente en el Circuito San Juan Villicum para disfrutar en familia"},"content":{"rendered":"<p>El S\u00e1bado, 22 y el Domingo, 23 de Junio de 2024, el TC2000 se presenta en el Circuito San Juan Villicum, de San Juan por la quinta fecha del Campeonato Argentino y de la Copa Rookie. La \u00faltima presentaci\u00f3n de la categor\u00eda en San Juan fue el 11 de Septiembre de 2022.<\/p>\n<p>En esta oportunidad, la categor\u00eda m\u00e1s tecnol\u00f3gica del automovilismo en Sudam\u00e9rica, estar\u00e1 acompa\u00f1ada por la Fiat Competizione como categor\u00eda telonera.<\/p>\n<p>Entrada<\/p>\n<p>Para presenciar el espect\u00e1culo se pueden adquirir online a trav\u00e9s del portal <a href=\"https:\/\/entradauno.com\/landing\/13705-el-tc2000-regresa-a-san-juan-villicum?idEspectaculoCartel=13705&amp;cHashValidacion=131864e721b0dab3ad46b12a3c266fd2630a4c58\">entradauno.com\u00a0<\/a>hasta el Viernes, 21 de Junio, a las 23:59 hs.; y tienen un valor de $7200.<\/p>\n<p>Los d\u00edas de competencia est\u00e1n a la venta en boleter\u00edas del circuito, con un costo de $8000 para tribunas generales y $15.000 en boxes.<\/p>\n<p>Los menores de 12 a\u00f1os no pagan ingreso en tribunas generales. El ticket no incluye estacionamiento vehicular.<\/p>\n<p><span style=\"color: #ff6600;\"><strong>Cronograma de actividades para y\u00a0<\/strong><\/span><\/p>\n<p><strong><span style=\"color: #ff6600;\">S\u00e1bado, 22 de Junio<\/span><\/strong><\/p>\n<ul>\n<li>09:00 a 09:45 hs.; \u2013 Entrenamientos FIAT Competizione<\/li>\n<li>09:55 a 11:05 hs.; \u2013 Entrenamientos TC2000<\/li>\n<li>11:15 a 11:50 hs.; \u2013 Clasificaci\u00f3n FIAT Competizione<\/li>\n<li>12:00 a 13:10 hs.; \u2013 Entrenamientos TC2000<\/li>\n<li>13:40 hs.; \u2013 Carrera 1 FIAT Competizione \u2013 20 minutos + una vuelta<\/li>\n<li>14:25 hs.; \u2013 Clasificaci\u00f3n TC2000<\/li>\n<li>15:00 a 16:40 hs.; \u2013 Experiencia con pilotos en pista<\/li>\n<li>17:15 hs.; \u2013 Carrera 1 TC2000 \u2013 20 minutos + una vuelta<\/li>\n<\/ul>\n<p><span style=\"color: #ff6600;\"><strong>Domingo, 23 de Junio<\/strong><\/span><\/p>\n<ul>\n<li>10:10 hs. \u2013\u00a0 Carrera 2 FIAT Competizione \u2013 20 minutos + una vuelta<\/li>\n<li>11:25 hs.\u00a0 &#8211;\u00a0 Carrera 2 TC2000 \u2013 35 minutos + una vuelta<\/li>\n<\/ul>\n<p><img loading=\"lazy\" decoding=\"async\" class=\"alignnone size-full wp-image-65965\" src=\"https:\/\/vocesparalelas.com.ar\/sitio\/wp-content\/uploads\/2023\/11\/CIRCUITO-SAN-JUAN-VILLICUM.jpg\" alt=\"\" width=\"800\" height=\"449\" srcset=\"https:\/\/vocesparalelas.com.ar\/sitio\/wp-content\/uploads\/2023\/11\/CIRCUITO-SAN-JUAN-VILLICUM.jpg 800w, https:\/\/vocesparalelas.com.ar\/sitio\/wp-content\/uploads\/2023\/11\/CIRCUITO-SAN-JUAN-VILLICUM-300x168.jpg 300w, https:\/\/vocesparalelas.com.ar\/sitio\/wp-content\/uploads\/2023\/11\/CIRCUITO-SAN-JUAN-VILLICUM-768x431.jpg 768w\" sizes=\"auto, (max-width: 800px) 100vw, 800px\" \/><\/p>\n","protected":false},"excerpt":{"rendered":"<p>El S\u00e1bado, 22 y el Domingo, 23 de Junio de 2024, el TC2000 se presenta en el Circuito San Juan<\/p>\n","protected":false},"author":3,"featured_media":6916,"comment_status":"closed","ping_status":"closed","sticky":false,"template":"","format":"standard","meta":{"_acf_changed":false,"_seopress_robots_primary_cat":"none","_seopress_titles_title":"","_seopress_titles_desc":"","_seopress_robots_index":"","colormag_page_container_layout":"default_layout","colormag_page_sidebar_layout":"default_layout","footnotes":""},"categories":[2],"tags":[],"class_list":["post-73771","post","type-post","status-publish","format-standard","has-post-thumbnail","hentry","category-convocatorias"],"acf":[],"_links":{"self":[{"href":"https:\/\/vocesparalelas.com.ar\/sitio\/wp-json\/wp\/v2\/posts\/73771","targetHints":{"allow":["GET"]}}],"collection":[{"href":"https:\/\/vocesparalelas.com.ar\/sitio\/wp-json\/wp\/v2\/posts"}],"about":[{"href":"https:\/\/vocesparalelas.com.ar\/sitio\/wp-json\/wp\/v2\/types\/post"}],"author":[{"embeddable":true,"href":"https:\/\/vocesparalelas.com.ar\/sitio\/wp-json\/wp\/v2\/users\/3"}],"replies":[{"embeddable":true,"href":"https:\/\/vocesparalelas.com.ar\/sitio\/wp-json\/wp\/v2\/comments?post=73771"}],"version-history":[{"count":1,"href":"https:\/\/vocesparalelas.com.ar\/sitio\/wp-json\/wp\/v2\/posts\/73771\/revisions"}],"predecessor-version":[{"id":73774,"href":"https:\/\/vocesparalelas.com.ar\/sitio\/wp-json\/wp\/v2\/posts\/73771\/revisions\/73774"}],"wp:featuredmedia":[{"embeddable":true,"href":"https:\/\/vocesparalelas.com.ar\/sitio\/wp-json\/wp\/v2\/media\/6916"}],"wp:attachment":[{"href":"https:\/\/vocesparalelas.com.ar\/sitio\/wp-json\/wp\/v2\/media?parent=73771"}],"wp:term":[{"taxonomy":"category","embeddable":true,"href":"https:\/\/vocesparalelas.com.ar\/sitio\/wp-json\/wp\/v2\/categories?post=73771"},{"taxonomy":"post_tag","embeddable":true,"href":"https:\/\/vocesparalelas.com.ar\/sitio\/wp-json\/wp\/v2\/tags?post=73771"}],"curies":[{"name":"wp","href":"https:\/\/api.w.org\/{rel}","templated":true}]}}