{"id":73739,"date":"2024-06-18T00:03:42","date_gmt":"2024-06-18T03:03:42","guid":{"rendered":"https:\/\/vocesparalelas.com.ar\/sitio\/?p=73739"},"modified":"2024-06-18T00:03:42","modified_gmt":"2024-06-18T03:03:42","slug":"alerta-meteorologica-en-san-juan-con-el-viento-zonda-y-su-alerta-amarilla","status":"publish","type":"post","link":"https:\/\/vocesparalelas.com.ar\/sitio\/alerta-meteorologica-en-san-juan-con-el-viento-zonda-y-su-alerta-amarilla\/","title":{"rendered":"Alerta meteorol\u00f3gica en San Juan con el Viento Zonda y su Alerta Amarilla"},"content":{"rendered":"<p>La Direcci\u00f3n de de Protecci\u00f3n Civil de la Secretar\u00eda de Seguridad y Orden P\u00fablico del Gobierno de San Juan informa que, durante la ma\u00f1ana y tarde del Martes, 18 de Junio; se prev\u00e9 la ocurrencia de viento Zonda &#8211; Alerta Amarilla &#8211; en el territorio provincial.<\/p>\n<p>Se advierte que el Viento Zonda se presenta con velocidades entre 35 y 50 km\/h., y r\u00e1fagas de hasta 70 km\/h. El fen\u00f3meno puede provocar reducci\u00f3n de la visibilidad, un aumento repentino de la temperatura y condiciones de humedad relativa muy baja.<\/p>\n<p><span style=\"color: #ff0000;\"><strong>Recomendaciones por alerta de vientos fuertes<\/strong><\/span><\/p>\n<ul>\n<li>Prestar atenci\u00f3n a su alrededor (cables ca\u00eddos, ramas, objetos sueltos).<\/li>\n<li>Cerrar y asegurar puertas y ventanas.<\/li>\n<li>Manejar con precauci\u00f3n mantener la distancia entre veh\u00edculos y la velocidad m\u00ednima.<\/li>\n<li>No detenerse debajo de \u00e1rboles ni elementos sujetados a edificios, carteles, marquesinas, toldos, entre otros<\/li>\n<li>Tener siempre a mano linternas cargadas.<\/li>\n<\/ul>\n<p>Asimismo, Protecci\u00f3n Civil recuerda que el riesgo de incendios forestales por quema de pastizales y basura, es alto. Por tanto, recomienda tener en cuenta los siguientes consejos:<\/p>\n<ul>\n<li>Evitar arrojar colillas de cigarrillos en alta vegetaci\u00f3n ya que en \u00e9poca de Zonda hay mucha sequedad.<\/li>\n<li>Evitar arrojar basura en campos de vegetaci\u00f3n porque entre la basura puede haber algo inflamable que genere incendios.<\/li>\n<li>Evitar hacer fogatas o alg\u00fan otro tipo de fuego cerca de lugares agr\u00edcolas que son susceptibles a que se produzca incendio forestal.<\/li>\n<li>Es necesario ser consciente de que los incendios forestales se magnifican con el Zonda porque la temperatura ambiente colabora para que se mantenga la temperatura del incendio y sea m\u00e1s dif\u00edcil de sofocar<\/li>\n<li>Quienes viven en el campo, deben liberar los alrededores de la casa haciendo callejones amplios mayores a 5 metros para que quede solo tierra y as\u00ed evitar que por propagaci\u00f3n de fuego se da\u00f1e la casa.<\/li>\n<li>En cuanto se detecte humo llamar a Bomberos y tratar de tener un plan de contingencia en caso de incendio para las personas que viven en el campo: llamado a bomberos y evacuaci\u00f3n, como primeras medidas<\/li>\n<li>Ser consciente de que quemar hojas o basura est\u00e1 prohibido por ley. Todo individuo o grupo que sea visto provocando fuego en zonas de alta inflamabilidad o quemando vegetaci\u00f3n autom\u00e1ticamente tiene que ser denunciado al 911.<\/li>\n<\/ul>\n<p><strong><span style=\"color: #ff0000;\">N\u00fameros habilitados ante cualquier emergencia<\/span><\/strong><\/p>\n<ul>\n<li>911<\/li>\n<li>103 Protecci\u00f3n Civil<\/li>\n<li>100 Bomberos<\/li>\n<\/ul>\n<p><img loading=\"lazy\" decoding=\"async\" class=\"alignnone size-large wp-image-1815\" src=\"https:\/\/vocesparalelas.com.ar\/sitio\/wp-content\/uploads\/2017\/06\/SAN-JUAN-CIUDAD-01-7-800x531.jpg\" alt=\"\" width=\"800\" height=\"531\" srcset=\"https:\/\/vocesparalelas.com.ar\/sitio\/wp-content\/uploads\/2017\/06\/SAN-JUAN-CIUDAD-01-7.jpg 800w, https:\/\/vocesparalelas.com.ar\/sitio\/wp-content\/uploads\/2017\/06\/SAN-JUAN-CIUDAD-01-7-300x199.jpg 300w, https:\/\/vocesparalelas.com.ar\/sitio\/wp-content\/uploads\/2017\/06\/SAN-JUAN-CIUDAD-01-7-768x510.jpg 768w\" sizes=\"auto, (max-width: 800px) 100vw, 800px\" \/><\/p>\n","protected":false},"excerpt":{"rendered":"<p>La Direcci\u00f3n de de Protecci\u00f3n Civil de la Secretar\u00eda de Seguridad y Orden P\u00fablico del Gobierno de San Juan informa<\/p>\n","protected":false},"author":3,"featured_media":15085,"comment_status":"closed","ping_status":"closed","sticky":false,"template":"","format":"standard","meta":{"_acf_changed":false,"_seopress_robots_primary_cat":"none","_seopress_titles_title":"","_seopress_titles_desc":"","_seopress_robots_index":"","colormag_page_container_layout":"default_layout","colormag_page_sidebar_layout":"default_layout","footnotes":""},"categories":[1],"tags":[],"class_list":["post-73739","post","type-post","status-publish","format-standard","has-post-thumbnail","hentry","category-destacadas"],"acf":[],"_links":{"self":[{"href":"https:\/\/vocesparalelas.com.ar\/sitio\/wp-json\/wp\/v2\/posts\/73739","targetHints":{"allow":["GET"]}}],"collection":[{"href":"https:\/\/vocesparalelas.com.ar\/sitio\/wp-json\/wp\/v2\/posts"}],"about":[{"href":"https:\/\/vocesparalelas.com.ar\/sitio\/wp-json\/wp\/v2\/types\/post"}],"author":[{"embeddable":true,"href":"https:\/\/vocesparalelas.com.ar\/sitio\/wp-json\/wp\/v2\/users\/3"}],"replies":[{"embeddable":true,"href":"https:\/\/vocesparalelas.com.ar\/sitio\/wp-json\/wp\/v2\/comments?post=73739"}],"version-history":[{"count":1,"href":"https:\/\/vocesparalelas.com.ar\/sitio\/wp-json\/wp\/v2\/posts\/73739\/revisions"}],"predecessor-version":[{"id":73742,"href":"https:\/\/vocesparalelas.com.ar\/sitio\/wp-json\/wp\/v2\/posts\/73739\/revisions\/73742"}],"wp:featuredmedia":[{"embeddable":true,"href":"https:\/\/vocesparalelas.com.ar\/sitio\/wp-json\/wp\/v2\/media\/15085"}],"wp:attachment":[{"href":"https:\/\/vocesparalelas.com.ar\/sitio\/wp-json\/wp\/v2\/media?parent=73739"}],"wp:term":[{"taxonomy":"category","embeddable":true,"href":"https:\/\/vocesparalelas.com.ar\/sitio\/wp-json\/wp\/v2\/categories?post=73739"},{"taxonomy":"post_tag","embeddable":true,"href":"https:\/\/vocesparalelas.com.ar\/sitio\/wp-json\/wp\/v2\/tags?post=73739"}],"curies":[{"name":"wp","href":"https:\/\/api.w.org\/{rel}","templated":true}]}}