{"id":73734,"date":"2024-06-17T20:29:28","date_gmt":"2024-06-17T23:29:28","guid":{"rendered":"https:\/\/vocesparalelas.com.ar\/sitio\/?p=73734"},"modified":"2024-06-17T22:29:43","modified_gmt":"2024-06-18T01:29:43","slug":"en-la-era-del-cobre-san-juan-espera-mas-inversores","status":"publish","type":"post","link":"https:\/\/vocesparalelas.com.ar\/sitio\/en-la-era-del-cobre-san-juan-espera-mas-inversores\/","title":{"rendered":"En la era del cobre San Juan espera m\u00e1s inversores"},"content":{"rendered":"<p>Con una agenda que inici\u00f3 en Alemania en el 2024, el Gobernador de San Juan, Dr. Marcelo Orrego dio los primeros pasos de un periplo al extranjero para extender la visi\u00f3n minera provincial, a escenarios internacionales.<\/p>\n<p>En tierras germanas tuvo su participaci\u00f3n en diversas reuniones con la Comisi\u00f3n de Asuntos Econ\u00f3micos de los diputados alemanes, donde subray\u00f3 la b\u00fasqueda de cooperaci\u00f3n en inversiones para la miner\u00eda y energ\u00edas renovables. El foco estuvo en la provisi\u00f3n de minerales cr\u00edticos como el cobre y el litio, esenciales para la electromovilidad y la energ\u00eda solar, pilares de la transici\u00f3n energ\u00e9tica que Alemania y Europa est\u00e1n emprendiendo. Tomando el modelo de la Mesa del Litio, se sentar\u00edan las bases para la conformaci\u00f3n de la Mesa del Cobre, tiempo despu\u00e9s.<\/p>\n<p>En Canad\u00e1, durante la Prospectors and Developers Association of Canada 2024 (PDAC), Orrego se present\u00f3 como orador destacado, donde junto a inversores canadienses y representantes de empresas mineras, reafirm\u00f3 su compromiso con una miner\u00eda sustentable. Este evento fue tambi\u00e9n el escenario para importantes reuniones con las empresas mineras m\u00e1s relevantes del mundo, discutiendo futuras oportunidades de inversi\u00f3n en San Juan, como lo fueron los encuentros con dos de las principales empresas mineras a nivel mundial, TECK (empresa canadiense) y con BHP. Por otra parte, Canad\u00e1 fue el espacio en el que el gobernador extendi\u00f3 la invitaci\u00f3n a su par Jorge Cornejo, para que la provincia vecina integre la Mesa del Cobre.<\/p>\n<p>Otro punto destacado fue la reuni\u00f3n con representantes del Departamento de Comercio y del Departamento de Estado del Gobierno de los Estados Unidos, con quienes se habl\u00f3 de un principio de acuerdo para financiar un relevamiento geof\u00edsico, geoqu\u00edmico y de alteraciones minerales en la provincia de San Juan, que es de vital importancia para poder dimensionar adecuadamente el potencial minero de la provincia y que son estudios muy esperados por el Estado sanjuanino para dimensionar el potencial de la provincia.<\/p>\n<p>La Expo Minera San Juan realizada a fines de mayo, que logr\u00f3 una convocatoria de 22 mil personas en sus tres d\u00edas de acci\u00f3n, fue el tel\u00f3n de fondo para la conformaci\u00f3n de la Mesa del Cobre, un hito hist\u00f3rico que reuni\u00f3 a cinco gobernadores argentinos. As\u00ed, San Juan, Catamarca, Salta, Jujuy y Mendoza; junto a la participaci\u00f3n de C\u00f3rdoba y la presencia de Luis Lucero, secretario de Miner\u00eda de la Naci\u00f3n, con observador de la Mesa, se unieron con visi\u00f3n compartida para acelerar la puesta en marcha de los proyectos cupr\u00edferos.<\/p>\n<p>Con estas acciones, Marcelo Orrego no solo ha posicionado a San Juan como un jugador clave en la miner\u00eda global, sino que tambi\u00e9n ha demostrado c\u00f3mo la diplomacia y la pol\u00edtica minera pueden trabajar juntas para el beneficio una regi\u00f3n.<\/p>\n<p><img loading=\"lazy\" decoding=\"async\" class=\"alignnone size-full wp-image-59964\" src=\"https:\/\/vocesparalelas.com.ar\/sitio\/wp-content\/uploads\/2023\/06\/BANDERA-SAN-JUAN.jpg\" alt=\"\" width=\"800\" height=\"600\" srcset=\"https:\/\/vocesparalelas.com.ar\/sitio\/wp-content\/uploads\/2023\/06\/BANDERA-SAN-JUAN.jpg 800w, https:\/\/vocesparalelas.com.ar\/sitio\/wp-content\/uploads\/2023\/06\/BANDERA-SAN-JUAN-300x225.jpg 300w, https:\/\/vocesparalelas.com.ar\/sitio\/wp-content\/uploads\/2023\/06\/BANDERA-SAN-JUAN-768x576.jpg 768w\" sizes=\"auto, (max-width: 800px) 100vw, 800px\" \/><\/p>\n<p>&nbsp;<\/p>\n<p>&nbsp;<\/p>\n","protected":false},"excerpt":{"rendered":"<p>Con una agenda que inici\u00f3 en Alemania en el 2024, el Gobernador de San Juan, Dr. Marcelo Orrego dio los<\/p>\n","protected":false},"author":3,"featured_media":73737,"comment_status":"closed","ping_status":"closed","sticky":false,"template":"","format":"standard","meta":{"_acf_changed":false,"_seopress_robots_primary_cat":"none","_seopress_titles_title":"","_seopress_titles_desc":"","_seopress_robots_index":"","colormag_page_container_layout":"default_layout","colormag_page_sidebar_layout":"default_layout","footnotes":""},"categories":[1],"tags":[],"class_list":["post-73734","post","type-post","status-publish","format-standard","has-post-thumbnail","hentry","category-destacadas"],"acf":[],"_links":{"self":[{"href":"https:\/\/vocesparalelas.com.ar\/sitio\/wp-json\/wp\/v2\/posts\/73734","targetHints":{"allow":["GET"]}}],"collection":[{"href":"https:\/\/vocesparalelas.com.ar\/sitio\/wp-json\/wp\/v2\/posts"}],"about":[{"href":"https:\/\/vocesparalelas.com.ar\/sitio\/wp-json\/wp\/v2\/types\/post"}],"author":[{"embeddable":true,"href":"https:\/\/vocesparalelas.com.ar\/sitio\/wp-json\/wp\/v2\/users\/3"}],"replies":[{"embeddable":true,"href":"https:\/\/vocesparalelas.com.ar\/sitio\/wp-json\/wp\/v2\/comments?post=73734"}],"version-history":[{"count":1,"href":"https:\/\/vocesparalelas.com.ar\/sitio\/wp-json\/wp\/v2\/posts\/73734\/revisions"}],"predecessor-version":[{"id":73738,"href":"https:\/\/vocesparalelas.com.ar\/sitio\/wp-json\/wp\/v2\/posts\/73734\/revisions\/73738"}],"wp:featuredmedia":[{"embeddable":true,"href":"https:\/\/vocesparalelas.com.ar\/sitio\/wp-json\/wp\/v2\/media\/73737"}],"wp:attachment":[{"href":"https:\/\/vocesparalelas.com.ar\/sitio\/wp-json\/wp\/v2\/media?parent=73734"}],"wp:term":[{"taxonomy":"category","embeddable":true,"href":"https:\/\/vocesparalelas.com.ar\/sitio\/wp-json\/wp\/v2\/categories?post=73734"},{"taxonomy":"post_tag","embeddable":true,"href":"https:\/\/vocesparalelas.com.ar\/sitio\/wp-json\/wp\/v2\/tags?post=73734"}],"curies":[{"name":"wp","href":"https:\/\/api.w.org\/{rel}","templated":true}]}}