{"id":73670,"date":"2024-06-15T14:22:33","date_gmt":"2024-06-15T17:22:33","guid":{"rendered":"https:\/\/vocesparalelas.com.ar\/sitio\/?p=73670"},"modified":"2024-06-17T22:32:11","modified_gmt":"2024-06-18T01:32:11","slug":"tarifas-especiales-que-ofrece-osse-san-juan","status":"publish","type":"post","link":"https:\/\/vocesparalelas.com.ar\/sitio\/tarifas-especiales-que-ofrece-osse-san-juan\/","title":{"rendered":"Tarifas especiales que ofrece OSSE San Juan"},"content":{"rendered":"<p>OSSE informa a los usuarios de San Juan que cuenta con tarifas diferenciales para dos grupos especiales<\/p>\n<ul>\n<li>jubilados y pensionados y<\/li>\n<li>aquellos que no registren empleo en relaci\u00f3n de dependencia.<\/li>\n<\/ul>\n<p><span style=\"color: #0000ff;\"><b>\u00bfC\u00f3mo acceder?<\/b><\/span><\/p>\n<p>El usuario debe iniciar la solicitud de forma presencial en las diferentes delegaciones comerciales del interior de la provincia o bien en Casa Central de OSSE, en avenida Ignacio de la Roza 272 (o) de lunes a viernes, de 7.30 a 15 horas.<\/p>\n<p>Cabe destacar que se debe cumplir con los siguientes requisitos y adem\u00e1s asistir con la documentaci\u00f3n correspondiente:<\/p>\n<p><span style=\"color: #0000ff;\"><b>Jubilados y Pensionados<\/b><\/span><\/p>\n<ul>\n<li>Los ingresos del grupo familiar deben ser inferiores a dos salarios m\u00ednimos, vitales y m\u00f3viles. Por ejemplo, el valor del SMVM a junio de 2024 es de $234.315,12 , por lo tanto, los ingresos no deben superar los $468.630,24<\/li>\n<li>Fotocopia de documentaci\u00f3n que acredite la titularidad del inmueble (ser propietario de un \u00fanico inmueble).<\/li>\n<li>Fotocopia del \u00faltimo recibo de haberes del\/los Jubilado\/s o Pensionado\/s.<\/li>\n<li>En caso de habitar en el inmueble personas mayores de 18 a\u00f1os, presentar adem\u00e1s fotocopia de recibo de sueldo o certificaci\u00f3n negativa expedida por ANSES seg\u00fan corresponda.<\/li>\n<li>Fotocopia de la \u00faltima boleta de Rentas.<\/li>\n<li>Fotocopia de DNI de todas las personas que habiten en el inmueble.<\/li>\n<li>Fotocopia de la \u00faltima boleta de OSSE.<\/li>\n<li>Fotocopia de la \u00faltima factura de Energ\u00eda San Juan. El consumo mensual no debe superar los 450 kwh.<\/li>\n<\/ul>\n<p><span style=\"color: #0000ff;\"><b>Plan Red, R\u00e9gimen Diferencial, para usuarios que no trabajen en relaci\u00f3n de dependencia<\/b><\/span><\/p>\n<ul>\n<li>Los ingresos del grupo familiar deben ser inferiores a dos salarios m\u00ednimos, vitales y m\u00f3viles. Por ejemplo, el valor del SMVM a junio de 2024 es de $234.315,12 , por lo tanto, los ingresos no deben superar los $468.630,24<\/li>\n<li>Fotocopia de documentaci\u00f3n que acredite la titularidad del inmueble (ser propietario de un \u00fanico inmueble).<\/li>\n<li>En caso de habitar en el inmueble personas mayores de 18 a\u00f1os, presentar adem\u00e1s fotocopia de recibo de sueldo o certificaci\u00f3n negativa expedida por ANSES seg\u00fan corresponda.<\/li>\n<li>Fotocopia de la \u00faltima boleta de Rentas.<\/li>\n<li>Fotocopia de DNI de todas las personas que habiten en el inmueble.<\/li>\n<li>Fotocopia de la \u00faltima boleta de OSSE.<\/li>\n<li>Fotocopia de la \u00faltima factura de Energ\u00eda San Juan. El consumo mensual no debe superar los 450 kwh.<\/li>\n<\/ul>\n<p><span style=\"color: #0000ff;\"><strong>Para mayor informaci\u00f3n y ante consultas<\/strong><\/span><\/p>\n<p>Los usuarios pueden contactarse con agentes del Departamento Comercial de Obras Sanitarias v\u00eda WhatsApp al 264 584 7722 &#8211; s\u00f3lo texto, no llamadas &#8211; o llamando al 4294017.<\/p>\n<p>&nbsp;<\/p>\n<p><img loading=\"lazy\" decoding=\"async\" class=\"alignnone size-full wp-image-62349\" src=\"https:\/\/vocesparalelas.com.ar\/sitio\/wp-content\/uploads\/2023\/08\/OSSE-EDIFICIO.jpg\" alt=\"\" width=\"800\" height=\"600\" srcset=\"https:\/\/vocesparalelas.com.ar\/sitio\/wp-content\/uploads\/2023\/08\/OSSE-EDIFICIO.jpg 800w, https:\/\/vocesparalelas.com.ar\/sitio\/wp-content\/uploads\/2023\/08\/OSSE-EDIFICIO-300x225.jpg 300w, https:\/\/vocesparalelas.com.ar\/sitio\/wp-content\/uploads\/2023\/08\/OSSE-EDIFICIO-768x576.jpg 768w\" sizes=\"auto, (max-width: 800px) 100vw, 800px\" \/><\/p>\n","protected":false},"excerpt":{"rendered":"<p>OSSE informa a los usuarios de San Juan que cuenta con tarifas diferenciales para dos grupos especiales jubilados y pensionados<\/p>\n","protected":false},"author":3,"featured_media":73674,"comment_status":"closed","ping_status":"closed","sticky":false,"template":"","format":"standard","meta":{"_acf_changed":false,"_seopress_robots_primary_cat":"none","_seopress_titles_title":"","_seopress_titles_desc":"","_seopress_robots_index":"","colormag_page_container_layout":"default_layout","colormag_page_sidebar_layout":"default_layout","footnotes":""},"categories":[2],"tags":[],"class_list":["post-73670","post","type-post","status-publish","format-standard","has-post-thumbnail","hentry","category-convocatorias"],"acf":[],"_links":{"self":[{"href":"https:\/\/vocesparalelas.com.ar\/sitio\/wp-json\/wp\/v2\/posts\/73670","targetHints":{"allow":["GET"]}}],"collection":[{"href":"https:\/\/vocesparalelas.com.ar\/sitio\/wp-json\/wp\/v2\/posts"}],"about":[{"href":"https:\/\/vocesparalelas.com.ar\/sitio\/wp-json\/wp\/v2\/types\/post"}],"author":[{"embeddable":true,"href":"https:\/\/vocesparalelas.com.ar\/sitio\/wp-json\/wp\/v2\/users\/3"}],"replies":[{"embeddable":true,"href":"https:\/\/vocesparalelas.com.ar\/sitio\/wp-json\/wp\/v2\/comments?post=73670"}],"version-history":[{"count":2,"href":"https:\/\/vocesparalelas.com.ar\/sitio\/wp-json\/wp\/v2\/posts\/73670\/revisions"}],"predecessor-version":[{"id":73676,"href":"https:\/\/vocesparalelas.com.ar\/sitio\/wp-json\/wp\/v2\/posts\/73670\/revisions\/73676"}],"wp:featuredmedia":[{"embeddable":true,"href":"https:\/\/vocesparalelas.com.ar\/sitio\/wp-json\/wp\/v2\/media\/73674"}],"wp:attachment":[{"href":"https:\/\/vocesparalelas.com.ar\/sitio\/wp-json\/wp\/v2\/media?parent=73670"}],"wp:term":[{"taxonomy":"category","embeddable":true,"href":"https:\/\/vocesparalelas.com.ar\/sitio\/wp-json\/wp\/v2\/categories?post=73670"},{"taxonomy":"post_tag","embeddable":true,"href":"https:\/\/vocesparalelas.com.ar\/sitio\/wp-json\/wp\/v2\/tags?post=73670"}],"curies":[{"name":"wp","href":"https:\/\/api.w.org\/{rel}","templated":true}]}}