{"id":73659,"date":"2024-06-14T23:24:57","date_gmt":"2024-06-15T02:24:57","guid":{"rendered":"https:\/\/vocesparalelas.com.ar\/sitio\/?p=73659"},"modified":"2024-06-15T22:04:03","modified_gmt":"2024-06-16T01:04:03","slug":"el-sable-de-antonino-aberastain-esta-en-la-casa-natal-de-sarmiento-simbolo-de-amistad","status":"publish","type":"post","link":"https:\/\/vocesparalelas.com.ar\/sitio\/el-sable-de-antonino-aberastain-esta-en-la-casa-natal-de-sarmiento-simbolo-de-amistad\/","title":{"rendered":"El sable de Antonino Aberastain est\u00e1 en la Casa Natal de Sarmiento s\u00edmbolo de amistad"},"content":{"rendered":"<div class=\"com-content-article__body\">\n<p>En el marco de la exposici\u00f3n \u00abAberastain, el mejor amigo de Sarmiento\u00bb, el vicegobernador de San Juan, Dr. Fabi\u00e1n Mart\u00edn particip\u00f3 del emotivo acto donde se realiz\u00f3 el traslado del sable de Antonino Aberastain a la Biblioteca y Museo Casa Natal Domingo Faustino Sarmiento.<\/p>\n<figure id=\"attachment_73663\" aria-describedby=\"caption-attachment-73663\" style=\"width: 799px\" class=\"wp-caption alignnone\"><img loading=\"lazy\" decoding=\"async\" class=\"size-full wp-image-73663\" src=\"https:\/\/vocesparalelas.com.ar\/sitio\/wp-content\/uploads\/2024\/06\/CNS-SABLE-02.jpg\" alt=\"\" width=\"799\" height=\"447\" srcset=\"https:\/\/vocesparalelas.com.ar\/sitio\/wp-content\/uploads\/2024\/06\/CNS-SABLE-02.jpg 799w, https:\/\/vocesparalelas.com.ar\/sitio\/wp-content\/uploads\/2024\/06\/CNS-SABLE-02-300x168.jpg 300w, https:\/\/vocesparalelas.com.ar\/sitio\/wp-content\/uploads\/2024\/06\/CNS-SABLE-02-768x430.jpg 768w\" sizes=\"auto, (max-width: 799px) 100vw, 799px\" \/><figcaption id=\"caption-attachment-73663\" class=\"wp-caption-text\">Sable de Antonino Aberastain<\/figcaption><\/figure>\n<p>El acto estuvo presidido por el presidente nato de la C\u00e1mara de Diputados de San Juan, Dr. Fabi\u00e1n Mart\u00edn, quien estuvo acompa\u00f1ado por los legisladores Dr. Juan de la Cruz C\u00f3rdoba y Lic. Mar\u00eda Rita Lascano, la diputada Nacional por San Juan, Dra. Nancy Pic\u00f3n, el secretario de Seguridad Dr. Gustavo S\u00e1nchez, el secretario de Cultura Eduardo Varela, el jefe de la Polic\u00eda de San Juan, Dr. Eduardo Lirola y el director del Museo Casa Natal de Domingo Faustino Sarmiento, Dr. Renato L\u00f3pez.<\/p>\n<figure id=\"attachment_73664\" aria-describedby=\"caption-attachment-73664\" style=\"width: 800px\" class=\"wp-caption alignnone\"><img loading=\"lazy\" decoding=\"async\" class=\"size-full wp-image-73664\" src=\"https:\/\/vocesparalelas.com.ar\/sitio\/wp-content\/uploads\/2024\/06\/CNS-SABLE-03.jpg\" alt=\"\" width=\"800\" height=\"534\" srcset=\"https:\/\/vocesparalelas.com.ar\/sitio\/wp-content\/uploads\/2024\/06\/CNS-SABLE-03.jpg 800w, https:\/\/vocesparalelas.com.ar\/sitio\/wp-content\/uploads\/2024\/06\/CNS-SABLE-03-300x200.jpg 300w, https:\/\/vocesparalelas.com.ar\/sitio\/wp-content\/uploads\/2024\/06\/CNS-SABLE-03-768x513.jpg 768w\" sizes=\"auto, (max-width: 800px) 100vw, 800px\" \/><figcaption id=\"caption-attachment-73664\" class=\"wp-caption-text\">Presidente nato de la C\u00e1mara de Diputados de San Juan, Dr. Fabi\u00e1n Mart\u00edn<\/figcaption><\/figure>\n<p>Durante la ceremonia, el titular del Poder Legislativo, Dr. Fabi\u00e1n Mart\u00edn destac\u00f3 que \u00abla amistad entre Sarmiento y Aberastain, ten\u00edan nueve meses de diferencia. Fueron desde muy peque\u00f1os a la misma escuela, llamada De la Patria, donde comenz\u00f3 a forjarse esa amistad. Ambos encontraron en la educaci\u00f3n el camino para desarrollar sus vidas\u00bb.<\/p>\n<p>\u00abSarmiento, en su libro menciona a Aberastain como su mejor amigo y adopta los principios republicanos que Aberastain no pudo ejercer como hubiera deseado debido a su muerte en batalla, llev\u00e1ndolos adelante en honor a su amistad. Destac\u00f3 tambi\u00e9n que ambos fueron grandes pol\u00edticos que defendieron las autonom\u00edas provinciales\u00bb.<\/p>\n<p>\u00abHoy, muchos a\u00f1os despu\u00e9s de aquellos hechos hist\u00f3ricos, quienes estamos, las autoridades y el p\u00fablico en general, venimos a presenciar un acto que consolida la amistad entre dos grandes personas, Sarmiento y Aberastain\u00bb &#8211; sintetiz\u00f3 el presidente nato de la C\u00e1mara de Diputados de San Juan, Dr. Fabi\u00e1n Mart\u00edn.<\/p>\n<p>Por su parte, el director del Museo Casa Natal de Domingo Faustino Sarmiento, Dr. Renato L\u00f3pez enfatiz\u00f3 que \u00abla exposici\u00f3n cuenta con objetos que son exhibidos por primera vez, incluyendo una memoria personal de Antonino Aberastain de 1945\u00bb.<\/p>\n<p>Finalmente, el jefe de la Polic\u00eda de San Juan, Dr. Eduardo Lirola explic\u00f3 que \u00abla adquisici\u00f3n del sable y la pintura para la muestra pone en valor la exhibici\u00f3n con una selecci\u00f3n de documentos, objetos personales y correspondencia que dan cuenta y rinden homenaje a la figura de Antonino Aberastain y a su estrecha amistad y colaboraci\u00f3n con el Gran Maestro de Am\u00e9rica\u00bb.<\/p>\n<p>Entre los elementos destacados se encuentra una memoria manuscrita del propio Aberastain, un sable y un \u00f3leo que lo retrata, entre otros objetos y correspondencia entre Sarmiento y la viuda de Antonino, Magdalena Brihuega.<\/p>\n<\/div>\n<p><img loading=\"lazy\" decoding=\"async\" class=\"alignnone size-full wp-image-73665\" src=\"https:\/\/vocesparalelas.com.ar\/sitio\/wp-content\/uploads\/2024\/06\/CNS-SABLE-04.jpg\" alt=\"\" width=\"800\" height=\"527\" srcset=\"https:\/\/vocesparalelas.com.ar\/sitio\/wp-content\/uploads\/2024\/06\/CNS-SABLE-04.jpg 800w, https:\/\/vocesparalelas.com.ar\/sitio\/wp-content\/uploads\/2024\/06\/CNS-SABLE-04-300x198.jpg 300w, https:\/\/vocesparalelas.com.ar\/sitio\/wp-content\/uploads\/2024\/06\/CNS-SABLE-04-768x506.jpg 768w\" sizes=\"auto, (max-width: 800px) 100vw, 800px\" \/><\/p>\n<figure id=\"attachment_73698\" aria-describedby=\"caption-attachment-73698\" style=\"width: 800px\" class=\"wp-caption alignnone\"><img loading=\"lazy\" decoding=\"async\" class=\"size-full wp-image-73698\" src=\"https:\/\/vocesparalelas.com.ar\/sitio\/wp-content\/uploads\/2024\/06\/MyBCNS-PERSONAL.jpg\" alt=\"\" width=\"800\" height=\"527\" srcset=\"https:\/\/vocesparalelas.com.ar\/sitio\/wp-content\/uploads\/2024\/06\/MyBCNS-PERSONAL.jpg 800w, https:\/\/vocesparalelas.com.ar\/sitio\/wp-content\/uploads\/2024\/06\/MyBCNS-PERSONAL-300x198.jpg 300w, https:\/\/vocesparalelas.com.ar\/sitio\/wp-content\/uploads\/2024\/06\/MyBCNS-PERSONAL-768x506.jpg 768w\" sizes=\"auto, (max-width: 800px) 100vw, 800px\" \/><figcaption id=\"caption-attachment-73698\" class=\"wp-caption-text\">Personal del Museo y Biblioteca de la Casa Natal de Sarmiento en San Juan<\/figcaption><\/figure>\n<p>&nbsp;<\/p>\n<p><img loading=\"lazy\" decoding=\"async\" class=\"alignnone size-full wp-image-41746\" src=\"https:\/\/vocesparalelas.com.ar\/sitio\/wp-content\/uploads\/2021\/09\/CASA-SARMIENTO-FRENTE-01.jpg\" alt=\"\" width=\"800\" height=\"533\" srcset=\"https:\/\/vocesparalelas.com.ar\/sitio\/wp-content\/uploads\/2021\/09\/CASA-SARMIENTO-FRENTE-01.jpg 800w, https:\/\/vocesparalelas.com.ar\/sitio\/wp-content\/uploads\/2021\/09\/CASA-SARMIENTO-FRENTE-01-300x200.jpg 300w, https:\/\/vocesparalelas.com.ar\/sitio\/wp-content\/uploads\/2021\/09\/CASA-SARMIENTO-FRENTE-01-768x512.jpg 768w\" sizes=\"auto, (max-width: 800px) 100vw, 800px\" \/><\/p>\n","protected":false},"excerpt":{"rendered":"<p>En el marco de la exposici\u00f3n \u00abAberastain, el mejor amigo de Sarmiento\u00bb, el vicegobernador de San Juan, Dr. Fabi\u00e1n Mart\u00edn<\/p>\n","protected":false},"author":3,"featured_media":73662,"comment_status":"closed","ping_status":"closed","sticky":false,"template":"","format":"standard","meta":{"_acf_changed":false,"_seopress_robots_primary_cat":"none","_seopress_titles_title":"","_seopress_titles_desc":"","_seopress_robots_index":"","colormag_page_container_layout":"default_layout","colormag_page_sidebar_layout":"default_layout","footnotes":""},"categories":[1],"tags":[],"class_list":["post-73659","post","type-post","status-publish","format-standard","has-post-thumbnail","hentry","category-destacadas"],"acf":[],"_links":{"self":[{"href":"https:\/\/vocesparalelas.com.ar\/sitio\/wp-json\/wp\/v2\/posts\/73659","targetHints":{"allow":["GET"]}}],"collection":[{"href":"https:\/\/vocesparalelas.com.ar\/sitio\/wp-json\/wp\/v2\/posts"}],"about":[{"href":"https:\/\/vocesparalelas.com.ar\/sitio\/wp-json\/wp\/v2\/types\/post"}],"author":[{"embeddable":true,"href":"https:\/\/vocesparalelas.com.ar\/sitio\/wp-json\/wp\/v2\/users\/3"}],"replies":[{"embeddable":true,"href":"https:\/\/vocesparalelas.com.ar\/sitio\/wp-json\/wp\/v2\/comments?post=73659"}],"version-history":[{"count":3,"href":"https:\/\/vocesparalelas.com.ar\/sitio\/wp-json\/wp\/v2\/posts\/73659\/revisions"}],"predecessor-version":[{"id":73700,"href":"https:\/\/vocesparalelas.com.ar\/sitio\/wp-json\/wp\/v2\/posts\/73659\/revisions\/73700"}],"wp:featuredmedia":[{"embeddable":true,"href":"https:\/\/vocesparalelas.com.ar\/sitio\/wp-json\/wp\/v2\/media\/73662"}],"wp:attachment":[{"href":"https:\/\/vocesparalelas.com.ar\/sitio\/wp-json\/wp\/v2\/media?parent=73659"}],"wp:term":[{"taxonomy":"category","embeddable":true,"href":"https:\/\/vocesparalelas.com.ar\/sitio\/wp-json\/wp\/v2\/categories?post=73659"},{"taxonomy":"post_tag","embeddable":true,"href":"https:\/\/vocesparalelas.com.ar\/sitio\/wp-json\/wp\/v2\/tags?post=73659"}],"curies":[{"name":"wp","href":"https:\/\/api.w.org\/{rel}","templated":true}]}}