{"id":73650,"date":"2024-06-19T21:36:05","date_gmt":"2024-06-20T00:36:05","guid":{"rendered":"https:\/\/vocesparalelas.com.ar\/sitio\/?p=73650"},"modified":"2024-06-20T16:45:20","modified_gmt":"2024-06-20T19:45:20","slug":"concierto-aires-americanos-de-la-banda-sinfonica-de-la-unsj","status":"publish","type":"post","link":"https:\/\/vocesparalelas.com.ar\/sitio\/concierto-aires-americanos-de-la-banda-sinfonica-de-la-unsj\/","title":{"rendered":"Concierto \u201cAires Americanos\u201d de La Banda Sinf\u00f3nica de la UNSJ"},"content":{"rendered":"<p>El Jueves, 27 de Junio de 2024, a las 21 hs.; en el Auditorio Ing. Juan Victoria se presenta La Banda Sinf\u00f3nica de la UNSJ para celebrar su Segundo Aniversario con la presentaci\u00f3n de \u201cAires Americanos\u201d.<\/p>\n<p>Un concierto donde se puede disfrutar de la Banda Sinf\u00f3nica de la UNSJ, ejecutando en esta oportunidad un concierto que nos lleva por un recorrido musical junto a los compositores representativos de Am\u00e9rica, como lo son Leonard Bernstein, George Gershwin, Paquito de D\u2019Rivera y Alberto Ginastera entre otros, a trav\u00e9s de un maravilloso viaje musical por g\u00e9neros como el jazz, ritmos latinos y la m\u00fasica folkl\u00f3rica argentina.<\/p>\n<p><iframe loading=\"lazy\" title=\"LA BANDA SINFONICA DE LA UNSJ\" width=\"800\" height=\"450\" src=\"https:\/\/www.youtube.com\/embed\/m4umcmyd94M?feature=oembed\" frameborder=\"0\" allow=\"accelerometer; autoplay; clipboard-write; encrypted-media; gyroscope; picture-in-picture; web-share\" referrerpolicy=\"strict-origin-when-cross-origin\" allowfullscreen><\/iframe><\/p>\n<p>Acompa\u00f1a a \u00abLa Banda Sinf\u00f3nica de la UNSJ\u00bb con tu familia y amigos, en este concierto especial, y con esto colaboramos con nuestro Departamento de M\u00fasica. Este es un concierto que no te puedes perder.<\/p>\n<figure id=\"attachment_73668\" aria-describedby=\"caption-attachment-73668\" style=\"width: 800px\" class=\"wp-caption alignnone\"><img loading=\"lazy\" decoding=\"async\" class=\"size-full wp-image-73668\" src=\"https:\/\/vocesparalelas.com.ar\/sitio\/wp-content\/uploads\/2024\/06\/UNSJ-BANDA-SINFONICA.jpg\" alt=\"\" width=\"800\" height=\"318\" srcset=\"https:\/\/vocesparalelas.com.ar\/sitio\/wp-content\/uploads\/2024\/06\/UNSJ-BANDA-SINFONICA.jpg 800w, https:\/\/vocesparalelas.com.ar\/sitio\/wp-content\/uploads\/2024\/06\/UNSJ-BANDA-SINFONICA-300x119.jpg 300w, https:\/\/vocesparalelas.com.ar\/sitio\/wp-content\/uploads\/2024\/06\/UNSJ-BANDA-SINFONICA-768x305.jpg 768w\" sizes=\"auto, (max-width: 800px) 100vw, 800px\" \/><figcaption id=\"caption-attachment-73668\" class=\"wp-caption-text\">\u00abLa Banda Sinf\u00f3nica de la UNSJ\u00bb<\/figcaption><\/figure>\n<p><strong><span style=\"color: #ff6600;\">Entrada <\/span><\/strong><\/p>\n<p>Bono Contribuci\u00f3n de $1500 a beneficio del Departamento de M\u00fasica y se pueden adquirir en boleter\u00eda del Auditorio Ing. Juan Victoria, de Lunes a S\u00e1bado, de 10 a 18 hs.<\/p>\n<p><iframe loading=\"lazy\" title=\"BANDA SINF\u00d3NICA DE LA UNIVERSIDAD NACIONAL DE SAN JUAN - SOLEMNE SONORUS - 28\/06\/2022\" width=\"800\" height=\"450\" src=\"https:\/\/www.youtube.com\/embed\/AInZ4R_dzKY?feature=oembed\" frameborder=\"0\" allow=\"accelerometer; autoplay; clipboard-write; encrypted-media; gyroscope; picture-in-picture; web-share\" referrerpolicy=\"strict-origin-when-cross-origin\" allowfullscreen><\/iframe><\/p>\n<p>&nbsp;<\/p>\n<p>&nbsp;<\/p>\n<p><img loading=\"lazy\" decoding=\"async\" class=\"alignnone size-full wp-image-61468\" src=\"https:\/\/vocesparalelas.com.ar\/sitio\/wp-content\/uploads\/2023\/07\/AUDITORIO-EDIFICIO.jpg\" alt=\"\" width=\"800\" height=\"533\" srcset=\"https:\/\/vocesparalelas.com.ar\/sitio\/wp-content\/uploads\/2023\/07\/AUDITORIO-EDIFICIO.jpg 800w, https:\/\/vocesparalelas.com.ar\/sitio\/wp-content\/uploads\/2023\/07\/AUDITORIO-EDIFICIO-300x200.jpg 300w, https:\/\/vocesparalelas.com.ar\/sitio\/wp-content\/uploads\/2023\/07\/AUDITORIO-EDIFICIO-768x512.jpg 768w\" sizes=\"auto, (max-width: 800px) 100vw, 800px\" \/><\/p>\n","protected":false},"excerpt":{"rendered":"<p>El Jueves, 27 de Junio de 2024, a las 21 hs.; en el Auditorio Ing. Juan Victoria se presenta La<\/p>\n","protected":false},"author":3,"featured_media":4322,"comment_status":"closed","ping_status":"closed","sticky":false,"template":"","format":"standard","meta":{"_acf_changed":false,"_seopress_robots_primary_cat":"none","_seopress_titles_title":"","_seopress_titles_desc":"","_seopress_robots_index":"","colormag_page_container_layout":"default_layout","colormag_page_sidebar_layout":"default_layout","footnotes":""},"categories":[20,7],"tags":[],"class_list":["post-73650","post","type-post","status-publish","format-standard","has-post-thumbnail","hentry","category-cartelera","category-videos"],"acf":[],"_links":{"self":[{"href":"https:\/\/vocesparalelas.com.ar\/sitio\/wp-json\/wp\/v2\/posts\/73650","targetHints":{"allow":["GET"]}}],"collection":[{"href":"https:\/\/vocesparalelas.com.ar\/sitio\/wp-json\/wp\/v2\/posts"}],"about":[{"href":"https:\/\/vocesparalelas.com.ar\/sitio\/wp-json\/wp\/v2\/types\/post"}],"author":[{"embeddable":true,"href":"https:\/\/vocesparalelas.com.ar\/sitio\/wp-json\/wp\/v2\/users\/3"}],"replies":[{"embeddable":true,"href":"https:\/\/vocesparalelas.com.ar\/sitio\/wp-json\/wp\/v2\/comments?post=73650"}],"version-history":[{"count":3,"href":"https:\/\/vocesparalelas.com.ar\/sitio\/wp-json\/wp\/v2\/posts\/73650\/revisions"}],"predecessor-version":[{"id":73848,"href":"https:\/\/vocesparalelas.com.ar\/sitio\/wp-json\/wp\/v2\/posts\/73650\/revisions\/73848"}],"wp:featuredmedia":[{"embeddable":true,"href":"https:\/\/vocesparalelas.com.ar\/sitio\/wp-json\/wp\/v2\/media\/4322"}],"wp:attachment":[{"href":"https:\/\/vocesparalelas.com.ar\/sitio\/wp-json\/wp\/v2\/media?parent=73650"}],"wp:term":[{"taxonomy":"category","embeddable":true,"href":"https:\/\/vocesparalelas.com.ar\/sitio\/wp-json\/wp\/v2\/categories?post=73650"},{"taxonomy":"post_tag","embeddable":true,"href":"https:\/\/vocesparalelas.com.ar\/sitio\/wp-json\/wp\/v2\/tags?post=73650"}],"curies":[{"name":"wp","href":"https:\/\/api.w.org\/{rel}","templated":true}]}}