{"id":73627,"date":"2024-06-14T15:11:45","date_gmt":"2024-06-14T18:11:45","guid":{"rendered":"https:\/\/vocesparalelas.com.ar\/sitio\/?p=73627"},"modified":"2024-06-14T23:25:33","modified_gmt":"2024-06-15T02:25:33","slug":"agenda-cultural-de-san-juan-9","status":"publish","type":"post","link":"https:\/\/vocesparalelas.com.ar\/sitio\/agenda-cultural-de-san-juan-9\/","title":{"rendered":"Agenda Cultural de San Juan"},"content":{"rendered":"<p>Comienza el tercer fin de semana de Junio 2024 y los planes para disfrutarlo est\u00e1n disponibles en los distintos espacios culturales.<\/p>\n<p>En este marco, la noche del Viernes, 14 de Junio, trae una nueva fecha de la temporada de la Orquesta Sinf\u00f3nica de la UNSJ en el Auditorio Juan Victoria, a las 21:30 hs.; con Romeo y Julieta y Concierto para Viol\u00edn. En esta oportunidad, el p\u00fablico podr\u00e1 ingresar gratuitamente.<\/p>\n<p>Las propuestas para el S\u00e1bado, 15 de Junio, incluyen \u201cRa\u00edces y Alas, Storytelling\u00bb en el Chalet Cantoni Casa Cultural. Desde las 20:30, seis protagonistas comparten relatos que transformaron su manera de ver la vida. La entrada tiene un costo de $7000, incluyendo un break con degustaci\u00f3n de pizzas de Il Pilonte, vino y jugo. Para adquirir las entradas, los interesados deben acceder a<\/p>\n<p><a href=\"https:\/\/www.eventbrite.com.ar\/e\/raices-y-alas-storytelling-contadores-de-historias-tickets-915590484787?fbclid=PAZXh0bgNhZW0CMTEAAaa-ToLMGq6fXqxYEYv5Ov5KNBtvnvGM_TYIo7eaW_t63rMTRms_jZufCds_aem_AWA0kIKrxdqsId2HCbxnt3y8DEK3FQJ7OulZl8Sh6IWSfpdBbLrLLVJIpWFbMRmFiSLf-G0hQENgWbdk_BY2tk_e\">https:\/\/www.eventbrite.com.ar\/e\/raices-y-alas-storytelling-contadores-de-historias-tickets-915590484787?fbclid=PAZXh0bgNhZW0CMTEAAaa-ToLMGq6fXqxYEYv5Ov5KNBtvnvGM_TYIo7eaW_t63rMTRms_jZufCds_aem_AWA0kIKrxdqsId2HCbxnt3y8DEK3FQJ7OulZl8Sh6IWSfpdBbLrLLVJIpWFbMRmFiSLf-G0hQENgWbdk_BY2tk_e<\/a><\/p>\n<p>A las 21 hs. Eli Dom\u00ednguez presenta \u00abAnsias\u00bb en la Sala Audit\u00f3rium del Teatro del Bicentenario. La cantautora invita a disfrutar de su \u00faltimo material y adelanta parte de su pr\u00f3ximo disco en un espect\u00e1culo imperdible. La entrada general tiene un valor de $3000 y puede adquirirse en Boleter\u00eda del TB con descuentos exclusivos de lunes a 16 a 20 hs, y los s\u00e1bados de 10 a 14 hs. Tambi\u00e9n se pueden comprar online a trav\u00e9s de<a href=\"https:\/\/tbsj.tuentrada.com\/selection\/event\/date?productId=10229021582309\">\u00a0TuEntrada.com<\/a><\/p>\n<p>Por su parte, el Primer Festival de M\u00fasica Popular se realizar\u00e1 en el Auditorio Juan Victoria a las 21:30 hs. \u00abLeyendas\u00bb contar\u00e1 con la presentaci\u00f3n de Inti Huama, Ra\u00fal De la Torre y el D\u00fao M\u00ednguez Barboza. La entrada general es de $5000 y se adquiere en boleter\u00eda.<\/p>\n<p>El humor es una buena opci\u00f3n para el Domingo, 16 de Junio, de la mano de Fede Cyrulnik con su exitoso unipersonal. Signos zodiacales, stand up y risas, en una combinaci\u00f3n letal que s\u00f3lo este comediante puede manejar. La cita es en el Teatro Sarmiento, a las 21 hs y los tickets est\u00e1n disponibles en <a href=\"https:\/\/www.entradaweb.com.ar\/evento\/d4722aaf\/step\/1\">entradaweb<\/a>.<\/p>\n<p><img loading=\"lazy\" decoding=\"async\" class=\"alignnone size-large wp-image-1815\" src=\"https:\/\/vocesparalelas.com.ar\/sitio\/wp-content\/uploads\/2017\/06\/SAN-JUAN-CIUDAD-01-7-800x531.jpg\" alt=\"\" width=\"800\" height=\"531\" srcset=\"https:\/\/vocesparalelas.com.ar\/sitio\/wp-content\/uploads\/2017\/06\/SAN-JUAN-CIUDAD-01-7.jpg 800w, https:\/\/vocesparalelas.com.ar\/sitio\/wp-content\/uploads\/2017\/06\/SAN-JUAN-CIUDAD-01-7-300x199.jpg 300w, https:\/\/vocesparalelas.com.ar\/sitio\/wp-content\/uploads\/2017\/06\/SAN-JUAN-CIUDAD-01-7-768x510.jpg 768w\" sizes=\"auto, (max-width: 800px) 100vw, 800px\" \/><\/p>\n<p>&nbsp;<\/p>\n<p>&nbsp;<\/p>\n","protected":false},"excerpt":{"rendered":"<p>Comienza el tercer fin de semana de Junio 2024 y los planes para disfrutarlo est\u00e1n disponibles en los distintos espacios<\/p>\n","protected":false},"author":3,"featured_media":2997,"comment_status":"closed","ping_status":"closed","sticky":false,"template":"","format":"standard","meta":{"_acf_changed":false,"_seopress_robots_primary_cat":"none","_seopress_titles_title":"","_seopress_titles_desc":"","_seopress_robots_index":"","colormag_page_container_layout":"default_layout","colormag_page_sidebar_layout":"default_layout","footnotes":""},"categories":[20],"tags":[],"class_list":["post-73627","post","type-post","status-publish","format-standard","has-post-thumbnail","hentry","category-cartelera"],"acf":[],"_links":{"self":[{"href":"https:\/\/vocesparalelas.com.ar\/sitio\/wp-json\/wp\/v2\/posts\/73627","targetHints":{"allow":["GET"]}}],"collection":[{"href":"https:\/\/vocesparalelas.com.ar\/sitio\/wp-json\/wp\/v2\/posts"}],"about":[{"href":"https:\/\/vocesparalelas.com.ar\/sitio\/wp-json\/wp\/v2\/types\/post"}],"author":[{"embeddable":true,"href":"https:\/\/vocesparalelas.com.ar\/sitio\/wp-json\/wp\/v2\/users\/3"}],"replies":[{"embeddable":true,"href":"https:\/\/vocesparalelas.com.ar\/sitio\/wp-json\/wp\/v2\/comments?post=73627"}],"version-history":[{"count":1,"href":"https:\/\/vocesparalelas.com.ar\/sitio\/wp-json\/wp\/v2\/posts\/73627\/revisions"}],"predecessor-version":[{"id":73630,"href":"https:\/\/vocesparalelas.com.ar\/sitio\/wp-json\/wp\/v2\/posts\/73627\/revisions\/73630"}],"wp:featuredmedia":[{"embeddable":true,"href":"https:\/\/vocesparalelas.com.ar\/sitio\/wp-json\/wp\/v2\/media\/2997"}],"wp:attachment":[{"href":"https:\/\/vocesparalelas.com.ar\/sitio\/wp-json\/wp\/v2\/media?parent=73627"}],"wp:term":[{"taxonomy":"category","embeddable":true,"href":"https:\/\/vocesparalelas.com.ar\/sitio\/wp-json\/wp\/v2\/categories?post=73627"},{"taxonomy":"post_tag","embeddable":true,"href":"https:\/\/vocesparalelas.com.ar\/sitio\/wp-json\/wp\/v2\/tags?post=73627"}],"curies":[{"name":"wp","href":"https:\/\/api.w.org\/{rel}","templated":true}]}}