{"id":73606,"date":"2024-06-10T18:16:04","date_gmt":"2024-06-10T21:16:04","guid":{"rendered":"https:\/\/vocesparalelas.com.ar\/sitio\/?p=73606"},"modified":"2024-06-15T14:25:30","modified_gmt":"2024-06-15T17:25:30","slug":"feria-agroproductiva-en-san-juan-10","status":"publish","type":"post","link":"https:\/\/vocesparalelas.com.ar\/sitio\/feria-agroproductiva-en-san-juan-10\/","title":{"rendered":"Feria Agroproductiva en San Juan"},"content":{"rendered":"<p>La Feria Agroproductiva vuelve a escena, el S\u00e1bado, 15 de Junio, de 9 a 14 hs.; en el paseo de Las Palmeras del Parque de Mayo<\/p>\n<p>Nuevamente Cambio Verde el proyecto impulsado por el Ministerio de Gobierno y apoyado por el Ministerio de Producci\u00f3n, Trabajo e Innovaci\u00f3n y la Secretar\u00eda de Estado y Ambiente de la provincia saldr\u00e1 a escena.<\/p>\n<p>El programa busca promover la toma de conciencia en la comunidad sobre la importancia de reciclar y apoyar el consumo local. Consiste en cambiar 10 materiales reciclables por un voucher, es decir, por un monto de dinero determinado, para utilizarlo en la misma feria.<\/p>\n<p>Cerca de 120 stands entre productores y emprendedores de la provincia exponen sus productos para el p\u00fablico en general, formando parte del evento m\u00e1s destacado de la provincia que organiza la cartera de Producci\u00f3n, Trabajo e Innovaci\u00f3n por intermedio de la Secretar\u00eda de Agricultura, Ganader\u00eda y Agroindustria, a trav\u00e9s de la Direcci\u00f3n Desarrollo Agropecuario.<\/p>\n<p>Quienes visiten la muestra encuentran frutas y verduras org\u00e1nicas, dulces, conservas, panificaci\u00f3n, vinos, frutos secos, aceite de oliva, plantas, especias y medicina natural; ser\u00e1n algunas de las variedades que los expositores ofrecer\u00e1n al p\u00fablico que concurrir\u00e1.<\/p>\n<p>Gran Feria Agroproductiva de San Juan la organiza la Secretar\u00eda de Agricultura, Ganader\u00eda y Agroindustria, a trav\u00e9s de la Direcci\u00f3n Desarrollo Agropecuario, es la m\u00e1s representativa en la que forman parte productores y emprendedores provenientes de los diferentes departamentos de San Juan.<\/p>\n<p><iframe loading=\"lazy\" title=\"FERIA AGROPRODUCTIVA SAN JUAN\" width=\"800\" height=\"450\" src=\"https:\/\/www.youtube.com\/embed\/s3Ywi3Ao_z4?feature=oembed\" frameborder=\"0\" allow=\"accelerometer; autoplay; clipboard-write; encrypted-media; gyroscope; picture-in-picture; web-share\" referrerpolicy=\"strict-origin-when-cross-origin\" allowfullscreen><\/iframe><\/p>\n<p>&nbsp;<\/p>\n<p>&nbsp;<\/p>\n","protected":false},"excerpt":{"rendered":"<p>La Feria Agroproductiva vuelve a escena, el S\u00e1bado, 15 de Junio, de 9 a 14 hs.; en el paseo de<\/p>\n","protected":false},"author":3,"featured_media":71556,"comment_status":"closed","ping_status":"closed","sticky":false,"template":"","format":"standard","meta":{"_acf_changed":false,"_seopress_robots_primary_cat":"none","_seopress_titles_title":"","_seopress_titles_desc":"","_seopress_robots_index":"","colormag_page_container_layout":"default_layout","colormag_page_sidebar_layout":"default_layout","footnotes":""},"categories":[1,7],"tags":[],"class_list":["post-73606","post","type-post","status-publish","format-standard","has-post-thumbnail","hentry","category-destacadas","category-videos"],"acf":[],"_links":{"self":[{"href":"https:\/\/vocesparalelas.com.ar\/sitio\/wp-json\/wp\/v2\/posts\/73606","targetHints":{"allow":["GET"]}}],"collection":[{"href":"https:\/\/vocesparalelas.com.ar\/sitio\/wp-json\/wp\/v2\/posts"}],"about":[{"href":"https:\/\/vocesparalelas.com.ar\/sitio\/wp-json\/wp\/v2\/types\/post"}],"author":[{"embeddable":true,"href":"https:\/\/vocesparalelas.com.ar\/sitio\/wp-json\/wp\/v2\/users\/3"}],"replies":[{"embeddable":true,"href":"https:\/\/vocesparalelas.com.ar\/sitio\/wp-json\/wp\/v2\/comments?post=73606"}],"version-history":[{"count":1,"href":"https:\/\/vocesparalelas.com.ar\/sitio\/wp-json\/wp\/v2\/posts\/73606\/revisions"}],"predecessor-version":[{"id":73609,"href":"https:\/\/vocesparalelas.com.ar\/sitio\/wp-json\/wp\/v2\/posts\/73606\/revisions\/73609"}],"wp:featuredmedia":[{"embeddable":true,"href":"https:\/\/vocesparalelas.com.ar\/sitio\/wp-json\/wp\/v2\/media\/71556"}],"wp:attachment":[{"href":"https:\/\/vocesparalelas.com.ar\/sitio\/wp-json\/wp\/v2\/media?parent=73606"}],"wp:term":[{"taxonomy":"category","embeddable":true,"href":"https:\/\/vocesparalelas.com.ar\/sitio\/wp-json\/wp\/v2\/categories?post=73606"},{"taxonomy":"post_tag","embeddable":true,"href":"https:\/\/vocesparalelas.com.ar\/sitio\/wp-json\/wp\/v2\/tags?post=73606"}],"curies":[{"name":"wp","href":"https:\/\/api.w.org\/{rel}","templated":true}]}}