{"id":73577,"date":"2024-06-13T19:44:52","date_gmt":"2024-06-13T22:44:52","guid":{"rendered":"https:\/\/vocesparalelas.com.ar\/sitio\/?p=73577"},"modified":"2024-06-13T21:52:41","modified_gmt":"2024-06-14T00:52:41","slug":"noche-de-gala-de-los-462-anos-de-la-fundacion-de-san-juan","status":"publish","type":"post","link":"https:\/\/vocesparalelas.com.ar\/sitio\/noche-de-gala-de-los-462-anos-de-la-fundacion-de-san-juan\/","title":{"rendered":"\u00abNoche de Gala\u00bb de los 462 a\u00f1os de la Fundaci\u00f3n de San Juan"},"content":{"rendered":"<p>En la previa del 462\u00b0 aniversario de la Fundaci\u00f3n de San Juan, se llev\u00f3 a cabo la tradicional Noche de Gala en el Teatro del Bicentenario.<\/p>\n<p>El evento fue coordinado por la Municipalidad de la Ciudad Capital de San Juan, ya que tambi\u00e9n se celebra el cumplea\u00f1os de la ciudad. De esa actividad particip\u00f3 el gobernador Dr. Marcelo Orrego.<\/p>\n<p><iframe loading=\"lazy\" title=\"San Juan comenz\u00f3 la celebraci\u00f3n de sus 462 a\u00f1os con una noche de Gala\" width=\"800\" height=\"450\" src=\"https:\/\/www.youtube.com\/embed\/X0EwAPUcdKM?feature=oembed\" frameborder=\"0\" allow=\"accelerometer; autoplay; clipboard-write; encrypted-media; gyroscope; picture-in-picture; web-share\" referrerpolicy=\"strict-origin-when-cross-origin\" allowfullscreen><\/iframe><\/p>\n<p>El mandatario estuvo acompa\u00f1ado por el vicegobernador Dr. Fabi\u00e1n Mart\u00edn; intendenta de la Municipalidad de la Ciudad Capital de San Juan, Dra. Susana Laciar; ministros de Turismo, Cultura y Deporte, Dr. Guido Romero; Miner\u00eda, Dr. Juan Pablo Perea; Educaci\u00f3n, Lic. Silvia Fuentes; Gobierno, Dra. Laura Palma; Salud Dr. Amilcar Dobladez; secretario de Seguridad, Dr. Gustavo S\u00e1nchez, dem\u00e1s funcionarios provinciales y municipales.<\/p>\n<p><img loading=\"lazy\" decoding=\"async\" class=\"alignnone size-full wp-image-73598\" src=\"https:\/\/vocesparalelas.com.ar\/sitio\/wp-content\/uploads\/2024\/06\/NOCHE-GALA-SAN-JUAN-01.jpg\" alt=\"\" width=\"800\" height=\"530\" srcset=\"https:\/\/vocesparalelas.com.ar\/sitio\/wp-content\/uploads\/2024\/06\/NOCHE-GALA-SAN-JUAN-01.jpg 800w, https:\/\/vocesparalelas.com.ar\/sitio\/wp-content\/uploads\/2024\/06\/NOCHE-GALA-SAN-JUAN-01-300x199.jpg 300w, https:\/\/vocesparalelas.com.ar\/sitio\/wp-content\/uploads\/2024\/06\/NOCHE-GALA-SAN-JUAN-01-768x509.jpg 768w\" sizes=\"auto, (max-width: 800px) 100vw, 800px\" \/><\/p>\n<p>Antes de presenciar el espect\u00e1culo, el gobernador Dr. Marcelo Orrego destac\u00f3 que \u00abeste aniversario es una oportunidad para recordar la historia y reconocer la reconstrucci\u00f3n de la ciudad tras el terremoto de 1944. La velada \u00abAqu\u00ed me quiero quedar\u00bb destaca la resiliencia de los habitantes. El mensaje para los j\u00f3venes es que San Juan, un lugar hermoso para vivir, ofrece un futuro prometedor\u201d, concluy\u00f3 el primer mandatario.<\/p>\n<figure id=\"attachment_73599\" aria-describedby=\"caption-attachment-73599\" style=\"width: 667px\" class=\"wp-caption alignnone\"><img loading=\"lazy\" decoding=\"async\" class=\"size-large wp-image-73599\" src=\"https:\/\/vocesparalelas.com.ar\/sitio\/wp-content\/uploads\/2024\/06\/NOCHE-GALA-SAN-JUAN-02-667x800.jpg\" alt=\"\" width=\"667\" height=\"800\" srcset=\"https:\/\/vocesparalelas.com.ar\/sitio\/wp-content\/uploads\/2024\/06\/NOCHE-GALA-SAN-JUAN-02-667x800.jpg 667w, https:\/\/vocesparalelas.com.ar\/sitio\/wp-content\/uploads\/2024\/06\/NOCHE-GALA-SAN-JUAN-02-250x300.jpg 250w, https:\/\/vocesparalelas.com.ar\/sitio\/wp-content\/uploads\/2024\/06\/NOCHE-GALA-SAN-JUAN-02-768x921.jpg 768w, https:\/\/vocesparalelas.com.ar\/sitio\/wp-content\/uploads\/2024\/06\/NOCHE-GALA-SAN-JUAN-02.jpg 800w\" sizes=\"auto, (max-width: 667px) 100vw, 667px\" \/><figcaption id=\"caption-attachment-73599\" class=\"wp-caption-text\">Equipo de Artistas de San Juan que pusieron su sentir en el espect\u00e1culo \u00abNoche de Gala\u00bb a los 462\u00b0 Aniversario de la Fundaci\u00f3n de San Juan, en el Teatro Bicentenario<\/figcaption><\/figure>\n<p>\u00abAqu\u00ed me quiero quedar&#8230; pudimos&#8230; podemos\u00bb fue el lema de la puesta en escena que realiz\u00f3 el elenco del Arq.\u00a0 Gerardo Lecich. De este modo, la gala homenaje apunt\u00f3 a las emociones y al sentido de pertenencia de los sanjuaninos, no s\u00f3lo de Capital sino de toda la provincia. As\u00ed, este a\u00f1o se rindi\u00f3\u00a0 homenaje a quienes desde la fundaci\u00f3n, pasando por los pueblos originarios y los inmigrantes, pusieron su grano de arena para hacer de San Juan la provincia que es.<\/p>\n<p><iframe loading=\"lazy\" title=\"SAN JUAN QUERIDO\" width=\"800\" height=\"450\" src=\"https:\/\/www.youtube.com\/embed\/KmJsp91UmOw?feature=oembed\" frameborder=\"0\" allow=\"accelerometer; autoplay; clipboard-write; encrypted-media; gyroscope; picture-in-picture; web-share\" referrerpolicy=\"strict-origin-when-cross-origin\" allowfullscreen><\/iframe><\/p>\n<p>&nbsp;<\/p>\n<p><img loading=\"lazy\" decoding=\"async\" class=\"alignnone size-large wp-image-1815\" src=\"https:\/\/vocesparalelas.com.ar\/sitio\/wp-content\/uploads\/2017\/06\/SAN-JUAN-CIUDAD-01-7-800x531.jpg\" alt=\"\" width=\"800\" height=\"531\" srcset=\"https:\/\/vocesparalelas.com.ar\/sitio\/wp-content\/uploads\/2017\/06\/SAN-JUAN-CIUDAD-01-7.jpg 800w, https:\/\/vocesparalelas.com.ar\/sitio\/wp-content\/uploads\/2017\/06\/SAN-JUAN-CIUDAD-01-7-300x199.jpg 300w, https:\/\/vocesparalelas.com.ar\/sitio\/wp-content\/uploads\/2017\/06\/SAN-JUAN-CIUDAD-01-7-768x510.jpg 768w\" sizes=\"auto, (max-width: 800px) 100vw, 800px\" \/><\/p>\n","protected":false},"excerpt":{"rendered":"<p>En la previa del 462\u00b0 aniversario de la Fundaci\u00f3n de San Juan, se llev\u00f3 a cabo la tradicional Noche de<\/p>\n","protected":false},"author":3,"featured_media":73580,"comment_status":"closed","ping_status":"closed","sticky":false,"template":"","format":"standard","meta":{"_acf_changed":false,"_seopress_robots_primary_cat":"none","_seopress_titles_title":"","_seopress_titles_desc":"","_seopress_robots_index":"","colormag_page_container_layout":"default_layout","colormag_page_sidebar_layout":"default_layout","footnotes":""},"categories":[1,7],"tags":[],"class_list":["post-73577","post","type-post","status-publish","format-standard","has-post-thumbnail","hentry","category-destacadas","category-videos"],"acf":[],"_links":{"self":[{"href":"https:\/\/vocesparalelas.com.ar\/sitio\/wp-json\/wp\/v2\/posts\/73577","targetHints":{"allow":["GET"]}}],"collection":[{"href":"https:\/\/vocesparalelas.com.ar\/sitio\/wp-json\/wp\/v2\/posts"}],"about":[{"href":"https:\/\/vocesparalelas.com.ar\/sitio\/wp-json\/wp\/v2\/types\/post"}],"author":[{"embeddable":true,"href":"https:\/\/vocesparalelas.com.ar\/sitio\/wp-json\/wp\/v2\/users\/3"}],"replies":[{"embeddable":true,"href":"https:\/\/vocesparalelas.com.ar\/sitio\/wp-json\/wp\/v2\/comments?post=73577"}],"version-history":[{"count":5,"href":"https:\/\/vocesparalelas.com.ar\/sitio\/wp-json\/wp\/v2\/posts\/73577\/revisions"}],"predecessor-version":[{"id":73600,"href":"https:\/\/vocesparalelas.com.ar\/sitio\/wp-json\/wp\/v2\/posts\/73577\/revisions\/73600"}],"wp:featuredmedia":[{"embeddable":true,"href":"https:\/\/vocesparalelas.com.ar\/sitio\/wp-json\/wp\/v2\/media\/73580"}],"wp:attachment":[{"href":"https:\/\/vocesparalelas.com.ar\/sitio\/wp-json\/wp\/v2\/media?parent=73577"}],"wp:term":[{"taxonomy":"category","embeddable":true,"href":"https:\/\/vocesparalelas.com.ar\/sitio\/wp-json\/wp\/v2\/categories?post=73577"},{"taxonomy":"post_tag","embeddable":true,"href":"https:\/\/vocesparalelas.com.ar\/sitio\/wp-json\/wp\/v2\/tags?post=73577"}],"curies":[{"name":"wp","href":"https:\/\/api.w.org\/{rel}","templated":true}]}}