{"id":73565,"date":"2024-06-13T10:37:01","date_gmt":"2024-06-13T13:37:01","guid":{"rendered":"https:\/\/vocesparalelas.com.ar\/sitio\/?p=73565"},"modified":"2024-06-14T10:42:13","modified_gmt":"2024-06-14T13:42:13","slug":"renovacion-de-contratos-en-zonas-alejadas-de-educacion-de-san-juan","status":"publish","type":"post","link":"https:\/\/vocesparalelas.com.ar\/sitio\/renovacion-de-contratos-en-zonas-alejadas-de-educacion-de-san-juan\/","title":{"rendered":"Renovaci\u00f3n de contratos en Zonas Alejadas de Educaci\u00f3n de San Juan"},"content":{"rendered":"<p>El Ministerio de Educaci\u00f3n del Gobierno de San Juan, a trav\u00e9s de la Secretar\u00eda de Coordinaci\u00f3n Administrativa y Financiera, informa el cronograma de Renovaci\u00f3n de contratos segundo semestre 2024 en Zonas Alejadas de los Departamentos Calingasta, Iglesia, J\u00e1chal y Valle F\u00e9rtil.<\/p>\n<p><img loading=\"lazy\" decoding=\"async\" class=\"alignnone size-full wp-image-73568\" src=\"https:\/\/vocesparalelas.com.ar\/sitio\/wp-content\/uploads\/2024\/06\/EDUCACION-ZONA-ALEJADA-CONTRATADOS.jpg\" alt=\"\" width=\"800\" height=\"337\" srcset=\"https:\/\/vocesparalelas.com.ar\/sitio\/wp-content\/uploads\/2024\/06\/EDUCACION-ZONA-ALEJADA-CONTRATADOS.jpg 800w, https:\/\/vocesparalelas.com.ar\/sitio\/wp-content\/uploads\/2024\/06\/EDUCACION-ZONA-ALEJADA-CONTRATADOS-300x126.jpg 300w, https:\/\/vocesparalelas.com.ar\/sitio\/wp-content\/uploads\/2024\/06\/EDUCACION-ZONA-ALEJADA-CONTRATADOS-768x324.jpg 768w\" sizes=\"auto, (max-width: 800px) 100vw, 800px\" \/><\/p>\n<p><span style=\"color: #ff6600;\"><strong>Documentaci\u00f3n a presentar<\/strong><\/span><\/p>\n<ol>\n<li>Dos (2) fotocopias legibles de DNI tarjeta, anverso y reverso, legalizadas.<\/li>\n<li>Constancia de inscripci\u00f3n de AFIP actualizada, donde conste la inscripci\u00f3n en Ingresos Brutos a trav\u00e9s de la leyenda \u201cR\u00e9gimen simplificado impuesto sobre los ingresos brutos San Juan &#8211; AC\u201d. Adem\u00e1s es indispensable tener como actividad principal \u201cSERVICIOS PERSONALES NCP\u201d.<\/li>\n<\/ol>\n<p>3.Certificado de Antecedentes y planilla prontuarial, tienen plazo hasta el 30 de agosto y se puede solicitar en la Isla del Ministerio de Educaci\u00f3n, de 7:30 a 19:30 hs.; de Lunes a Viernes.<\/p>\n<p><span style=\"color: #ff6600;\"><strong>Presentar P\u00f3liza de Seguro por Accidentes Laborales Vigente<\/strong><\/span><\/p>\n<p>Los importes son los siguientes:<\/p>\n<ol>\n<li>Muerte o invalidez total\/parcial por $ 3.000.000<\/li>\n<li>Gastos m\u00e9dicos y farmac\u00e9uticos por $ 150.000<\/li>\n<\/ol>\n<p>Se advierte que se tienen que respetar los d\u00edas y horarios asignados en el cronograma. En caso de no presentar debidamente la documentaci\u00f3n en el d\u00eda asignado, se advierte que no tendr\u00e1 continuidad el contrato de trabajo.<\/p>\n<p><img loading=\"lazy\" decoding=\"async\" class=\"alignnone size-full wp-image-28629\" src=\"https:\/\/vocesparalelas.com.ar\/sitio\/wp-content\/uploads\/2020\/05\/MINISTERIO-EDUCACION-SJ.jpg\" alt=\"\" width=\"800\" height=\"533\" srcset=\"https:\/\/vocesparalelas.com.ar\/sitio\/wp-content\/uploads\/2020\/05\/MINISTERIO-EDUCACION-SJ.jpg 800w, https:\/\/vocesparalelas.com.ar\/sitio\/wp-content\/uploads\/2020\/05\/MINISTERIO-EDUCACION-SJ-300x200.jpg 300w, https:\/\/vocesparalelas.com.ar\/sitio\/wp-content\/uploads\/2020\/05\/MINISTERIO-EDUCACION-SJ-768x512.jpg 768w\" sizes=\"auto, (max-width: 800px) 100vw, 800px\" \/><\/p>\n","protected":false},"excerpt":{"rendered":"<p>El Ministerio de Educaci\u00f3n del Gobierno de San Juan, a trav\u00e9s de la Secretar\u00eda de Coordinaci\u00f3n Administrativa y Financiera, informa<\/p>\n","protected":false},"author":3,"featured_media":31590,"comment_status":"closed","ping_status":"closed","sticky":false,"template":"","format":"standard","meta":{"_acf_changed":false,"_seopress_robots_primary_cat":"none","_seopress_titles_title":"","_seopress_titles_desc":"","_seopress_robots_index":"","colormag_page_container_layout":"default_layout","colormag_page_sidebar_layout":"default_layout","footnotes":""},"categories":[2],"tags":[],"class_list":["post-73565","post","type-post","status-publish","format-standard","has-post-thumbnail","hentry","category-convocatorias"],"acf":[],"_links":{"self":[{"href":"https:\/\/vocesparalelas.com.ar\/sitio\/wp-json\/wp\/v2\/posts\/73565","targetHints":{"allow":["GET"]}}],"collection":[{"href":"https:\/\/vocesparalelas.com.ar\/sitio\/wp-json\/wp\/v2\/posts"}],"about":[{"href":"https:\/\/vocesparalelas.com.ar\/sitio\/wp-json\/wp\/v2\/types\/post"}],"author":[{"embeddable":true,"href":"https:\/\/vocesparalelas.com.ar\/sitio\/wp-json\/wp\/v2\/users\/3"}],"replies":[{"embeddable":true,"href":"https:\/\/vocesparalelas.com.ar\/sitio\/wp-json\/wp\/v2\/comments?post=73565"}],"version-history":[{"count":1,"href":"https:\/\/vocesparalelas.com.ar\/sitio\/wp-json\/wp\/v2\/posts\/73565\/revisions"}],"predecessor-version":[{"id":73569,"href":"https:\/\/vocesparalelas.com.ar\/sitio\/wp-json\/wp\/v2\/posts\/73565\/revisions\/73569"}],"wp:featuredmedia":[{"embeddable":true,"href":"https:\/\/vocesparalelas.com.ar\/sitio\/wp-json\/wp\/v2\/media\/31590"}],"wp:attachment":[{"href":"https:\/\/vocesparalelas.com.ar\/sitio\/wp-json\/wp\/v2\/media?parent=73565"}],"wp:term":[{"taxonomy":"category","embeddable":true,"href":"https:\/\/vocesparalelas.com.ar\/sitio\/wp-json\/wp\/v2\/categories?post=73565"},{"taxonomy":"post_tag","embeddable":true,"href":"https:\/\/vocesparalelas.com.ar\/sitio\/wp-json\/wp\/v2\/tags?post=73565"}],"curies":[{"name":"wp","href":"https:\/\/api.w.org\/{rel}","templated":true}]}}