{"id":73556,"date":"2024-06-12T15:27:50","date_gmt":"2024-06-12T18:27:50","guid":{"rendered":"https:\/\/vocesparalelas.com.ar\/sitio\/?p=73556"},"modified":"2024-06-13T20:33:49","modified_gmt":"2024-06-13T23:33:49","slug":"agenda-junio-2024-en-el-auditorio-ing-juan-victoria-de-san-juan","status":"publish","type":"post","link":"https:\/\/vocesparalelas.com.ar\/sitio\/agenda-junio-2024-en-el-auditorio-ing-juan-victoria-de-san-juan\/","title":{"rendered":"Agenda \u00abJunio 2024\u00bb en el Auditorio Ing. Juan Victoria de San Juan"},"content":{"rendered":"<p>El Auditorio Ing. Juan Victoria brilla durante Junio con una agenda rica de eventos de nivel internacional y depende del Ministerio de Turismo, Cultura y Deporte del Gobierno de San Juan con abanico de espect\u00e1culos para los gustos m\u00e1s exquisitos.<\/p>\n<p><strong><span style=\"color: #ff6600;\">Programa<\/span><\/strong><\/p>\n<ul>\n<li>Mi\u00e9rcoles, 12 de junio a las 21 hs.; se desarrolla el concierto con obras de K. Goepfart, F. Rebay, L. Gianneo y C. Guastavino. Esto en el marco del Ciclo de M\u00fasica de C\u00e1mara, de la Universidad Nacional de San Juan. Participar\u00e1n Andrea Zanni, Patricia Maya, El\u00edas Cort\u00e9z, Nicol\u00e1s Olivieri, Julieta Grosso, Maximiliano Gili, Gaspar Videla, Luis Querales y Julieta Romero. La entrada es libre y gratuita.<\/li>\n<li>Viernes, 14 de Junio, a las 21:30 horas, con entrada libre y gratuita, la Orquesta Sinf\u00f3nica de la Facultad de Filosof\u00eda, Humanidades y Artes de la UNSJ presenta en su temporada N\u00b050 un concierto interpretando \u00abRomeo y Julieta\u00bb de Piotr I. Tchaikovsky y la Suite N\u00b0 2 de Serguei Prokofiev, con Mauricio Charbonnier como solista en el concierto para viol\u00edn. Ser\u00e1 e<\/li>\n<li>S\u00e1bado, 15 de Junio, en el marco del Primer Festival de M\u00fasica Popular Argentina, sube al escenario \u00abLeyendas\u00bb, Inti Huama, Ra\u00fal de la Torre y el D\u00fao M\u00ednguez \u2013 Barboza se unen para un recorrido por la m\u00fasica regional. Las entradas est\u00e1n a la venta en la boleter\u00eda del Auditorio a $5000, de lunes a s\u00e1bados de 10 a 18 horas.<\/li>\n<li>Viernes, 21 de Junio, a las 21:30 horas, \u00abEmbanderados\u00bb, un encuentro musical con el Tr\u00edo Los Barros, Bel\u00e9n Ramet y el proyecto Candombieeemo. Entradas generales a $3000, disponibles en la boleter\u00eda del Auditorio.<\/li>\n<li>S\u00e1bado, 22 de Junio, a las 21:30 horas, se presenta por primera vez en San Juan la m\u00fasica del hist\u00f3rico disco \u00abReuni\u00f3n Cumbre\u00bb de Astor Piazzolla y Gerry Mulligan, conmemorando 50 a\u00f1os de su trascendental grabaci\u00f3n. Destacados m\u00fasicos interpretar\u00e1n las composiciones en versiones originales y arreglos, incluyendo a Juan Jos\u00e9 Olgu\u00edn (bandone\u00f3n) y Mat\u00edas Araya (saxo), acompa\u00f1ados por Mariana Monta\u00f1ez (piano y \u00f3rgano), Nicol\u00e1s Bustos (bajo el\u00e9ctrico), Mat\u00edas Inostroza (bater\u00eda), Hugo Figueroa (guitarra el\u00e9ctrica), Carlos Beresi (vibr\u00e1fono y percusi\u00f3n), y m\u00fasicos invitados en cuerdas. El programa incluye: Hace veinte a\u00f1os; Cierra tus ojos y escucha; A\u00f1os de Soledad; Deus xango; Veinte a\u00f1os despu\u00e9s; Reminiscencia; Reuni\u00f3n cumbre.<\/li>\n<li>El Viernes, 28 de Junio a las 21:30 horas, el cantautor espa\u00f1ol Ismael Serrano se presenta repasando sus grandes \u00e9xitos. El encuentro con este destacado artista internacional es el Las entradas est\u00e1n disponibles en Vivaticket y en la boleter\u00eda del Auditorio, de lunes a s\u00e1bados de 10 a 18 horas.<\/li>\n<li>El S\u00e1bado, 29 de Junio, desde las 21, a beneficio del Hogar Escuela A.P.A.D.I.M, se realizar\u00e1 el evento \u00abExpresiones del Alma\u00bb con una muestra artesanal y art\u00edstica de los j\u00f3venes de la instituci\u00f3n, y actuaciones de artistas locales como Ernesto Villavicencio, Carlota de Belaustegui, Ra\u00fal Rizo y Rolando Garc\u00eda G\u00f3mez, entre otros. Entradas disponibles en la boleter\u00eda del Auditorio Juan Victoria y en la instituci\u00f3n A.P.A.D.I.M (2645411242 \u2013 2644459924 \u2013 2644155454).<\/li>\n<li>Contin\u00faa hasta el 23 de Junio, en el Foyer Sur del Auditorio Juan Victoria, la muestra de Trajes T\u00edpicos de las 56 etnias chinas. La exhibici\u00f3n est\u00e1 organizada por la Fundaci\u00f3n Ideas Para Promover Equidad &#8211; FIPPE &#8211; en coordinaci\u00f3n con el Instituto Confucio de la Universidad Nacional de C\u00f3rdoba y la Embajada de la Rep\u00fablica Popular de China, adem\u00e1s de contar con el apoyo del Ministerio de Turismo, Cultura y Deporte y la Universidad Nacional de San Juan, la misma busca explorar la identidad cultural china. El acceso es libre y gratuito, con horarios de visita de lunes a viernes de 9 a 19 horas, s\u00e1bados de 10 a 18 horas y domingos de 11 a 19 horas.<\/li>\n<\/ul>\n<p>&nbsp;<\/p>\n<p><img loading=\"lazy\" decoding=\"async\" class=\"alignnone size-full wp-image-61468\" src=\"https:\/\/vocesparalelas.com.ar\/sitio\/wp-content\/uploads\/2023\/07\/AUDITORIO-EDIFICIO.jpg\" alt=\"\" width=\"800\" height=\"533\" srcset=\"https:\/\/vocesparalelas.com.ar\/sitio\/wp-content\/uploads\/2023\/07\/AUDITORIO-EDIFICIO.jpg 800w, https:\/\/vocesparalelas.com.ar\/sitio\/wp-content\/uploads\/2023\/07\/AUDITORIO-EDIFICIO-300x200.jpg 300w, https:\/\/vocesparalelas.com.ar\/sitio\/wp-content\/uploads\/2023\/07\/AUDITORIO-EDIFICIO-768x512.jpg 768w\" sizes=\"auto, (max-width: 800px) 100vw, 800px\" \/><\/p>\n","protected":false},"excerpt":{"rendered":"<p>El Auditorio Ing. Juan Victoria brilla durante Junio con una agenda rica de eventos de nivel internacional y depende del<\/p>\n","protected":false},"author":3,"featured_media":4322,"comment_status":"closed","ping_status":"closed","sticky":false,"template":"","format":"standard","meta":{"_acf_changed":false,"_seopress_robots_primary_cat":"none","_seopress_titles_title":"","_seopress_titles_desc":"","_seopress_robots_index":"","colormag_page_container_layout":"default_layout","colormag_page_sidebar_layout":"default_layout","footnotes":""},"categories":[20],"tags":[],"class_list":["post-73556","post","type-post","status-publish","format-standard","has-post-thumbnail","hentry","category-cartelera"],"acf":[],"_links":{"self":[{"href":"https:\/\/vocesparalelas.com.ar\/sitio\/wp-json\/wp\/v2\/posts\/73556","targetHints":{"allow":["GET"]}}],"collection":[{"href":"https:\/\/vocesparalelas.com.ar\/sitio\/wp-json\/wp\/v2\/posts"}],"about":[{"href":"https:\/\/vocesparalelas.com.ar\/sitio\/wp-json\/wp\/v2\/types\/post"}],"author":[{"embeddable":true,"href":"https:\/\/vocesparalelas.com.ar\/sitio\/wp-json\/wp\/v2\/users\/3"}],"replies":[{"embeddable":true,"href":"https:\/\/vocesparalelas.com.ar\/sitio\/wp-json\/wp\/v2\/comments?post=73556"}],"version-history":[{"count":1,"href":"https:\/\/vocesparalelas.com.ar\/sitio\/wp-json\/wp\/v2\/posts\/73556\/revisions"}],"predecessor-version":[{"id":73559,"href":"https:\/\/vocesparalelas.com.ar\/sitio\/wp-json\/wp\/v2\/posts\/73556\/revisions\/73559"}],"wp:featuredmedia":[{"embeddable":true,"href":"https:\/\/vocesparalelas.com.ar\/sitio\/wp-json\/wp\/v2\/media\/4322"}],"wp:attachment":[{"href":"https:\/\/vocesparalelas.com.ar\/sitio\/wp-json\/wp\/v2\/media?parent=73556"}],"wp:term":[{"taxonomy":"category","embeddable":true,"href":"https:\/\/vocesparalelas.com.ar\/sitio\/wp-json\/wp\/v2\/categories?post=73556"},{"taxonomy":"post_tag","embeddable":true,"href":"https:\/\/vocesparalelas.com.ar\/sitio\/wp-json\/wp\/v2\/tags?post=73556"}],"curies":[{"name":"wp","href":"https:\/\/api.w.org\/{rel}","templated":true}]}}