{"id":73552,"date":"2024-06-12T17:10:09","date_gmt":"2024-06-12T20:10:09","guid":{"rendered":"https:\/\/vocesparalelas.com.ar\/sitio\/?p=73552"},"modified":"2024-06-13T20:49:37","modified_gmt":"2024-06-13T23:49:37","slug":"charla-abierta-al-publico-en-general-de-la-dra-ana-igareta-en-la-casa-de-sarmiento","status":"publish","type":"post","link":"https:\/\/vocesparalelas.com.ar\/sitio\/charla-abierta-al-publico-en-general-de-la-dra-ana-igareta-en-la-casa-de-sarmiento\/","title":{"rendered":"Charla abierta al p\u00fablico en general de la Dra. Ana Igareta en la Casa de Sarmiento"},"content":{"rendered":"<p>El Mi\u00e9rcoles, 19 de Junio, a las 12 hs.; en la Casa Natal de Sarmiento se presentan los hallazgos m\u00e1s interesantes de la excavaci\u00f3n realizada en los jardines del museo durante el a\u00f1o 2022.<\/p>\n<p>En esta instancia la Dra. Ana Igareta del CONICET de la Universidad Nacional de La Plata, brinda una charla abierta al p\u00fablico en general.<\/p>\n<p>El objetivo de la investigaci\u00f3n que ella y su equipo desarrollan en Casa Natal de Sarmiento y presentan los hallazgos m\u00e1s interesantes de la excavaci\u00f3n realizada en los jardines del museo durante el a\u00f1o 2022.<\/p>\n<p><img loading=\"lazy\" decoding=\"async\" class=\"alignnone size-large wp-image-18059\" src=\"https:\/\/vocesparalelas.com.ar\/sitio\/wp-content\/uploads\/2019\/01\/CASA-SARMIENTO-TERREMOTO-800x512.jpg\" alt=\"\" width=\"800\" height=\"512\" srcset=\"https:\/\/vocesparalelas.com.ar\/sitio\/wp-content\/uploads\/2019\/01\/CASA-SARMIENTO-TERREMOTO-800x512.jpg 800w, https:\/\/vocesparalelas.com.ar\/sitio\/wp-content\/uploads\/2019\/01\/CASA-SARMIENTO-TERREMOTO-300x192.jpg 300w, https:\/\/vocesparalelas.com.ar\/sitio\/wp-content\/uploads\/2019\/01\/CASA-SARMIENTO-TERREMOTO-768x492.jpg 768w, https:\/\/vocesparalelas.com.ar\/sitio\/wp-content\/uploads\/2019\/01\/CASA-SARMIENTO-TERREMOTO.jpg 1000w\" sizes=\"auto, (max-width: 800px) 100vw, 800px\" \/><\/p>\n<p>Adem\u00e1s, comparte im\u00e1genes de las piezas arqueol\u00f3gicas m\u00e1s significativas para la reconstrucci\u00f3n de la historia del edificio y de la vida dom\u00e9stica de la familia Sarmiento.<\/p>\n<p><img loading=\"lazy\" decoding=\"async\" class=\"alignnone size-full wp-image-61887\" src=\"https:\/\/vocesparalelas.com.ar\/sitio\/wp-content\/uploads\/2023\/08\/CASA-SARMIENTO-PROYECTO-06.jpg\" alt=\"\" width=\"800\" height=\"533\" srcset=\"https:\/\/vocesparalelas.com.ar\/sitio\/wp-content\/uploads\/2023\/08\/CASA-SARMIENTO-PROYECTO-06.jpg 800w, https:\/\/vocesparalelas.com.ar\/sitio\/wp-content\/uploads\/2023\/08\/CASA-SARMIENTO-PROYECTO-06-300x200.jpg 300w, https:\/\/vocesparalelas.com.ar\/sitio\/wp-content\/uploads\/2023\/08\/CASA-SARMIENTO-PROYECTO-06-768x512.jpg 768w\" sizes=\"auto, (max-width: 800px) 100vw, 800px\" \/><\/p>\n","protected":false},"excerpt":{"rendered":"<p>El Mi\u00e9rcoles, 19 de Junio, a las 12 hs.; en la Casa Natal de Sarmiento se presentan los hallazgos m\u00e1s<\/p>\n","protected":false},"author":3,"featured_media":41747,"comment_status":"closed","ping_status":"closed","sticky":false,"template":"","format":"standard","meta":{"_acf_changed":false,"_seopress_robots_primary_cat":"none","_seopress_titles_title":"","_seopress_titles_desc":"","_seopress_robots_index":"","colormag_page_container_layout":"default_layout","colormag_page_sidebar_layout":"default_layout","footnotes":""},"categories":[20],"tags":[],"class_list":["post-73552","post","type-post","status-publish","format-standard","has-post-thumbnail","hentry","category-cartelera"],"acf":[],"_links":{"self":[{"href":"https:\/\/vocesparalelas.com.ar\/sitio\/wp-json\/wp\/v2\/posts\/73552","targetHints":{"allow":["GET"]}}],"collection":[{"href":"https:\/\/vocesparalelas.com.ar\/sitio\/wp-json\/wp\/v2\/posts"}],"about":[{"href":"https:\/\/vocesparalelas.com.ar\/sitio\/wp-json\/wp\/v2\/types\/post"}],"author":[{"embeddable":true,"href":"https:\/\/vocesparalelas.com.ar\/sitio\/wp-json\/wp\/v2\/users\/3"}],"replies":[{"embeddable":true,"href":"https:\/\/vocesparalelas.com.ar\/sitio\/wp-json\/wp\/v2\/comments?post=73552"}],"version-history":[{"count":1,"href":"https:\/\/vocesparalelas.com.ar\/sitio\/wp-json\/wp\/v2\/posts\/73552\/revisions"}],"predecessor-version":[{"id":73555,"href":"https:\/\/vocesparalelas.com.ar\/sitio\/wp-json\/wp\/v2\/posts\/73552\/revisions\/73555"}],"wp:featuredmedia":[{"embeddable":true,"href":"https:\/\/vocesparalelas.com.ar\/sitio\/wp-json\/wp\/v2\/media\/41747"}],"wp:attachment":[{"href":"https:\/\/vocesparalelas.com.ar\/sitio\/wp-json\/wp\/v2\/media?parent=73552"}],"wp:term":[{"taxonomy":"category","embeddable":true,"href":"https:\/\/vocesparalelas.com.ar\/sitio\/wp-json\/wp\/v2\/categories?post=73552"},{"taxonomy":"post_tag","embeddable":true,"href":"https:\/\/vocesparalelas.com.ar\/sitio\/wp-json\/wp\/v2\/tags?post=73552"}],"curies":[{"name":"wp","href":"https:\/\/api.w.org\/{rel}","templated":true}]}}