{"id":73542,"date":"2024-06-12T18:10:58","date_gmt":"2024-06-12T21:10:58","guid":{"rendered":"https:\/\/vocesparalelas.com.ar\/sitio\/?p=73542"},"modified":"2024-06-13T22:18:55","modified_gmt":"2024-06-14T01:18:55","slug":"la-preocupacion-de-osse-san-juan-por-los-costos-del-agua-potable-se-debe-fortalecer-el-cuidado-del-agua-por-la-comunidad","status":"publish","type":"post","link":"https:\/\/vocesparalelas.com.ar\/sitio\/la-preocupacion-de-osse-san-juan-por-los-costos-del-agua-potable-se-debe-fortalecer-el-cuidado-del-agua-por-la-comunidad\/","title":{"rendered":"La Preocupaci\u00f3n de OSSE San Juan por los costos del Agua Potable \u00abSe debe fortalecer el cuidado del Agua por la comunidad\u00bb"},"content":{"rendered":"<p>La autoridad de OSSE San Juan est\u00e1 muy preocupada por que los costos del Potabilizaci\u00f3n del agua para que sea potable para la comunidad de San Juan, los gastos de Energ\u00eda Energ\u00eda que necesitan para brindar el servicio como as\u00ed tambi\u00e9n, los elementos necesarios los valores son muy altos. Adem\u00e1s, lo que paga por el servicio en su boleta no llega a cubrir tal inversi\u00f3n. Es necesario que la poblaci\u00f3n cuide el agua potable.<\/p>\n<p>Por ello, la\u00a0Jefa del Departamento Comercial de OSSE, Elisa G\u00f3mez manifest\u00f3 a los Periodistas San Juan y respondi\u00f3 diferentes preguntas.<\/p>\n<p>&nbsp;<\/p>\n<p><iframe loading=\"lazy\" title=\"OSSE SAN JUAN\" width=\"800\" height=\"450\" src=\"https:\/\/www.youtube.com\/embed\/IAU94xD7hCE?feature=oembed\" frameborder=\"0\" allow=\"accelerometer; autoplay; clipboard-write; encrypted-media; gyroscope; picture-in-picture; web-share\" referrerpolicy=\"strict-origin-when-cross-origin\" allowfullscreen><\/iframe><\/p>\n<p>&nbsp;<\/p>\n<p><img loading=\"lazy\" decoding=\"async\" class=\"alignnone size-full wp-image-32622\" src=\"https:\/\/vocesparalelas.com.ar\/sitio\/wp-content\/uploads\/2020\/11\/OSSE-PLANTA-POTABILIZADOR.jpg\" alt=\"\" width=\"800\" height=\"450\" srcset=\"https:\/\/vocesparalelas.com.ar\/sitio\/wp-content\/uploads\/2020\/11\/OSSE-PLANTA-POTABILIZADOR.jpg 800w, https:\/\/vocesparalelas.com.ar\/sitio\/wp-content\/uploads\/2020\/11\/OSSE-PLANTA-POTABILIZADOR-300x169.jpg 300w, https:\/\/vocesparalelas.com.ar\/sitio\/wp-content\/uploads\/2020\/11\/OSSE-PLANTA-POTABILIZADOR-768x432.jpg 768w\" sizes=\"auto, (max-width: 800px) 100vw, 800px\" \/><\/p>\n<p>&nbsp;<\/p>\n<p><img loading=\"lazy\" decoding=\"async\" class=\"alignnone size-full wp-image-62349\" src=\"https:\/\/vocesparalelas.com.ar\/sitio\/wp-content\/uploads\/2023\/08\/OSSE-EDIFICIO.jpg\" alt=\"\" width=\"800\" height=\"600\" srcset=\"https:\/\/vocesparalelas.com.ar\/sitio\/wp-content\/uploads\/2023\/08\/OSSE-EDIFICIO.jpg 800w, https:\/\/vocesparalelas.com.ar\/sitio\/wp-content\/uploads\/2023\/08\/OSSE-EDIFICIO-300x225.jpg 300w, https:\/\/vocesparalelas.com.ar\/sitio\/wp-content\/uploads\/2023\/08\/OSSE-EDIFICIO-768x576.jpg 768w\" sizes=\"auto, (max-width: 800px) 100vw, 800px\" \/><\/p>\n","protected":false},"excerpt":{"rendered":"<p>La autoridad de OSSE San Juan est\u00e1 muy preocupada por que los costos del Potabilizaci\u00f3n del agua para que sea<\/p>\n","protected":false},"author":3,"featured_media":73545,"comment_status":"closed","ping_status":"closed","sticky":false,"template":"","format":"standard","meta":{"_acf_changed":false,"_seopress_robots_primary_cat":"none","_seopress_titles_title":"","_seopress_titles_desc":"","_seopress_robots_index":"","colormag_page_container_layout":"default_layout","colormag_page_sidebar_layout":"default_layout","footnotes":""},"categories":[10,7],"tags":[],"class_list":["post-73542","post","type-post","status-publish","format-standard","has-post-thumbnail","hentry","category-opiniones","category-videos"],"acf":[],"_links":{"self":[{"href":"https:\/\/vocesparalelas.com.ar\/sitio\/wp-json\/wp\/v2\/posts\/73542","targetHints":{"allow":["GET"]}}],"collection":[{"href":"https:\/\/vocesparalelas.com.ar\/sitio\/wp-json\/wp\/v2\/posts"}],"about":[{"href":"https:\/\/vocesparalelas.com.ar\/sitio\/wp-json\/wp\/v2\/types\/post"}],"author":[{"embeddable":true,"href":"https:\/\/vocesparalelas.com.ar\/sitio\/wp-json\/wp\/v2\/users\/3"}],"replies":[{"embeddable":true,"href":"https:\/\/vocesparalelas.com.ar\/sitio\/wp-json\/wp\/v2\/comments?post=73542"}],"version-history":[{"count":1,"href":"https:\/\/vocesparalelas.com.ar\/sitio\/wp-json\/wp\/v2\/posts\/73542\/revisions"}],"predecessor-version":[{"id":73546,"href":"https:\/\/vocesparalelas.com.ar\/sitio\/wp-json\/wp\/v2\/posts\/73542\/revisions\/73546"}],"wp:featuredmedia":[{"embeddable":true,"href":"https:\/\/vocesparalelas.com.ar\/sitio\/wp-json\/wp\/v2\/media\/73545"}],"wp:attachment":[{"href":"https:\/\/vocesparalelas.com.ar\/sitio\/wp-json\/wp\/v2\/media?parent=73542"}],"wp:term":[{"taxonomy":"category","embeddable":true,"href":"https:\/\/vocesparalelas.com.ar\/sitio\/wp-json\/wp\/v2\/categories?post=73542"},{"taxonomy":"post_tag","embeddable":true,"href":"https:\/\/vocesparalelas.com.ar\/sitio\/wp-json\/wp\/v2\/tags?post=73542"}],"curies":[{"name":"wp","href":"https:\/\/api.w.org\/{rel}","templated":true}]}}