{"id":73531,"date":"2024-06-12T16:14:26","date_gmt":"2024-06-12T19:14:26","guid":{"rendered":"https:\/\/vocesparalelas.com.ar\/sitio\/?p=73531"},"modified":"2024-06-16T13:31:08","modified_gmt":"2024-06-16T16:31:08","slug":"la-camara-de-diputados-de-san-juan-entrego-los-reconocimientos-ciudadanos-ilustres-y-personalidades-destacadas","status":"publish","type":"post","link":"https:\/\/vocesparalelas.com.ar\/sitio\/la-camara-de-diputados-de-san-juan-entrego-los-reconocimientos-ciudadanos-ilustres-y-personalidades-destacadas\/","title":{"rendered":"La C\u00e1mara de Diputados de San Juan entreg\u00f3 los reconocimientos \u201cCiudadanos Ilustres\u201d y \u201cPersonalidades Destacadas\u201d"},"content":{"rendered":"<p>En el marco de la semana de la Fundaci\u00f3n de San Juan y en cumplimiento de los art\u00edculos 6\u00ba y 7\u00ba de la Ley N\u00ba 868-F, la C\u00e1mara de Diputados de San Juan realiz\u00f3 la entrega de los reconocimientos \u201cCiudadanos Ilustres\u201d y \u201cPersonalidades Destacadas\u201d a sanjuaninos por sus prestigiosas trayectorias y aportes significativos en la provincia.<\/p>\n<p>El homenaje fue llevado a cabo durante la Primera Sesi\u00f3n Especial que estuvo encabezada por el se\u00f1or vicegobernador Dr. Fabi\u00e1n Mart\u00edn. Acompa\u00f1aron los secretarios Legislativo, Dr. Gustavo Velert; y Administrativo, Lic. Jorge Fern\u00e1ndez.<\/p>\n<p>Previo a pasar lectura del orden del d\u00eda, el vicegobernador agradeci\u00f3 la presencia de las personas que fueron distinguidas por esta C\u00e1mara de Diputados, a sus familiares y tambi\u00e9n a quienes asistieron en representaci\u00f3n de aquellos que hoy no est\u00e1n y que han dejado un legado importante en la vida de la provincia de San Juan.<\/p>\n<p><span style=\"color: #800080;\"><strong>T\u00edtulo \u201cCiudadano\/a Ilustre de la Provincia de San Juan\u201d<\/strong><\/span><\/p>\n<ul>\n<li>Ra\u00fal De la Torre, D.N.I. N\u00b0 6.773.332 por su trayectoria art\u00edstica.<\/li>\n<li>Hugo De la Torre, post morten, por su trayectoria art\u00edstica.<\/li>\n<li>Rogelio Rafael Cerdera, post morten, por su trayectoria pol\u00edtica.<\/li>\n<\/ul>\n<p><span style=\"color: #800080;\"><strong>Distinci\u00f3n \u201cPersonalidad Destacada de la Provincia de San Juan\u201d fueron otorgadas a las siguientes personas:<\/strong><\/span><\/p>\n<ul>\n<li>Horacio Antonio Villafa\u00f1e Ahumada, (Chango Huaque\u00f1o) D.N.I. N\u00b0 11.142.731, por su trayectoria art\u00edstica.<\/li>\n<li>Nina Bernadette Labake de Galv\u00e1n. D.N.I. 3.758.407, por su trayectoria period\u00edstica y art\u00edstica.<\/li>\n<li>Myriam Estela Figueroa, D.N.I. N\u00b0 13.585.142, por su trayectoria social.<\/li>\n<li>Ricardo Olivera, post morten, por su trayectoria period\u00edstica.<\/li>\n<li>V\u00edctor Hugo Castro, D.N.I. N\u00ba 7.945.725, por su trayectoria acad\u00e9mica.<\/li>\n<\/ul>\n<p><iframe loading=\"lazy\" title=\"2024-06-12 Otorgaron las distinciones de \u201cCiudadanos Ilustres\u201d y \u201cPersonalidades Destacadas\u201d\" width=\"800\" height=\"600\" src=\"https:\/\/www.youtube.com\/embed\/-lGAUbnR9BA?feature=oembed\" frameborder=\"0\" allow=\"accelerometer; autoplay; clipboard-write; encrypted-media; gyroscope; picture-in-picture; web-share\" referrerpolicy=\"strict-origin-when-cross-origin\" allowfullscreen><\/iframe><\/p>\n<p>&nbsp;<\/p>\n<p><span style=\"color: #800080;\"><strong>Biograf\u00eda de los \u201cCiudadanos Ilustres\u201d<\/strong><\/span><\/p>\n<p><span style=\"color: #800080;\"><strong>Ra\u00fal y Hugo De La Torre<\/strong><\/span><\/p>\n<p>El diputado Juan de la Cruz C\u00f3rdoba fue el encargado de presentar a los hermanos De La Torre:<\/p>\n<p>\u201cRa\u00fal y Hugo de la Torre, nacidos en San Juan, Argentina, int\u00e9rpretes, autores y compositores, Abogados, Profesores Universitarios, han difundido el canto de Cuyo por todo el pa\u00eds y el extranjero. Su m\u00fasica se escucha en el mundo (Sudam\u00e9rica, Rusia, E.E.U.U. , B\u00e9lgica, Espa\u00f1a, Italia, Francia, Alemania, etc.) como un mensaje renovado y actual de nuestra regi\u00f3n, a partir de una propuesta rom\u00e1ntica, profunda y rica en poes\u00eda.<\/p>\n<p>En su adolescencia fueron contratados por Canal 9 de Buenos Aires para un ciclo de dos meses en el principal programa televisivo de la \u00e9poca: \u00abLa Pulper\u00eda de Mandinga\u00bb, y grabaron el primer Long Play en la RCA V\u00edctor de Argentina. Han grabado tambi\u00e9n en el Sello Nacional Proel, grabadora con la cual ganaron el disco de Oro por su entrega: \u00ab20 S\u00faper \u00c9xitos\u00bb. Y en el Sello Internacional Parnasso Record de EEUU. Han producido y conducido Programas propios en Radio Nacional, Radio San Mart\u00edn y Radio Sarmiento de San Juan, y en Televisi\u00f3n en TVO y Canal 8.<\/p>\n<p>En su trascendencia, luego del largo silencio de Buenaventura Luna y Montbrum Ocampo, son los primeros int\u00e9rpretes y compositores sanjuaninos con notoriedad en el orden nacional. Son incorporados al sello Internacional RCA V\u00edctor, resultando los terceros int\u00e9rpretes folcl\u00f3ricos de la empresa, luego de La Tropilla de Huachi Pampa y Los Chalchaleros, y los primeros del Sello Internacional Parnasso Record.<\/p>\n<p>Seg\u00fan a una encuesta masiva de los \u00faltimos a\u00f1os, resultaron los artistas m\u00e1s populares de todos los g\u00e9neros musicales en la provincia de San Juan.<\/p>\n<p>Con respecto a su producci\u00f3n autoral, su obra est\u00e1 compuesta por m\u00e1s de 250 canciones, y est\u00e1 grabada por m\u00e1s de 80 int\u00e9rpretes nacionales y m\u00e1s de 70 extranjeros. Son unos de los m\u00e1s j\u00f3venes autores y compositores ingresados a SADAIC.<\/p>\n<p>Han grabado en forma exclusiva 14 \u00e1lbumes Larga Duraci\u00f3n, 8 breves y m\u00e1s de 60 junto a otros int\u00e9rpretes nacionales, para los sellos RCA Victor, Voxor, \u00abX\u00bb, Parnaso R\u00e9cord de Argentina, Ellior y Proel.<\/p>\n<p>Sus obras son publicadas por las Editoriales Nacionales: Lagos, Tempo, Edamis, Parnaso R\u00e9cord e incluidas en varios libros de estudio; grabadas por los m\u00e1s populares int\u00e9rpretes nacionales y extranjeros (Los Chalchaleros, Los Quilla Huasi, El Chango Nieto, Rodolfo Zapata, Tom\u00e1s Campo , Jorge Vi\u00f1as, Los de Siempre, Los Guaran\u00edes, Los 4 de C\u00f3rdoba, Enrique Espinoza, Ecos del Andes, Oyarzabal-Navarro, Rulo Y\u00e1\u00f1ez, Polo M\u00e1rquez, V\u00edctor Vel\u00e1squez, etc., y numerosos int\u00e9rpretes extranjeros. Su zamba \u00abRecordemos\u00bb era m\u00fasica de la coproducci\u00f3n sueco-argentina \u00abLos ni\u00f1os extranjeros del silencio\u00bb.<\/p>\n<p>Cabe destacar que Ra\u00fal es autor de los libros: \u00abA pesar de todo, poes\u00eda\u00bb, \u00abDel amor\u00bb, \u00abEste otro universo\u00bb, \u00abPerfume de Eucaliptus\u00bb (2 ediciones), e integra m\u00e1s de 40 Antolog\u00edas de escritores regionales y nacionales. Es editorialista de varios medios gr\u00e1ficos.<\/p>\n<p>Los hermanos De la Torre han recibido m\u00e1s de 80 premios y distinciones nacionales. Ra\u00fal ha actuado en el Taller Latinoamericano de Arter Manhattan, Nueva York, donde se le ha ofrecido grabar 15 canciones de su autor\u00eda, con el acompa\u00f1amiento de m\u00fasicos estadounidenses.<\/p>\n<h4><span style=\"color: #800080;\"><strong>Rogelio Rafael Cerdera<\/strong><\/span><\/h4>\n<p>La diputada Marisa L\u00f3pez present\u00f3 la trayectoria de Rogelio Rafael Cerdera:<\/p>\n<p>\u201cNaci\u00f3 en San Juan, departamento Albard\u00f3n, el 22 de septiembre de 1939. Curs\u00f3 sus estudios primarios en la Escuela Camilo Rojo, secundarios en la Escuela de Comercio Libertador General San Mart\u00edn para emigrar luego a la Provincia de C\u00f3rdoba en b\u00fasqueda de su sue\u00f1o, el Derecho, objetivo que logra, regresando posteriormente a su provincia natal con su t\u00edtulo de Abogado.<\/p>\n<p>Apasionado de la vida, su profesi\u00f3n y de la pol\u00edtica, se especializ\u00f3 en el Derecho Laboral forjando estrechos v\u00ednculos con los sindicatos y ejerci\u00f3 la docencia en la Universidad Cat\u00f3lica de Cuyo y la Escuela de Comercio Libertador General San Martin.<\/p>\n<p>El 25 de Mayo de 1973 fue convocado por el Profesor Eloy Prospero Camus, electo Gobernador de la Provincia de San Juan por el Partido Justicialista, a cumplir el cargo de Secretario de Gobierno, funci\u00f3n que desempe\u00f1\u00f3 hasta el a\u00f1o 1975 en que es designado Interventor de la Municipalidad de Caucete, hasta el 24 de Marzo de 1976, fecha \u00e9sta en que se produce la interrupci\u00f3n democr\u00e1tica producto del Golpe de Estado de la dictadura c\u00edvico-militar y que se extiende hasta el a\u00f1o 1983, cometi\u00e9ndose violaciones masivas a los derechos humanos, detenciones arbitrarias, ejecuciones, exilios forzosos, torturas, ataques a las libertades civiles y pol\u00edticas. No ajeno a esto el Dr. Rogelio Cerdera fue detenido en el a\u00f1o 1976.<\/p>\n<p>Con el retorno de la democracia del a\u00f1o 1983, el Dr. Cerdera fue designado Asesor Letrado de la Municipalidad de J\u00e1chal, gesti\u00f3n Justicialista conducida por el Profesor Jos\u00e9 Victoriano Vedia. Militando siempre activamente en el Partido Justicialista, fue electo Diputado Provincial en el periodo 1987-1991, 1991-1995.<\/p>\n<p>Estallada la crisis interna en el Partido Justicialista en el a\u00f1o 1992, que signific\u00f3 el derrocamiento del Gobernador Licenciado Jorge Escobar, el Dr. Rogelio Cerdera conjuntamente con una nutrida militancia, entre otros el Ingeniero Jos\u00e9 Luis Gioja, iniciaron una campa\u00f1a para el a\u00f1o 1993 en que se votaban Diputados Nacionales, resultandos ganadores con record de votos.<\/p>\n<p>En el a\u00f1o 1993 el Dr. Cerdera, asume como Diputado Nacional. En 1994, el Gobernador designa al Dr. Rogelio Cerdera como su Ministro de Gobierno. El 10 de diciembre de 1995, el Dr. Cerdera asume como Vicegobernador, puesto que desempe\u00f1o hasta el mes de febrero de 1997, mes en que fallece, a muy temprana edad.<\/p>\n<p>Fue un destacado Pol\u00edtico formado en el marco del respeto y el dialogo; capaz de vislumbrar sendas para el entendimiento entre sectores y personas y enarbolando la Lealtad como bandera. Fuerte y manso como dir\u00eda San Francisco de As\u00eds, pol\u00edtico de equilibrio, mediaci\u00f3n, cordialidad, respetuoso trato, esp\u00edritu altruista, honesto y generoso, cualidades que solo los grandes de la pol\u00edtica han podido ostentar. Desprendido de mezquindades y ego\u00edsmos, amante de la paz, de la democracia, de los derechos humanos, c\u00edvicos y laborales, sin abdicar de sus firmes convicciones.<\/p>\n<p>Fue un adversario de fuste, hombre que en su persona reun\u00eda condiciones intelectuales de alto valor y contenido pol\u00edtico, dotado del don de la prudencia, una de las m\u00e1s excelsas virtudes que deben tener quienes est\u00e1n en la actividad pol\u00edtica, atinado y medido en las decisiones, conjunto de cualidades que solo el transcurso del tiempo dimensiona, revelando el significado que para la vida de la Provincia de San Juan ha tenido el Dr. Rogelio Cerdera paradigma del hombre pol\u00edtico que la sociedad requiere.<\/p>\n<p>Sintetizaba su modo de concebir la actividad pol\u00edtica ense\u00f1ando a los j\u00f3venes que siempre optaran por el gobierno de los pol\u00edticos, pues para estos el ser humano era el centro de sus preocupaciones, superando cualquier concepto meramente economicista o de ecuaciones matem\u00e1ticas. Como hombre p\u00fablico se gan\u00f3 el respeto de compa\u00f1eros y opositores, siendo dif\u00edcil olvidarlo por su personalidad madura y equilibrada, f\u00f3rmula precisa para la construcci\u00f3n y el progreso.<\/p>\n<p><span style=\"color: #800080;\"><strong>Biograf\u00eda de las \u201cPersonalidades Destacadas\u201d<\/strong><\/span><\/p>\n<p><span style=\"color: #800080;\"><strong>Horacio Villafa\u00f1e con nombre art\u00edstico \u00abChango Huaque\u00f1o\u00bb<\/strong><\/span><\/p>\n<p>El diputado Miguel Vega realiz\u00f3 la presentaci\u00f3n de la vida del Chango Huaque\u00f1o:<\/p>\n<p>\u201cHoracio Antonio Villafa\u00f1e, naci\u00f3 el 6 de noviembre de 1953, en Huaco, J\u00e1chal. Siendo un ni\u00f1o comenz\u00f3 a sentir las ganas de pulsar una guitarra y dejar que los duendes de su voz pudieran salir de lo m\u00e1s profundo de su coraz\u00f3n. Fue as\u00ed que en varios lugares huaque\u00f1os, sin que su padre supiera, se introduc\u00eda para sentarse en silencio y poder escuchar a esos cantores del pueblo y apreciar los movimientos en el diapas\u00f3n, para poder de a poco, hacer y gestar su propio estilo.<\/p>\n<p>A los 15 a\u00f1os de edad se vino a la ciudad para trabajar en la cosecha y luego viaj\u00f3 con parte de su familia a vivir y a trabajar en Tamberias, departamento Calingasta. Fue en ese valle donde nace la inspiraci\u00f3n del poeta y la nostalgia de extra\u00f1ar a su Huaco querido y a todo su J\u00e1chal, fue entonces que le escribi\u00f3 un vals y algunos otros versos que rayoneaba en sus momentos libres.<\/p>\n<p>Luego, a los a\u00f1os, se traslada a vivir a Ullum y all\u00ed, la Semilla de la Tradici\u00f3n iba a reventar primero en su coraz\u00f3n para que con el paso del tiempo se convirtiera en la zamba himno que canta todo J\u00e1chal para su fiesta Nacional de la Tradici\u00f3n y en noviembre o a cada rato en alg\u00fan acontecimiento, o en alguna fiesta popular.<\/p>\n<p>El seud\u00f3nimo art\u00edstico vino de la mano del Aparcero Jorge Dar\u00edo Bence, quien le suger\u00eda la vestimenta de un Changuito de campo para avalar el nombre art\u00edstico, pero fue la pilcha Gaucha la que le gan\u00f3 su coraz\u00f3n y con la que toda la Patria lo vio, lo ve y lo ver\u00e1 por siempre triunfar a nuestro artista que tiene m\u00e1s de 100 temas musicales de su autor\u00eda y 14 discos editados y grabados con un sinf\u00edn de \u00e9xitos que lo ubican en un sitial de aut\u00e9ntica preferencia del p\u00fablico de nuestra provincia y el Pa\u00eds entero.<\/p>\n<p>Horacio Antonio Villafa\u00f1e Ahumada, el Chango huaque\u00f1o, es el \u00eddolo de los pueblos como alguna vez lo bautiz\u00f3 Jorge Pascual Recabarren, es quien pone en valor toda la obra de don Buenaventura Luna nuestro m\u00e1ximo poeta\u201d.<\/p>\n<p><strong><span style=\"color: #800080;\">\u00a0Nina de Galv\u00e1n<\/span><\/strong><\/p>\n<p>El diputado Luis Rueda fue el encargado de presentar a Nina Bernadette Labak\u00e9 de Galv\u00e1n:<\/p>\n<p>\u201cNina de Galv\u00e1n, de nacionalidad argentina, viuda, tiene cuatro hijos, nueve nietos. Tiene el carnet de\u00a0Periodista Profesional N\u00ba 9280, otorgado por el Circulo de Periodistas de Buenos Aires. Es Locutora Nacional de Radio y T.V., carnet-N-115, con examen ante el Comit\u00e9 Federal de Radiodifusi\u00f3n (COMFER).<\/p>\n<p>Curs\u00f3 estudios terciarios en Relaciones Humanas realizados en la Sociedad Argentina de Grafolog\u00eda-Escuelas de Nuevas T\u00e9cnicas Psicol\u00f3gicas. Buenos Aires, 1966. Tambi\u00e9n tiene estudios terciarios en Asistencia Social Pedag\u00f3gica realizados en la Sociedad Argentina de Grafolog\u00eda Escuelas de Nuevas T\u00e9cnicas Psicol\u00f3gicas. Buenos Aires, 1966.<\/p>\n<p>Tambi\u00e9n es Maestra Normal Nacional, otorgada por el Ministerio de Educaci\u00f3n de la Naci\u00f3n, de San Juan, 1955.<\/p>\n<p>Los cursos y seminarios dictados y realizados:<\/p>\n<ul>\n<li>\u00abConducci\u00f3n de Programas Televisivos\u00bb, curso pr\u00e1ctico dictado por invitaci\u00f3n de la Facultad de Ciencias Sociales de la UNSJ., desde el mes de junio al mes de septiembre de 1989, dirigido a los alumnos de tercer a\u00f1o de la carrera de Ciencias de la Comunicaci\u00f3n.<\/li>\n<li>\u00abLegislaci\u00f3n para la protecci\u00f3n del ni\u00f1o\u00bb, seminario realizado en Buenos Aires por el Congreso de la Naci\u00f3n en el a\u00f1o 1984, con trabajo final presentado sobre el tema: Papel que desempe\u00f1an los medios de comunicaci\u00f3n masiva sobre el ni\u00f1o y la familia.<\/li>\n<li>Jornada Mundial de las Comunicaciones Sociales\u00bb, seminario realizado en Buenos Aires, organizado por la Comisi\u00f3n Episcopal Argentina y la Secretar\u00eda de Informaci\u00f3n P\u00fablica de la Presidencia de la Naci\u00f3n en el a\u00f1o 1981, con trabajo final presentado sobre el tema: Libertad responsable y Medios de Comunicaci\u00f3n Social.<\/li>\n<li>\u00abIntroducci\u00f3n al Periodismo Cient\u00edfico\u00bb, curso organizado por el Depto. de Ciencias de la Comunicaci\u00f3n, de la Facultad de Ciencias Sociales de la U.N.S.J., a\u00f1o 1980.<\/li>\n<\/ul>\n<p>Con respectos a los antecedentes laborales:<\/p>\n<ul>\n<li>Asesora del Gobernador de la Provincia a cargo de Relaciones Internacionales, desde 1997 hasta 1999.<\/li>\n<li>Asesora del Gobernador a cargo de Prensa y Comunicaci\u00f3n Social del Gobierno de la Provincia, desde 1995 a 1997.<\/li>\n<li>Conducci\u00f3n del programa period\u00edstico-pol\u00edtico: \u00abCon Franqueza\u00bb por Cable Visi\u00f3n en Buenos Aires, durante el a\u00f1o 1992<\/li>\n<li>Actividad en los Medios de Comunicaci\u00f3n en San Juan, desde 1968 hasta la actualidad. Labor period\u00edstica, conducci\u00f3n, animaci\u00f3n y guiones de Radio y T.V.<\/li>\n<li>Gerente de F.M. Lider, desde 1986 hasta 1989.<\/li>\n<li>Jefa de Prensa de L.V.5 Radio Sarmiento, desde febrero de 1986 hasta setiembre de 1987.<\/li>\n<li>Entre 1979 y 1981 participa del staff de Prensa de Canal 8 como periodista de opini\u00f3n.<\/li>\n<li>Productora y Conductora de los siguientes programas en T.V.:<\/li>\n<li>\u00abDe la Vida y de las Cosas\u00bb, cultural dedicado a rescatar los valores humanos en personajes an\u00f3nimos. Desde 1996 hasta la actualidad.<\/li>\n<li>\u00abFemenina\u00bb, period\u00edstico de inter\u00e9s general, desde 1968 hasta 1993.<\/li>\n<li>\u00abLa Rueda\u00bb, destinado a los j\u00f3venes, durante 1995<\/li>\n<li>\u00abResumen Ilustrado\u00bb, s\u00edntesis de las actividades culturales y sociales Desde 1974 hasta 1977<\/li>\n<li>\u00a0Colaboraciones permanentes en Diarios, Semanarios y Revistas.<\/li>\n<\/ul>\n<p>Recibi\u00f3 numerosos premios, entre ellos el Mart\u00edn Fierro en 1971 y 1975. Tambi\u00e9n distinciones especiales, entre ellas se destacan: MUJER DEL A\u00d1O (1988), otorgado por la Asociaci\u00f3n de Mujeres Empresarias; ESTATUILLA DE LA BONDAD (1988), otorgado por Direcci\u00f3n de Protecci\u00f3n al Menor, por la obra a favor de la ni\u00f1ez; PLUMA BLANCA (1987), otorgado por la Direcci\u00f3n de Turismo, por contribuir al mayor acercamiento de los hombres desde los medios.<\/p>\n<p><span style=\"color: #800080;\"><em>\u00a0<\/em><strong>Myriam Estela Figueroa<\/strong><\/span><\/p>\n<p>El diputado Juan Carlos Quiroga Moyano realiz\u00f3 la presentaci\u00f3n de la biograf\u00eda de Myriam Estela Figueroa:<\/p>\n<p>Naci\u00f3 el 13 de noviembre de 1960 en la localidad de Villa Santa Rosa. Realiz\u00f3 sus estudios y form\u00f3 su familia en el departamento, la cual est\u00e1 compuesta por seis mujeres y un var\u00f3n, y es ac\u00e1 donde inicia todo su trabajo.<\/p>\n<p>En mayo de 1999 nace Pedro Zapata un bebe sano, saludable y fuerte, pero a sus diez d\u00edas de vida enferma, transcurriendo meses y d\u00edas angustiantes, pasando por terapias intensivas e innumerables internaciones, donde la patolog\u00eda dej\u00f3 en Pedro secuelas irreversibles para ese entonces, como par\u00e1lisis cerebral motora y hemiplej\u00eda izquierda.<\/p>\n<p>Tras dos a\u00f1os de consultas m\u00e9dicas, reciben el duro diagn\u00f3stico que Pedro pasar\u00eda toda su vida en silla de rueda y con dificultades para comunicarse, palabras devastadoras para cualquier familia y sobre todo para una madre, pero Myriam no conforme y sin resignarse empez\u00f3 su lucha y b\u00fasqueda en la provincia de profesionales que dijeran que se pod\u00eda hacer algo y revertir el diagnostico. As\u00ed es como llega al Fundaci\u00f3n C.E.R.I.N.I. el cual es un centro de neuro- rehabilitaci\u00f3n infantil, donde encontr\u00f3 un equipo de j\u00f3venes profesionales con quienes vieron luz al final del camino, con mucho esfuerzo, trabajo y dedicaci\u00f3n se logr\u00f3 ver una esperanzadora mejor\u00eda y poder cambiar el diagn\u00f3stico que tiempo atr\u00e1s les hab\u00edan propiciado.<\/p>\n<p>Hoy pedro tiene 24 a\u00f1os es un hombre con independencia y formado, termino sus estudios de primaria, secundaria y se encuentra cursando una carrera universitaria. Un joven pleno que puede hacer frente a su vida diaria y cotidiana como todos los dem\u00e1s chicos. Esto que vivi\u00f3 Myriam lo traslad\u00f3 a un trabajo comunitario y social, que enriquece y fortalece a otras familias que deben transitar por los mismos desaf\u00edos. As\u00ed ella pone manos a la obra y comienza con una ONG \u00abAprender a volar para personas con discapacidad\u00bb fundada en julio del 2001 con sede en villa Santa Rosa- Departamento 25 de mayo, para ponerse al servicio de familias en situaciones similares de hijos con discapacidad. Pasaron por esta ONG m\u00e1s de 3000 personas, a las que se las ayud\u00f3 con diversas donaciones, rehabilitaciones gratuitas, becas e incontables tr\u00e1mites para facilitar y acompa\u00f1ar a las familias.<\/p>\n<p>En el a\u00f1o 2016 se sum\u00f3 al equipo Municipal como Directora del \u00c1rea de Discapacidad de 25 de mayo, poniendo a disposici\u00f3n sus proyectos y as\u00ed poder concretar sus ideales. Seguido a la creaci\u00f3n de esta oficina lleg\u00f3 la concreci\u00f3n de la Junta Descentralizada, como as\u00ed tambi\u00e9n la creaci\u00f3n del Banco Ortop\u00e9dico, se desarrollaron planos para BA\u00d1OS INCLUSIVOS, y sin olvidarme la Escuela de Formaci\u00f3n Deportiva. En el a\u00f1o 2019 logra con el Programa \u00abMas Lejos para llegar a M\u00e1s\u00bb mediante la ONG CILSA Argentina, (fundada en 1966 por un grupo de personas con discapacidad motriz) en un mega operativo que se llev\u00f3 a cabo en 25 de mayo, el traslado de equipos ortop\u00e9dicos para 11 departamentos de la provincia.<\/p>\n<p>El d\u00eda 18 de junio del 2020 fue representante en el Acuerdo San Juan, tambi\u00e9n tuvimos el agrado de que nos representara en el 2021 ante la asamblea N\u00aa88 de Co.Fe.Dis. (Consejo Federal de Discapacidad), y con mucho orgullo en 2022 fue oradora en la Audiencia P\u00fablica para conformar las leyes de discapacidad.<\/p>\n<p>Esto es solo una peque\u00f1a parte del trabajo que ella lleva y sigue llevando acabo d\u00eda a d\u00eda, motivada por una persona ANGELADA como lo es Pedro, quien vino a cambiar los paradigmas de la vida de Myriam y toda su familia para siempre, que con uni\u00f3n y fortaleza lograron todos esto. Este labor incansable y desinteresado que brinda a nuestro departamento nos deja una huella imborrable que debemos seguir transitando.<\/p>\n<p>Por eso siento el enorme Orgullo de esta mujer destacable, de valores y convicciones fuerte y muy arraigadas de que todo se puede lograr, convencida de sus objetivos y luchadora para poder concretarlos, virtudes que no pasan desapercibidas ante la mirada de la sociedad y contagia a ponerse uno a trabajar a su lado. Por eso su trabajo social y colaboraci\u00f3n a la comunidad me llena de alegr\u00eda, el hecho que forme parte de nuestro equipo de trabajo y permitirme que la acompa\u00f1e en esta lucha tan hermosa que lleva y transita\u201d.<\/p>\n<p><em>\u00a0<\/em><span style=\"color: #800080;\"><strong>Ricardo Olivera<\/strong><\/span><\/p>\n<p>El diputado Enzo Cornejo present\u00f3 la vida del periodista Ricardo Olivera:<\/p>\n<p>\u201cEn nombre del Interbloque Cambia San Juan, quiero hacer referencia a una figura que dej\u00f3 una gran huella en el conocido periodismo sanjuanino, Ricardo Olivera, cari\u00f1osamente como el Negro.<\/p>\n<p>Es una realidad y seguramente mis compa\u00f1eros de banca coinciden que el Negro Olivera se gan\u00f3 el coraz\u00f3n y el respeto de la Comunidad sanjuanina.<\/p>\n<p>Si bien Ricardo se destac\u00f3 en el periodismo pol\u00edtico, manejaba de igual forma la m\u00fasica, el deporte, la literatura, la cultura general. Su curr\u00edculum, su experiencia eran realmente impecables y su calidad como persona fue lo que principalmente lo diferenci\u00f3 del medio<\/p>\n<p>Con su voz profunda, pausada, con su enorme saber, no s\u00f3lo supo informar, sino generar un lazo con sus oyentes, generando confianza, creatividad en su mensaje, su columna siempre era esperada.<\/p>\n<p>La radio fue su segunda casa, y el lugar donde muchos de sus colegas eleg\u00edan para compartir largas charlas con el Negro. \u00a0Ricardo dej\u00f3 huella por muchos micr\u00f3fonos, pero se identific\u00f3 de forma especial en el \u00faltimo tiempo con Radio Concepto, su \u00faltima aventura.<\/p>\n<p>Tuvo la enorme responsabilidad en una etapa crucial del periodismo de San Juande informar cualquier tipo de noticia con gran calidad y profesionalismo Era de destacar tambi\u00e9n su habilidad para escribir, \u00abRicardo siempre supo el QU\u00c9 informar y C\u00d3MO llegar a la gente de una manera especial, \u00abera un comunicador de pie a cabeza\u00bb<\/p>\n<p>En lo personal nos demostr\u00f3 su fortaleza, logr\u00f3 sobreponerse a la enfermedad con enorme resiliencia, volviendo al ruedo con dedicaci\u00f3n, generosidad y gran inteligencia, la cual le permiti\u00f3 ser fuente de consulta y aprendizaje, un maestro para muchos.<\/p>\n<p>Ricardo dej\u00f3 un gran legado en la comunidad, en el medio y principalmente en la voz y los escritos de Sebasti\u00e1n, Facundo, Juli\u00e1n y Lisandro, sus hijos, quienes llevan en los gestos, palabras y el profesionalismo a Ricardo bien dentro de ellos.<\/p>\n<p><span style=\"color: #800080;\"><strong>V\u00edctor Hugo Castro<\/strong><\/span><\/p>\n<p>Y, por \u00faltimo, el diputado Horacio fue el encargado de presentar al profesor V\u00edctor Hugo Castro:<\/p>\n<p>V\u00edctor Hugo Castro, un verdadero \u00abFormador de formadores\u00bb, cuya trayectoria y compromiso con la educaci\u00f3n y la filosof\u00eda han dejado una profunda huella en la comunidad educativa y acad\u00e9mica.<\/p>\n<p>Naci\u00f3 el 7 de noviembre de 1945, en San Juan, y hoy, con sus 79 a\u00f1os, sigue siendo una fuente de inspiraci\u00f3n para muchos. Curs\u00f3 sus estudios primarios en la Escuela \u00c1ngel de Rojas y en el Colegio Don Bosco, donde continu\u00f3 hasta la secundaria. Hizo cuatro a\u00f1os Seminarios Diocesanos de R\u00edo IV y Loreto, C\u00f3rdoba.<\/p>\n<p>Se gradu\u00f3 como Profesor en Ense\u00f1anza Normal, Media y Especial en Filosof\u00eda, Universidad Cat\u00f3lica de C\u00f3rdoba y San Juan.<\/p>\n<p>Con m\u00e1s de 40 a\u00f1os de experiencia en el aula, su labor se ha extendido por diversas instituciones educativas, como la Escuela Normal Superior \u00abFray Justo Santa Mar\u00eda de Oro\u00bb en J\u00e1chal; el Colegio Santo Domingo; la Escuela Comercio \u201cLibertador General San Mart\u00edn\u201d de la UNSJ; el Instituto Superior de Formaci\u00f3n Docente- Escuela Normal Superior Sarmiento; Instituto de Ense\u00f1anza Superior \u201cDra. Carmen Pe\u00f1aloza\u201d; y la Facultad de Filosof\u00eda, Humanidades y Artes de la UNSJ.<\/p>\n<p>Pero su contribuci\u00f3n va m\u00e1s all\u00e1 de las aulas; V\u00edctor Hugo ha sido un activo participante en el \u00e1mbito institucional, como delegado gremial (ATE) y miembro de varias comisiones directivas (UDA y ADICUS); jefe de departamento de la Facultad de Filosof\u00eda, Humanidades y Artes (FFHA) de la UNSJ. Tambi\u00e9n se ha desempe\u00f1ado como miembro del Consejo Directivo de la FFHA y del Consejo Superior de la UNSJ.<\/p>\n<p>Entre sus producciones acad\u00e9micas\u00a0(Art\u00edculos y Libros) se destacan:<\/p>\n<ul>\n<li>\u00a0Formaci\u00f3n \u00c9tico Filos\u00f3fica de la profesi\u00f3n docente.<\/li>\n<li>\u00a0Exploraci\u00f3n e interpelaci\u00f3n acerca del \u00abSaber Popular\u00bb y el pensamiento \u00abIndoamericano\u00bb. Rescate y puesta en valor del pensamiento de nuestro Buenaventura Luna.<\/li>\n<li>\u00a0Educaci\u00f3n Moral y enfoques pedag\u00f3gicos.<\/li>\n<li>\u00a0Consciencia y responsabilidad c\u00f3smica, biol\u00f3gica y socio cultural del hombre en tiempos de crisis.<\/li>\n<li>\u00a0Reflexiones filos\u00f3ficas en torno a la convivencia y la amistad.<\/li>\n<li>\u00a0Pensar el Sujeto Pol\u00edtico en la tensi\u00f3n Universal\/Particular.<\/li>\n<\/ul>\n<p>Tambi\u00e9n se destaca por su entrega militante, generosa y fraterna por la humanizaci\u00f3n de la existencia. Conocimiento del Pensamiento Americano y reivindicaci\u00f3n del Pensamiento Nacional y Popular. Trabaja los aportes de nuestros \u00abSabidores\u00bb y construye categor\u00edas propias. Dialoga con la contemporaneidad filos\u00f3fica junto a nuestros pensadores y con ello nos invita ejercer nuestra condici\u00f3n revolucionaria por excelencia: PENSAR.<\/p>\n<p>Valores como la libertad, el respeto, la sabidur\u00eda y la alegr\u00eda de vivir son pilares en su vida, reflejados en su rol de esposo, padre, abuelo, amigo, compa\u00f1ero y maestro.<\/p>\n<p>V\u00edctor Hugo Castro es una persona que vive \u201cAllanando caminos, sugiriendo soluciones, otorgando libertad\u201d\u00a0a quienes tienen el privilegio de conocerlo y aprender de \u00e9l.<\/p>\n<p><strong><span style=\"color: #800080;\">\u00a0Saludos especiales<\/span><\/strong><\/p>\n<figure id=\"attachment_73535\" aria-describedby=\"caption-attachment-73535\" style=\"width: 800px\" class=\"wp-caption alignnone\"><img loading=\"lazy\" decoding=\"async\" class=\"size-full wp-image-73535\" src=\"https:\/\/vocesparalelas.com.ar\/sitio\/wp-content\/uploads\/2024\/06\/CDSJ-DR-FABIAN-MARTIN.jpg\" alt=\"\" width=\"800\" height=\"534\" srcset=\"https:\/\/vocesparalelas.com.ar\/sitio\/wp-content\/uploads\/2024\/06\/CDSJ-DR-FABIAN-MARTIN.jpg 800w, https:\/\/vocesparalelas.com.ar\/sitio\/wp-content\/uploads\/2024\/06\/CDSJ-DR-FABIAN-MARTIN-300x200.jpg 300w, https:\/\/vocesparalelas.com.ar\/sitio\/wp-content\/uploads\/2024\/06\/CDSJ-DR-FABIAN-MARTIN-768x513.jpg 768w\" sizes=\"auto, (max-width: 800px) 100vw, 800px\" \/><figcaption id=\"caption-attachment-73535\" class=\"wp-caption-text\">Vicegobernador y Presidente Nato de la C\u00e1mara de Diputados de San Juan, Dr. Fabi\u00e1n Mart\u00edn<\/figcaption><\/figure>\n<p>Una vez finalizada la entrega de los diplomas, el vicegobernador y presidente nato de la C\u00e1mara de Diputados, Dr. Fabi\u00e1n Mart\u00edn, emiti\u00f3 un saludo fraterno para el personal legislativo del \u00e1rea de Informaci\u00f3n Parlamentaria al conmemorarse su aniversario de creaci\u00f3n. Asimismo, salud\u00f3 a todos los padres por su d\u00eda a celebrarse este domingo 16 de junio.<\/p>\n<figure id=\"attachment_37951\" aria-describedby=\"caption-attachment-37951\" style=\"width: 800px\" class=\"wp-caption alignnone\"><img loading=\"lazy\" decoding=\"async\" class=\"size-full wp-image-37951\" src=\"https:\/\/vocesparalelas.com.ar\/sitio\/wp-content\/uploads\/2021\/05\/CAMARA-EDIFICIO.jpg\" alt=\"\" width=\"800\" height=\"515\" srcset=\"https:\/\/vocesparalelas.com.ar\/sitio\/wp-content\/uploads\/2021\/05\/CAMARA-EDIFICIO.jpg 800w, https:\/\/vocesparalelas.com.ar\/sitio\/wp-content\/uploads\/2021\/05\/CAMARA-EDIFICIO-300x193.jpg 300w, https:\/\/vocesparalelas.com.ar\/sitio\/wp-content\/uploads\/2021\/05\/CAMARA-EDIFICIO-768x494.jpg 768w\" sizes=\"auto, (max-width: 800px) 100vw, 800px\" \/><figcaption id=\"caption-attachment-37951\" class=\"wp-caption-text\">Legislatura Provincial de San Juan, Rep\u00fablica Argentina<\/figcaption><\/figure>\n<p>&nbsp;<\/p>\n","protected":false},"excerpt":{"rendered":"<p>En el marco de la semana de la Fundaci\u00f3n de San Juan y en cumplimiento de los art\u00edculos 6\u00ba y<\/p>\n","protected":false},"author":3,"featured_media":73534,"comment_status":"closed","ping_status":"closed","sticky":false,"template":"","format":"standard","meta":{"_acf_changed":false,"_seopress_robots_primary_cat":"none","_seopress_titles_title":"","_seopress_titles_desc":"","_seopress_robots_index":"","colormag_page_container_layout":"default_layout","colormag_page_sidebar_layout":"default_layout","footnotes":""},"categories":[10,7],"tags":[],"class_list":["post-73531","post","type-post","status-publish","format-standard","has-post-thumbnail","hentry","category-opiniones","category-videos"],"acf":[],"_links":{"self":[{"href":"https:\/\/vocesparalelas.com.ar\/sitio\/wp-json\/wp\/v2\/posts\/73531","targetHints":{"allow":["GET"]}}],"collection":[{"href":"https:\/\/vocesparalelas.com.ar\/sitio\/wp-json\/wp\/v2\/posts"}],"about":[{"href":"https:\/\/vocesparalelas.com.ar\/sitio\/wp-json\/wp\/v2\/types\/post"}],"author":[{"embeddable":true,"href":"https:\/\/vocesparalelas.com.ar\/sitio\/wp-json\/wp\/v2\/users\/3"}],"replies":[{"embeddable":true,"href":"https:\/\/vocesparalelas.com.ar\/sitio\/wp-json\/wp\/v2\/comments?post=73531"}],"version-history":[{"count":3,"href":"https:\/\/vocesparalelas.com.ar\/sitio\/wp-json\/wp\/v2\/posts\/73531\/revisions"}],"predecessor-version":[{"id":73706,"href":"https:\/\/vocesparalelas.com.ar\/sitio\/wp-json\/wp\/v2\/posts\/73531\/revisions\/73706"}],"wp:featuredmedia":[{"embeddable":true,"href":"https:\/\/vocesparalelas.com.ar\/sitio\/wp-json\/wp\/v2\/media\/73534"}],"wp:attachment":[{"href":"https:\/\/vocesparalelas.com.ar\/sitio\/wp-json\/wp\/v2\/media?parent=73531"}],"wp:term":[{"taxonomy":"category","embeddable":true,"href":"https:\/\/vocesparalelas.com.ar\/sitio\/wp-json\/wp\/v2\/categories?post=73531"},{"taxonomy":"post_tag","embeddable":true,"href":"https:\/\/vocesparalelas.com.ar\/sitio\/wp-json\/wp\/v2\/tags?post=73531"}],"curies":[{"name":"wp","href":"https:\/\/api.w.org\/{rel}","templated":true}]}}