{"id":73489,"date":"2024-06-11T18:29:39","date_gmt":"2024-06-11T21:29:39","guid":{"rendered":"https:\/\/vocesparalelas.com.ar\/sitio\/?p=73489"},"modified":"2024-06-11T22:45:50","modified_gmt":"2024-06-12T01:45:50","slug":"turno-inscripcion-ingreso-a-la-docencia-interinatos-y-suplencias-2025-de-la-junta-primaria-de-san-juan","status":"publish","type":"post","link":"https:\/\/vocesparalelas.com.ar\/sitio\/turno-inscripcion-ingreso-a-la-docencia-interinatos-y-suplencias-2025-de-la-junta-primaria-de-san-juan\/","title":{"rendered":"Turno \u00abInscripci\u00f3n Ingreso a la Docencia, Interinatos y Suplencias 2025\u00bb de la Junta Primaria de San Juan"},"content":{"rendered":"<p>El Ministerio de Educaci\u00f3n del Gobierno de San Juan, a trav\u00e9s de la Junta de Clasificaci\u00f3n Docente, Rama Primaria, informa a los docentes que del 12 al 21 de Junio, inclusive, se puede obtener turno online para realizar la inscripci\u00f3n en el Ingreso a la Docencia, Interinatos y Suplencias 2025.<\/p>\n<p>Los interesados deben acceder a<\/p>\n<p><a href=\"http:\/\/http\/\/educaci\u00f3n.sanjuan.gob.ar\">http:\/\/http\/\/educaci\u00f3n.sanjuan.gob.ar<\/a><\/p>\n<p>Luego, deben presentarse el d\u00eda y hora asignado online, en la sede de la Junta, Tucum\u00e1n 75 &#8211; N &#8211; , Capital, para el tr\u00e1mite de Inscripci\u00f3n, Valoraci\u00f3n y Notificaci\u00f3n de antecedentes y m\u00e9ritos, correspondiente al concurso de Ingreso a la Docencia, Interinatos y Suplencias 2025.<\/p>\n<p>Cabe destacar que, esta instancia se da en forma excepcional y \u00fanicamente para los aspirantes que no pudieron obtener el turno, debido a la saturaci\u00f3n de la plataforma.<\/p>\n<p>Por consultas o mayor informaci\u00f3n, comunicarse en horario de 8 a 13 al tel\u00e9fono 4302206, o acudir a Tucum\u00e1n 75 &#8211; N &#8211; , Capital.<\/p>\n<p>&nbsp;<\/p>\n<p><img loading=\"lazy\" decoding=\"async\" class=\"alignnone size-full wp-image-28629\" src=\"https:\/\/vocesparalelas.com.ar\/sitio\/wp-content\/uploads\/2020\/05\/MINISTERIO-EDUCACION-SJ.jpg\" alt=\"\" width=\"800\" height=\"533\" srcset=\"https:\/\/vocesparalelas.com.ar\/sitio\/wp-content\/uploads\/2020\/05\/MINISTERIO-EDUCACION-SJ.jpg 800w, https:\/\/vocesparalelas.com.ar\/sitio\/wp-content\/uploads\/2020\/05\/MINISTERIO-EDUCACION-SJ-300x200.jpg 300w, https:\/\/vocesparalelas.com.ar\/sitio\/wp-content\/uploads\/2020\/05\/MINISTERIO-EDUCACION-SJ-768x512.jpg 768w\" sizes=\"auto, (max-width: 800px) 100vw, 800px\" \/><\/p>\n","protected":false},"excerpt":{"rendered":"<p>El Ministerio de Educaci\u00f3n del Gobierno de San Juan, a trav\u00e9s de la Junta de Clasificaci\u00f3n Docente, Rama Primaria, informa<\/p>\n","protected":false},"author":3,"featured_media":5000,"comment_status":"closed","ping_status":"closed","sticky":false,"template":"","format":"standard","meta":{"_acf_changed":false,"_seopress_robots_primary_cat":"none","_seopress_titles_title":"","_seopress_titles_desc":"","_seopress_robots_index":"","colormag_page_container_layout":"default_layout","colormag_page_sidebar_layout":"default_layout","footnotes":""},"categories":[5],"tags":[],"class_list":["post-73489","post","type-post","status-publish","format-standard","has-post-thumbnail","hentry","category-ofrecimientos"],"acf":[],"_links":{"self":[{"href":"https:\/\/vocesparalelas.com.ar\/sitio\/wp-json\/wp\/v2\/posts\/73489","targetHints":{"allow":["GET"]}}],"collection":[{"href":"https:\/\/vocesparalelas.com.ar\/sitio\/wp-json\/wp\/v2\/posts"}],"about":[{"href":"https:\/\/vocesparalelas.com.ar\/sitio\/wp-json\/wp\/v2\/types\/post"}],"author":[{"embeddable":true,"href":"https:\/\/vocesparalelas.com.ar\/sitio\/wp-json\/wp\/v2\/users\/3"}],"replies":[{"embeddable":true,"href":"https:\/\/vocesparalelas.com.ar\/sitio\/wp-json\/wp\/v2\/comments?post=73489"}],"version-history":[{"count":1,"href":"https:\/\/vocesparalelas.com.ar\/sitio\/wp-json\/wp\/v2\/posts\/73489\/revisions"}],"predecessor-version":[{"id":73492,"href":"https:\/\/vocesparalelas.com.ar\/sitio\/wp-json\/wp\/v2\/posts\/73489\/revisions\/73492"}],"wp:featuredmedia":[{"embeddable":true,"href":"https:\/\/vocesparalelas.com.ar\/sitio\/wp-json\/wp\/v2\/media\/5000"}],"wp:attachment":[{"href":"https:\/\/vocesparalelas.com.ar\/sitio\/wp-json\/wp\/v2\/media?parent=73489"}],"wp:term":[{"taxonomy":"category","embeddable":true,"href":"https:\/\/vocesparalelas.com.ar\/sitio\/wp-json\/wp\/v2\/categories?post=73489"},{"taxonomy":"post_tag","embeddable":true,"href":"https:\/\/vocesparalelas.com.ar\/sitio\/wp-json\/wp\/v2\/tags?post=73489"}],"curies":[{"name":"wp","href":"https:\/\/api.w.org\/{rel}","templated":true}]}}