{"id":73475,"date":"2024-06-11T16:05:15","date_gmt":"2024-06-11T19:05:15","guid":{"rendered":"https:\/\/vocesparalelas.com.ar\/sitio\/?p=73475"},"modified":"2024-06-12T18:50:48","modified_gmt":"2024-06-12T21:50:48","slug":"sumate-al-concurso-san-juan-escribe-premio-jorge-leonidas-escudero-2024","status":"publish","type":"post","link":"https:\/\/vocesparalelas.com.ar\/sitio\/sumate-al-concurso-san-juan-escribe-premio-jorge-leonidas-escudero-2024\/","title":{"rendered":"Sumate al Concurso \u00abSan Juan Escribe. Premio Jorge Le\u00f3nidas Escudero 2024\u00bb"},"content":{"rendered":"<p>En el auditorio Emar Acosta del edificio Anexo de la C\u00e1mara de Diputados de San Juan, el vicegobernador, Dr. Fabi\u00e1n Mart\u00edn presidi\u00f3 el acto del inicio del Concurso \u201cSan Juan Escribe. Premio Jorge Le\u00f3nidas Escudero Edici\u00f3n 2024\u201d.<\/p>\n<p>Adem\u00e1s, se firm\u00f3 el acta complementaria entre la C\u00e1mara de Diputados de San Juan y\u00a0 la Universidad Nacional de San Juan que pone a disposici\u00f3n docentes de la Facultad de Filosof\u00eda, Humanidades y Artes para conformar los jurados de Preselecci\u00f3n y Selecci\u00f3n de obras.<\/p>\n<p>Antes del Acto el vicegobernador, Dr. Fabi\u00e1n Mart\u00edn, manifest\u00f3 en los que consiste el Concurso \u201cSan Juan Escribe. Premio Jorge Le\u00f3nidas Escudero Edici\u00f3n 2024\u201d de la C\u00e1mara de Diputados de San Juan.<\/p>\n<p><iframe loading=\"lazy\" title=\"CDSJ VICEGOBERNADOR DR FABI\u00c1N MART\u00cdN\" width=\"800\" height=\"450\" src=\"https:\/\/www.youtube.com\/embed\/GL9C_6lFcEY?feature=oembed\" frameborder=\"0\" allow=\"accelerometer; autoplay; clipboard-write; encrypted-media; gyroscope; picture-in-picture; web-share\" referrerpolicy=\"strict-origin-when-cross-origin\" allowfullscreen><\/iframe><\/p>\n<p>Luego, Voces Paralelas desarroll\u00f3 una entrevista period\u00edstica al Rector de la UNSJ, Ing. Tadeo Berenguer, quien destac\u00f3 la importancia del concurso de gran nivel porque hace mucho que se realiza para impulsar la identidad literaria de San Juan.<\/p>\n<p><iframe loading=\"lazy\" title=\"CDSJ UNSJ RECTOR ING TADEO BERENGUER\" width=\"800\" height=\"450\" src=\"https:\/\/www.youtube.com\/embed\/iKzIOmw4e6M?feature=oembed\" frameborder=\"0\" allow=\"accelerometer; autoplay; clipboard-write; encrypted-media; gyroscope; picture-in-picture; web-share\" referrerpolicy=\"strict-origin-when-cross-origin\" allowfullscreen><\/iframe><\/p>\n<p>Finalmente, la Decana de la FFHA de la UNSJ, Mg Myrian Arrabal, quien destac\u00f3 la idea que se sumen los escritores de los 19 Departamentos de San Juan para mostrar la identidad de cada localidad.<\/p>\n<p><iframe loading=\"lazy\" title=\"CDSJ UNSJ FFHA MG MYRIAN ARRABAL\" width=\"800\" height=\"450\" src=\"https:\/\/www.youtube.com\/embed\/IS28otkg73Q?feature=oembed\" frameborder=\"0\" allow=\"accelerometer; autoplay; clipboard-write; encrypted-media; gyroscope; picture-in-picture; web-share\" referrerpolicy=\"strict-origin-when-cross-origin\" allowfullscreen><\/iframe><\/p>\n<p>&nbsp;<\/p>\n<p>Durante el acto, estuvieron presentes los secretarios Legislativo, Dr. Gustavo Velert; y Administrativo, Lic. Jorge Fern\u00e1ndez; los diputados Dr. Juan de la Cruz C\u00f3rdoba, Marcela Quiroga, Lic. Mar\u00eda Rita Lascano, Marcelo Mallea, Rosana Luque, Gabriel S\u00e1nchez, Jorge Ripoll, Arq. Horacio Quiroga.<\/p>\n<p>Tambi\u00e9n, asistieron las responsables de Relaciones con la Comunidad y el Fondo Editorial de la Legislatura, Gisel Fern\u00e1ndez y Lic. Sandra Luna, respectivamente; la ministra de Educaci\u00f3n, Lic. Silvia Fuentes; el ministro de Turismo, Deporte y Cultura, Dr. Guido Romero; el rector de la Universidad Nacional de San Juan, Ing. Tadeo Berenguer; los intendentes, y p\u00fablico en general.<\/p>\n<figure id=\"attachment_73480\" aria-describedby=\"caption-attachment-73480\" style=\"width: 800px\" class=\"wp-caption alignnone\"><img loading=\"lazy\" decoding=\"async\" class=\"size-full wp-image-73480\" src=\"https:\/\/vocesparalelas.com.ar\/sitio\/wp-content\/uploads\/2024\/06\/CDSJ-SAN-JUAN-ESCRIBE-2024-04.jpg\" alt=\"\" width=\"800\" height=\"533\" srcset=\"https:\/\/vocesparalelas.com.ar\/sitio\/wp-content\/uploads\/2024\/06\/CDSJ-SAN-JUAN-ESCRIBE-2024-04.jpg 800w, https:\/\/vocesparalelas.com.ar\/sitio\/wp-content\/uploads\/2024\/06\/CDSJ-SAN-JUAN-ESCRIBE-2024-04-300x200.jpg 300w, https:\/\/vocesparalelas.com.ar\/sitio\/wp-content\/uploads\/2024\/06\/CDSJ-SAN-JUAN-ESCRIBE-2024-04-768x512.jpg 768w\" sizes=\"auto, (max-width: 800px) 100vw, 800px\" \/><figcaption id=\"caption-attachment-73480\" class=\"wp-caption-text\">Secretaria Acad\u00e9mica de la UNSJ, Prof. Rosita Ferrer junto al Rector de la UNSJ, Ing. Tadeo Berenguer y la Decana de la FFHA de la UNSJ, Myriam Arrabal<\/figcaption><\/figure>\n<p>De esta manera, la Casa de Todos convoca a los ciudadanos sanjuaninos a participar de este certamen de car\u00e1cter abierto y gratuito.\u00a0 Los textos literarios podr\u00e1n presentarse del 11 de junio al 30 de agosto de 2024 y el tema ser\u00e1 de libre elecci\u00f3n. Deben ser originales, in\u00e9ditos y ser\u00e1n evaluados teniendo en cuenta, adem\u00e1s de su valor art\u00edstico-literario, el aporte educativo y cultural que brinden a la comunidad de la que emergen.<\/p>\n<p>Para la presente edici\u00f3n, el Concurso pone \u00e9nfasis en la Literatura Infanto-Juvenil con el objetivo de estimular la producci\u00f3n literaria con fines educativos, destinada a ese p\u00fablico. Como novedad se introduce la Secci\u00f3n destinada a escritores menores (de 12 a 17 a\u00f1os), en la que podr\u00e1n participar en la Categor\u00eda Revelaci\u00f3n Juvenil.<\/p>\n<p>En esta categor\u00eda, uno de los premios ser\u00e1 un viaje a Ischigualasto gestionado por el Ministerio de Turismo, Cultura y Deporte. As\u00ed lo pudo expresar en la previa el ministro Guido Romero, junto a la subsecretaria de Cultura, Marcela Zegaib.<\/p>\n<p>En cuanto a la Secci\u00f3n que corresponde a escritores mayores de 18 a\u00f1os en adelante, los concursantes podr\u00e1n presentarse en las categor\u00edas: Novela, Cuento, Poes\u00eda, Literatura Infantil, Literatura Juvenil e Investigaci\u00f3n.<\/p>\n<p>Las obras que se presentar\u00e1n, ser\u00e1n analizadas en una primera instancia, por un Jurado de Preselecci\u00f3n y, en una segunda etapa, por un Jurado de Selecci\u00f3n, ambos integrados por docentes de la Facultad de Filosof\u00eda, Humanidades y Artes de la Universidad Nacional de San Juan. Por este motivo, el acto cont\u00f3 con la firma del Acta Complementaria con la Universidad Nacional de San Juan a fin de hacer posible la intervenci\u00f3n de los Jurados enunciados precedentemente.<\/p>\n<p>Las obras que resulten ganadoras, en primero y segundo puesto, ser\u00e1n publicadas en formato impreso y digital por la C\u00e1mara de Diputados de la Provincia de San Juan, a trav\u00e9s de su Fondo Editorial. Y en el caso de la Categor\u00eda Revelaci\u00f3n Juvenil a estos se suma el mencionado viaje a Ischigualasto.<\/p>\n<p>Cabe destacar que gran parte de estos libros ser\u00e1n destinados a bibliotecas, escuelas, instituciones intermedias como fundaciones, ONG, uniones vecinales, como as\u00ed tambi\u00e9n, a todo tipo de organizaciones que ejerzan la funci\u00f3n de constituirse en un instrumento de cultura, conocimiento, educaci\u00f3n e inspiraci\u00f3n art\u00edstica de la sociedad.<\/p>\n<p><span style=\"color: #ff6600;\"><strong>Informes y Consultas<\/strong><\/span><\/p>\n<ul>\n<li>Correo electr\u00f3nico: <a href=\"mailto:fondo_editorial@diputadossanjuan.gob.ar\">fondo_editorial@diputadossanjuan.gob.ar<\/a><\/li>\n<li>Tel\u00e9fono: (0264)4211750\/ interno 111<\/li>\n<li>WhatsApp: (0264)4844525<\/li>\n<\/ul>\n<p><strong><span style=\"color: #666699;\">Formulado de Inscripci\u00f3n<\/span><\/strong><\/p>\n<p><a href=\"https:\/\/diputadossanjuan.gob.ar\/san-juan-escribe-2024#g-prebottom\">https:\/\/diputadossanjuan.gob.ar\/san-juan-escribe-2024#g-prebottom<\/a><\/p>\n<p><span style=\"color: #ff6600;\"><strong>Bases y Condiciones del Concurso<\/strong><\/span><\/p>\n<p><a href=\"https:\/\/drive.google.com\/file\/d\/1PXuykolWheE7x0pgQjRGWW1iCwuLnEKu\/view\">https:\/\/drive.google.com\/file\/d\/1PXuykolWheE7x0pgQjRGWW1iCwuLnEKu\/view<\/a><\/p>\n<p><img loading=\"lazy\" decoding=\"async\" class=\"alignnone size-full wp-image-73479\" src=\"https:\/\/vocesparalelas.com.ar\/sitio\/wp-content\/uploads\/2024\/06\/CDSJ-SAN-JUAN-ESCRIBE-2024-02.jpg\" alt=\"\" width=\"800\" height=\"533\" srcset=\"https:\/\/vocesparalelas.com.ar\/sitio\/wp-content\/uploads\/2024\/06\/CDSJ-SAN-JUAN-ESCRIBE-2024-02.jpg 800w, https:\/\/vocesparalelas.com.ar\/sitio\/wp-content\/uploads\/2024\/06\/CDSJ-SAN-JUAN-ESCRIBE-2024-02-300x200.jpg 300w, https:\/\/vocesparalelas.com.ar\/sitio\/wp-content\/uploads\/2024\/06\/CDSJ-SAN-JUAN-ESCRIBE-2024-02-768x512.jpg 768w\" sizes=\"auto, (max-width: 800px) 100vw, 800px\" \/><\/p>\n<p>&nbsp;<\/p>\n<figure id=\"attachment_37951\" aria-describedby=\"caption-attachment-37951\" style=\"width: 800px\" class=\"wp-caption alignnone\"><img loading=\"lazy\" decoding=\"async\" class=\"size-full wp-image-37951\" src=\"https:\/\/vocesparalelas.com.ar\/sitio\/wp-content\/uploads\/2021\/05\/CAMARA-EDIFICIO.jpg\" alt=\"\" width=\"800\" height=\"515\" srcset=\"https:\/\/vocesparalelas.com.ar\/sitio\/wp-content\/uploads\/2021\/05\/CAMARA-EDIFICIO.jpg 800w, https:\/\/vocesparalelas.com.ar\/sitio\/wp-content\/uploads\/2021\/05\/CAMARA-EDIFICIO-300x193.jpg 300w, https:\/\/vocesparalelas.com.ar\/sitio\/wp-content\/uploads\/2021\/05\/CAMARA-EDIFICIO-768x494.jpg 768w\" sizes=\"auto, (max-width: 800px) 100vw, 800px\" \/><figcaption id=\"caption-attachment-37951\" class=\"wp-caption-text\">Legislatura Provincial de San Juan, Rep\u00fablica Argentina<\/figcaption><\/figure>\n","protected":false},"excerpt":{"rendered":"<p>En el auditorio Emar Acosta del edificio Anexo de la C\u00e1mara de Diputados de San Juan, el vicegobernador, Dr. Fabi\u00e1n<\/p>\n","protected":false},"author":3,"featured_media":73478,"comment_status":"closed","ping_status":"closed","sticky":false,"template":"","format":"standard","meta":{"_acf_changed":false,"_seopress_robots_primary_cat":"none","_seopress_titles_title":"","_seopress_titles_desc":"","_seopress_robots_index":"","colormag_page_container_layout":"default_layout","colormag_page_sidebar_layout":"default_layout","footnotes":""},"categories":[8,7],"tags":[],"class_list":["post-73475","post","type-post","status-publish","format-standard","has-post-thumbnail","hentry","category-concursos","category-videos"],"acf":[],"_links":{"self":[{"href":"https:\/\/vocesparalelas.com.ar\/sitio\/wp-json\/wp\/v2\/posts\/73475","targetHints":{"allow":["GET"]}}],"collection":[{"href":"https:\/\/vocesparalelas.com.ar\/sitio\/wp-json\/wp\/v2\/posts"}],"about":[{"href":"https:\/\/vocesparalelas.com.ar\/sitio\/wp-json\/wp\/v2\/types\/post"}],"author":[{"embeddable":true,"href":"https:\/\/vocesparalelas.com.ar\/sitio\/wp-json\/wp\/v2\/users\/3"}],"replies":[{"embeddable":true,"href":"https:\/\/vocesparalelas.com.ar\/sitio\/wp-json\/wp\/v2\/comments?post=73475"}],"version-history":[{"count":3,"href":"https:\/\/vocesparalelas.com.ar\/sitio\/wp-json\/wp\/v2\/posts\/73475\/revisions"}],"predecessor-version":[{"id":73488,"href":"https:\/\/vocesparalelas.com.ar\/sitio\/wp-json\/wp\/v2\/posts\/73475\/revisions\/73488"}],"wp:featuredmedia":[{"embeddable":true,"href":"https:\/\/vocesparalelas.com.ar\/sitio\/wp-json\/wp\/v2\/media\/73478"}],"wp:attachment":[{"href":"https:\/\/vocesparalelas.com.ar\/sitio\/wp-json\/wp\/v2\/media?parent=73475"}],"wp:term":[{"taxonomy":"category","embeddable":true,"href":"https:\/\/vocesparalelas.com.ar\/sitio\/wp-json\/wp\/v2\/categories?post=73475"},{"taxonomy":"post_tag","embeddable":true,"href":"https:\/\/vocesparalelas.com.ar\/sitio\/wp-json\/wp\/v2\/tags?post=73475"}],"curies":[{"name":"wp","href":"https:\/\/api.w.org\/{rel}","templated":true}]}}