{"id":73455,"date":"2024-06-10T21:55:53","date_gmt":"2024-06-11T00:55:53","guid":{"rendered":"https:\/\/vocesparalelas.com.ar\/sitio\/?p=73455"},"modified":"2024-06-11T16:52:33","modified_gmt":"2024-06-11T19:52:33","slug":"concierto-de-la-orquesta-sinfonica-de-la-unsj-2","status":"publish","type":"post","link":"https:\/\/vocesparalelas.com.ar\/sitio\/concierto-de-la-orquesta-sinfonica-de-la-unsj-2\/","title":{"rendered":"Concierto de la Orquesta Sinf\u00f3nica de la UNSJ"},"content":{"rendered":"<p>La Orquesta Sinf\u00f3nica de la Universidad de San Juan interpreta el concierto de su 50 temporada, dos grandes cl\u00e1sicos del repertorio ruso, los conocidos \u00abRomeo y Julieta\u00bb de Tchaikovsky y Prokofiev (suite n\u00ba 2).\u00a0Tambi\u00e9n ejecuta el Concierto para Viol\u00edn y Orquesta \u201cHumanidad, el Viernes, 14 de Junio, a las 21,30 hs, en el Auditorio Ing. Juan Victoria con entrada libre y gratuita.<\/p>\n<p>\u00abRomeo y Julieta\u00bb es posiblemente la historia de amor m\u00e1s famosa de todos los tiempos. Esta obra de teatro de William Shakespeare cuenta la historia de dos j\u00f3venes enamorados cuyo amor est\u00e1 destinado al fracaso debido a la rivalidad de sus familias.<\/p>\n<p>El p\u00fablico tendr\u00e1 la gran oportunidad de poder escuchar como dos grandes compositores rom\u00e1nticos rusos cuentan, a trav\u00e9s de la m\u00fasica, su visi\u00f3n de la historia de Romeo y Julieta, con sus momentos de amor, de tristeza, de enfrentamientos, de tragedia, de desesperaci\u00f3n, de muerte, todo a trav\u00e9s de los sonidos de la Orquesta Sinf\u00f3nica de la Universidad Nacional de San Juan.<\/p>\n<p>La obra\u00a0Concierto para Viol\u00edn y Orquesta \u201cHumanidad\u201d,\u00a0fue escrita y dedicada a la Solista Astro H\u00fangara Edua Zadory, y comisionada por la orquesta filarm\u00f3nica de Rio negro bajo la direcci\u00f3n del Maestro Martin Fraile Milstein, quienes la estrenaron en dos conciertos consecutivos, ambos en Argentina, el primero en Rio Negro junto a la orquesta Filarm\u00f3nica local, y el segundo en Santa fe, junto a la orquesta sinf\u00f3nica de esa provincia. El concert\u00f3 lleva por t\u00edtulo \u201cHumanidad\u201d que hace alusi\u00f3n al contenido de la obra. En ella el compositor Mauricio Charbonnier intenta plasmar cu\u00e1les son los v\u00ednculos y emociones, que predominan a lo largo de nuestra vida y c\u00f3mo estos, gravitan en nuestra sociedad. Hacia d\u00f3nde se dirige la humanidad, qu\u00e9 principios y valores gu\u00edan al individuo actual. El amor, la pasi\u00f3n, el miedo, los deseos, la muerte.<\/p>\n<p>En esta funci\u00f3n actuar\u00e1 como solista\u00a0Indira Gonz\u00e1lez.\u00a0Se gradu\u00f3 en el Instituto Superior de Arte (ISA), Cuba. Particip\u00f3 en varios concursos provinciales y nacionales ganando diferentes premios, adem\u00e1s de su participaci\u00f3n en diversas orquestas juveniles e infantiles. Ha formado parte de varias Orquestas de C\u00e1mara y Sinf\u00f3nicas donde se destaca su participaci\u00f3n como Concertino y como solista en algunas de ellas. Ha hecho algunas giras nacionales e internacionales y ha participado en varios festivales de m\u00fasica de c\u00e1mara en algunos pa\u00edses como Noruega, Francia, Espa\u00f1a, M\u00e9xico, Venezuela, entre otros. Tambi\u00e9n se destaca su labor como profesora colaborando en distintas instituciones. Actualmente es la Concertina de la Orquesta Sinf\u00f3nica de la Universidad de San Juan (UNSJ) (Argentina) y titular de una de las c\u00e1tedras de viol\u00edn. Tambi\u00e9n forma parte de varios grupos de c\u00e1mara, y es la fundadora y directora de la orquesta de c\u00e1mara de mujeres \u201c Las Solistas de Los Andes\u201d.<\/p>\n<p>El maestro\u00a0Castell\u00f3 Ma\u00f1es Jer\u00f3nimo, es director de orquesta formado en Valencia, Madrid y Viena. Sus\u00a0maestros fueron Crist\u00f3bal Soler, Mark Laycock, Johannes Wildner, Arturo Tamayo, Sergio Alapont, \u00c1lvaro Albiach, John Carewe, Borja Quintas, Bruno Aprea, Vladimir Ponkin, Enrique Garc\u00eda Asensio, Luis Sanjaime, entre otros. Obtuvo\u00a0diversos premios y galardones, entre los que se destacan: Ganador de la XXVII Edici\u00f3n de la \u00abWorld Music Competition\u00bb en la categor\u00eda de direcci\u00f3n de orquesta dirigiendo la Orquesta Sinf\u00f3nica de Castell\u00f3n, Primer Premio y Medalla de oro en el \u201cXVI Concurso Internacional de Direcci\u00f3n Jos\u00e9 Ferriz &#8211; Montroy (2010), Primer Premio en la primera secci\u00f3n del Certamen Provincial de bandas de m\u00fasica de la Diputaci\u00f3n de Valencia (2024).\u00a0\u00a0Actualmente es director titular de la Orquesta Vivaldi de La Vall d&#8217;Uix\u00f3 (Castell\u00f3n), con la que est\u00e1 creando un proyecto social, art\u00edstico y pedag\u00f3gico, y director art\u00edstico de la Uni\u00f3 Art\u00edstica Musical de Montroy (Valencia), a la vez que prepara sus compromisos como director invitado.<\/p>\n<p>&nbsp;<\/p>\n<p><img loading=\"lazy\" decoding=\"async\" class=\"alignnone size-full wp-image-61468\" src=\"https:\/\/vocesparalelas.com.ar\/sitio\/wp-content\/uploads\/2023\/07\/AUDITORIO-EDIFICIO.jpg\" alt=\"\" width=\"800\" height=\"533\" srcset=\"https:\/\/vocesparalelas.com.ar\/sitio\/wp-content\/uploads\/2023\/07\/AUDITORIO-EDIFICIO.jpg 800w, https:\/\/vocesparalelas.com.ar\/sitio\/wp-content\/uploads\/2023\/07\/AUDITORIO-EDIFICIO-300x200.jpg 300w, https:\/\/vocesparalelas.com.ar\/sitio\/wp-content\/uploads\/2023\/07\/AUDITORIO-EDIFICIO-768x512.jpg 768w\" sizes=\"auto, (max-width: 800px) 100vw, 800px\" \/><\/p>\n","protected":false},"excerpt":{"rendered":"<p>La Orquesta Sinf\u00f3nica de la Universidad de San Juan interpreta el concierto de su 50 temporada, dos grandes cl\u00e1sicos del<\/p>\n","protected":false},"author":3,"featured_media":59915,"comment_status":"closed","ping_status":"closed","sticky":false,"template":"","format":"standard","meta":{"_acf_changed":false,"_seopress_robots_primary_cat":"none","_seopress_titles_title":"","_seopress_titles_desc":"","_seopress_robots_index":"","colormag_page_container_layout":"default_layout","colormag_page_sidebar_layout":"default_layout","footnotes":""},"categories":[20],"tags":[],"class_list":["post-73455","post","type-post","status-publish","format-standard","has-post-thumbnail","hentry","category-cartelera"],"acf":[],"_links":{"self":[{"href":"https:\/\/vocesparalelas.com.ar\/sitio\/wp-json\/wp\/v2\/posts\/73455","targetHints":{"allow":["GET"]}}],"collection":[{"href":"https:\/\/vocesparalelas.com.ar\/sitio\/wp-json\/wp\/v2\/posts"}],"about":[{"href":"https:\/\/vocesparalelas.com.ar\/sitio\/wp-json\/wp\/v2\/types\/post"}],"author":[{"embeddable":true,"href":"https:\/\/vocesparalelas.com.ar\/sitio\/wp-json\/wp\/v2\/users\/3"}],"replies":[{"embeddable":true,"href":"https:\/\/vocesparalelas.com.ar\/sitio\/wp-json\/wp\/v2\/comments?post=73455"}],"version-history":[{"count":1,"href":"https:\/\/vocesparalelas.com.ar\/sitio\/wp-json\/wp\/v2\/posts\/73455\/revisions"}],"predecessor-version":[{"id":73458,"href":"https:\/\/vocesparalelas.com.ar\/sitio\/wp-json\/wp\/v2\/posts\/73455\/revisions\/73458"}],"wp:featuredmedia":[{"embeddable":true,"href":"https:\/\/vocesparalelas.com.ar\/sitio\/wp-json\/wp\/v2\/media\/59915"}],"wp:attachment":[{"href":"https:\/\/vocesparalelas.com.ar\/sitio\/wp-json\/wp\/v2\/media?parent=73455"}],"wp:term":[{"taxonomy":"category","embeddable":true,"href":"https:\/\/vocesparalelas.com.ar\/sitio\/wp-json\/wp\/v2\/categories?post=73455"},{"taxonomy":"post_tag","embeddable":true,"href":"https:\/\/vocesparalelas.com.ar\/sitio\/wp-json\/wp\/v2\/tags?post=73455"}],"curies":[{"name":"wp","href":"https:\/\/api.w.org\/{rel}","templated":true}]}}