{"id":73441,"date":"2024-06-10T22:22:24","date_gmt":"2024-06-11T01:22:24","guid":{"rendered":"https:\/\/vocesparalelas.com.ar\/sitio\/?p=73441"},"modified":"2024-06-11T20:56:18","modified_gmt":"2024-06-11T23:56:18","slug":"una-gestion-de-6-meses-y-mucho-trabajo-se-realizo-en-rivadavia-en-beneficio-de-los-vecinos","status":"publish","type":"post","link":"https:\/\/vocesparalelas.com.ar\/sitio\/una-gestion-de-6-meses-y-mucho-trabajo-se-realizo-en-rivadavia-en-beneficio-de-los-vecinos\/","title":{"rendered":"Una gesti\u00f3n de 6 meses y mucho trabajo se realiz\u00f3 en Rivadavia en beneficio de los vecinos"},"content":{"rendered":"<p>El intendente de la Municipalidad de la Ciudad de Rivadavia, Sergio Miodowsky hizo la presentaci\u00f3n de la gesti\u00f3n de 6 meses, desde su asunci\u00f3n el 10 de Diciembre de 2023.<\/p>\n<p>Esto significa que el 10 de Junio de 2024 lleva 6 meses de gesti\u00f3n municipal en cuyo recorrido del tiempo permiti\u00f3 rendir cuentas de su gesti\u00f3n a la comunidad de Rivadavia. En este sentido se present\u00f3 los nuevos veh\u00edculos cero kil\u00f3metro con fondos municipales.<\/p>\n<p>Antes de comenzar el acto, el Gobernador de San Juan, Dr. Marcelo Orrego manifest\u00f3 a los Periodistas San Juan una s\u00edntesis del accionar del gobierno central al quehacer municipal.<\/p>\n<p><iframe loading=\"lazy\" title=\"RIVADAVIA GOBERNADOR DR MARCELO ORREGO\" width=\"800\" height=\"450\" src=\"https:\/\/www.youtube.com\/embed\/V-Pvpu7_9ik?feature=oembed\" frameborder=\"0\" allow=\"accelerometer; autoplay; clipboard-write; encrypted-media; gyroscope; picture-in-picture; web-share\" referrerpolicy=\"strict-origin-when-cross-origin\" allowfullscreen><\/iframe><\/p>\n<p>Concretamente, el acto comenz\u00f3 con la llegada del intendente de la Municipalidad de la Ciudad de Rivadavia, Sergio Miodowsky,\u00a0 manejando un veh\u00edculo nuevo, que fue aplaudido por los presentes.<\/p>\n<p>Luego, la Banda de la M\u00fasica del RIM 22 fue la responsable de poner el color musical al Himno Nacional Argentino.<\/p>\n<p><iframe loading=\"lazy\" title=\"RIVADAVIA HIMNO NACIONAL ARGENTINO\" width=\"800\" height=\"450\" src=\"https:\/\/www.youtube.com\/embed\/-Ww1hq4pL5k?feature=oembed\" frameborder=\"0\" allow=\"accelerometer; autoplay; clipboard-write; encrypted-media; gyroscope; picture-in-picture; web-share\" referrerpolicy=\"strict-origin-when-cross-origin\" allowfullscreen><\/iframe><\/p>\n<p>Posteriormente, se observ\u00f3 un video institucional de la gesti\u00f3n del intendente de la Municipalidad de la Ciudad de Rivadavia, Sergio Miodowsky desde que asumi\u00f3 el 10 de Diciembre de 2024 hasta lo que se realiz\u00f3 el 10 de Junio de 2024.<\/p>\n<p><iframe loading=\"lazy\" title=\"RIVADAVIA GESTI\u00d3N INTENDENTE SERGIO MIODOWSKY\" width=\"800\" height=\"450\" src=\"https:\/\/www.youtube.com\/embed\/Vj-ER4pCCs4?feature=oembed\" frameborder=\"0\" allow=\"accelerometer; autoplay; clipboard-write; encrypted-media; gyroscope; picture-in-picture; web-share\" referrerpolicy=\"strict-origin-when-cross-origin\" allowfullscreen><\/iframe><\/p>\n<p>El Sacerdote de la Parroquia Sagrado Coraz\u00f3n de Jes\u00fas, Emilio Pir\u00e1n Vargas fue el responsables de la bendici\u00f3n de las movilidades y del personal a cargo.<\/p>\n<p><iframe loading=\"lazy\" title=\"RIVADAVIA SACERDOTE\" width=\"800\" height=\"450\" src=\"https:\/\/www.youtube.com\/embed\/bQ1OYPUWIQk?feature=oembed\" frameborder=\"0\" allow=\"accelerometer; autoplay; clipboard-write; encrypted-media; gyroscope; picture-in-picture; web-share\" referrerpolicy=\"strict-origin-when-cross-origin\" allowfullscreen><\/iframe><\/p>\n<p>Por ello, el intendente de la Municipalidad de la Ciudad de Rivadavia, Sergio Miodowsky\u00a0 e3xplic\u00f3 muy emocionado el transitar de su gesti\u00f3n en seis meses frente a la situaci\u00f3n econ\u00f3mica donde se logra trabajar fuertemente para que Rivadavia siga creciendo para el bien de los vecinos de todos aquellos que transitan por el Departamento.<\/p>\n<p><iframe loading=\"lazy\" title=\"RIVADAVIA INTENDENTE SERGIO MIODOWSKY\" width=\"800\" height=\"450\" src=\"https:\/\/www.youtube.com\/embed\/XN6iclazfI4?feature=oembed\" frameborder=\"0\" allow=\"accelerometer; autoplay; clipboard-write; encrypted-media; gyroscope; picture-in-picture; web-share\" referrerpolicy=\"strict-origin-when-cross-origin\" allowfullscreen><\/iframe><\/p>\n<p>Sobre el anuncio, Miodowsky manifest\u00f3: que \u00abhe reservado un p\u00e1rrafo especial para agradecer a mi equipo del Municipio de Rivadavia, contratados y planta permanente. Desde el personal de calle, pasando por las \u00e1reas administrativas y la planta pol\u00edtica municipal\u201d.<\/p>\n<p>\u00abSin ustedes no ser\u00eda posible haber logrado reforzar la flota de nuestro parque automotor. Hoy estoy muy feliz, este es el resultado del pedido de austeridad a cada una de las \u00e1reas, estas movilidades son de todos\u201d.<\/p>\n<p>\u201cPero esto no termina ac\u00e1, continuaremos gestionando los recursos necesarios para adquirir m\u00e1s movilidades y seguir brindando servicios de excelencia. Por m\u00e1s desaf\u00edos, sigamos trabajando juntos\u201d &#8211; sintetiz\u00f3 el intendente de la Municipalidad de la Ciudad de Rivadavia, Sergio Miodowsky.<\/p>\n<p>El jefe comunal tuvo el honor de contar con la presencia del Gobernador Marcelo Orrego y tambi\u00e9n del Vicegobernador Fabi\u00e1n Mart\u00edn con quienes compartieron un vibrante video institucional que resumi\u00f3 el actual medio a\u00f1o de gobierno.<\/p>\n<p>Acompa\u00f1aron tambi\u00e9n al municipio de Rivadavia, ministros, secretarios y subsecretarios del ejecutivo provincial, diputados nacionales, provinciales, concejales departamentales, funcionarios del ejecutivo municipal, invitados especiales y la banda de m\u00fasica del RIM 22.<\/p>\n<p><strong><span style=\"color: #ff6600;\">Nuevas Movilidades <\/span><\/strong><\/p>\n<ul>\n<li>Tres autos Fiat Cronos 1.3 like equipados para prevenci\u00f3n.<\/li>\n<li>Dos camiones tipo pick up Shineray cabina simple T30.<\/li>\n<li>Un cami\u00f3n Iveco 35150 Dayly con Hodrogr\u00faa.<\/li>\n<li>Un cami\u00f3n Iveco 170E28 compactador.<\/li>\n<\/ul>\n<p>Las unidades comienzan a prestar servicios inmediatamente ya que salen preparados para recorrer las calles de Rivadavia.<\/p>\n<p><img loading=\"lazy\" decoding=\"async\" class=\"alignnone size-full wp-image-73430\" src=\"https:\/\/vocesparalelas.com.ar\/sitio\/wp-content\/uploads\/2024\/06\/RIVADAVIA-GESTION-02.jpg\" alt=\"\" width=\"800\" height=\"533\" srcset=\"https:\/\/vocesparalelas.com.ar\/sitio\/wp-content\/uploads\/2024\/06\/RIVADAVIA-GESTION-02.jpg 800w, https:\/\/vocesparalelas.com.ar\/sitio\/wp-content\/uploads\/2024\/06\/RIVADAVIA-GESTION-02-300x200.jpg 300w, https:\/\/vocesparalelas.com.ar\/sitio\/wp-content\/uploads\/2024\/06\/RIVADAVIA-GESTION-02-768x512.jpg 768w\" sizes=\"auto, (max-width: 800px) 100vw, 800px\" \/><\/p>\n<p><iframe loading=\"lazy\" title=\"RIVADAVIA GESTI\u00d3N INTENDENTE SERGIO MIODOWSKY\" width=\"800\" height=\"450\" src=\"https:\/\/www.youtube.com\/embed\/jQSDrDPUZ8w?feature=oembed\" frameborder=\"0\" allow=\"accelerometer; autoplay; clipboard-write; encrypted-media; gyroscope; picture-in-picture; web-share\" referrerpolicy=\"strict-origin-when-cross-origin\" allowfullscreen><\/iframe><\/p>\n<p><img loading=\"lazy\" decoding=\"async\" class=\"alignnone size-full wp-image-73429\" src=\"https:\/\/vocesparalelas.com.ar\/sitio\/wp-content\/uploads\/2024\/06\/RIVADAVIA-GESTION-01.jpg\" alt=\"\" width=\"800\" height=\"533\" srcset=\"https:\/\/vocesparalelas.com.ar\/sitio\/wp-content\/uploads\/2024\/06\/RIVADAVIA-GESTION-01.jpg 800w, https:\/\/vocesparalelas.com.ar\/sitio\/wp-content\/uploads\/2024\/06\/RIVADAVIA-GESTION-01-300x200.jpg 300w, https:\/\/vocesparalelas.com.ar\/sitio\/wp-content\/uploads\/2024\/06\/RIVADAVIA-GESTION-01-768x512.jpg 768w\" sizes=\"auto, (max-width: 800px) 100vw, 800px\" \/><\/p>\n<p><img loading=\"lazy\" decoding=\"async\" class=\"alignnone size-full wp-image-66896\" src=\"https:\/\/vocesparalelas.com.ar\/sitio\/wp-content\/uploads\/2023\/12\/RIVADAVIA-LOGO-NUEVO.jpg\" alt=\"\" width=\"800\" height=\"533\" srcset=\"https:\/\/vocesparalelas.com.ar\/sitio\/wp-content\/uploads\/2023\/12\/RIVADAVIA-LOGO-NUEVO.jpg 800w, https:\/\/vocesparalelas.com.ar\/sitio\/wp-content\/uploads\/2023\/12\/RIVADAVIA-LOGO-NUEVO-300x200.jpg 300w, https:\/\/vocesparalelas.com.ar\/sitio\/wp-content\/uploads\/2023\/12\/RIVADAVIA-LOGO-NUEVO-768x512.jpg 768w\" sizes=\"auto, (max-width: 800px) 100vw, 800px\" \/><\/p>\n","protected":false},"excerpt":{"rendered":"<p>El intendente de la Municipalidad de la Ciudad de Rivadavia, Sergio Miodowsky hizo la presentaci\u00f3n de la gesti\u00f3n de 6<\/p>\n","protected":false},"author":3,"featured_media":73444,"comment_status":"closed","ping_status":"closed","sticky":false,"template":"","format":"standard","meta":{"_acf_changed":false,"_seopress_robots_primary_cat":"none","_seopress_titles_title":"","_seopress_titles_desc":"","_seopress_robots_index":"","colormag_page_container_layout":"default_layout","colormag_page_sidebar_layout":"default_layout","footnotes":""},"categories":[10,7],"tags":[],"class_list":["post-73441","post","type-post","status-publish","format-standard","has-post-thumbnail","hentry","category-opiniones","category-videos"],"acf":[],"_links":{"self":[{"href":"https:\/\/vocesparalelas.com.ar\/sitio\/wp-json\/wp\/v2\/posts\/73441","targetHints":{"allow":["GET"]}}],"collection":[{"href":"https:\/\/vocesparalelas.com.ar\/sitio\/wp-json\/wp\/v2\/posts"}],"about":[{"href":"https:\/\/vocesparalelas.com.ar\/sitio\/wp-json\/wp\/v2\/types\/post"}],"author":[{"embeddable":true,"href":"https:\/\/vocesparalelas.com.ar\/sitio\/wp-json\/wp\/v2\/users\/3"}],"replies":[{"embeddable":true,"href":"https:\/\/vocesparalelas.com.ar\/sitio\/wp-json\/wp\/v2\/comments?post=73441"}],"version-history":[{"count":1,"href":"https:\/\/vocesparalelas.com.ar\/sitio\/wp-json\/wp\/v2\/posts\/73441\/revisions"}],"predecessor-version":[{"id":73445,"href":"https:\/\/vocesparalelas.com.ar\/sitio\/wp-json\/wp\/v2\/posts\/73441\/revisions\/73445"}],"wp:featuredmedia":[{"embeddable":true,"href":"https:\/\/vocesparalelas.com.ar\/sitio\/wp-json\/wp\/v2\/media\/73444"}],"wp:attachment":[{"href":"https:\/\/vocesparalelas.com.ar\/sitio\/wp-json\/wp\/v2\/media?parent=73441"}],"wp:term":[{"taxonomy":"category","embeddable":true,"href":"https:\/\/vocesparalelas.com.ar\/sitio\/wp-json\/wp\/v2\/categories?post=73441"},{"taxonomy":"post_tag","embeddable":true,"href":"https:\/\/vocesparalelas.com.ar\/sitio\/wp-json\/wp\/v2\/tags?post=73441"}],"curies":[{"name":"wp","href":"https:\/\/api.w.org\/{rel}","templated":true}]}}