{"id":73403,"date":"2024-06-09T11:01:46","date_gmt":"2024-06-09T14:01:46","guid":{"rendered":"https:\/\/vocesparalelas.com.ar\/sitio\/?p=73403"},"modified":"2024-06-10T19:52:05","modified_gmt":"2024-06-10T22:52:05","slug":"cuando-los-demas-estan-de-mas","status":"publish","type":"post","link":"https:\/\/vocesparalelas.com.ar\/sitio\/cuando-los-demas-estan-de-mas\/","title":{"rendered":"Cuando los dem\u00e1s est\u00e1n de m\u00e1s"},"content":{"rendered":"<p>Por el Arzobispo de San Juan de Cuyo, Monse\u00f1or Jorge Eduardo Lozano<\/p>\n<p>\u201cSapo de otro pozo\u201d es una expresi\u00f3n que muestra incomodidad y rechazo. Te puede pasar en un club deportivo al cual no est\u00e1s unido afectivamente, en un local de ropa que no es de tu estilo, en una universidad a la cual nunca ingresaste, en una fiesta en la cual no conoc\u00e9s a nadie. Y si se nota demasiado es probable que te digan \u201cvos no sos de ac\u00e1\u201d. Ampliemos la perspectiva; hay situaciones dram\u00e1ticas de exclusi\u00f3n social. Muchos son considerados sobrantes y descartables. La sociedad que debe acogerlos y acompa\u00f1arlos en su desventura, les dice \u201cest\u00e1s de m\u00e1s\u201d.<\/p>\n<p>El Observatorio de la Deuda Social, que lleva adelante la UCA desde hace un par de d\u00e9cadas, volvi\u00f3 a mostrarnos esta semana una realidad que golpea duro. La pobreza lleg\u00f3 al 55, 5% de la poblaci\u00f3n y la indigencia al 17, 5%. Te propongo un ejercicio; cuando te mires en el espejo hac\u00e9 de cuenta que vas a cuidar solamente la mitad de tu cuerpo, e imaginate el resultado. Eso es lo que sucede en nuestro cuerpo social.<\/p>\n<p>No son n\u00fameros pol\u00edticos o tergiversados. Son gritos de los pobres que nos mueven al compromiso y la solidaridad.<\/p>\n<p>La colecta anual de C\u00e1ritas nos brinda una oportunidad \u00fanica para ser amigos de los pobres y transformar esta realidad. Guiados por el lema \u00abTu solidaridad es esperanza\u00bb, somos invitados a ir m\u00e1s all\u00e1 del simple acto de dar. Nos llama a comprometernos profundamente con aquellos que m\u00e1s nos necesitan; no desde una actitud paternalista, sino desde una aut\u00e9ntica fraternidad que muestre cercan\u00eda.<\/p>\n<p>Fijate lo que nos compart\u00eda el Papa en la Enc\u00edclica Fratelli Tutti: \u201cAnhelo que en esta \u00e9poca que nos toca vivir, reconociendo la dignidad de cada persona humana, podamos hacer renacer entre todos un deseo mundial de hermandad. Entre todos: \u00abHe ah\u00ed un hermoso secreto para so\u00f1ar y hacer de nuestra vida una hermosa aventura. Nadie puede pelear la vida aisladamente. [\u2026] Se necesita una comunidad que nos sostenga, que nos ayude y en la que nos ayudemos unos a otros a mirar hacia delante. \u00a1Qu\u00e9 importante es so\u00f1ar juntos! [\u2026] Solos se corre el riesgo de tener espejismos, en los que ves lo que no hay; los sue\u00f1os se construyen juntos\u00bb. So\u00f1emos como una \u00fanica humanidad, como caminantes de la misma carne humana, como hijos de esta misma tierra que nos cobija a todos, cada uno con la riqueza de su fe o de sus convicciones, cada uno con su propia voz, todos hermanos\u201d. (FT 8)<\/p>\n<p>El llamado a ser amigos de los pobres implica una relaci\u00f3n de igualdad y respeto. No se trata de ver a los necesitados como inferiores o como objetos de caridad, sino de reconocer su dignidad y valor intr\u00ednseco. La Madre Teresa de Calcuta nos ense\u00f1\u00f3 que \u00abhay que dar hasta que duela\u00bb, subrayando la importancia de un compromiso sincero y profundo con los dem\u00e1s. Este tipo de generosidad no es solo material, sino tambi\u00e9n emocional y espiritual, viendo en cada persona necesitada el rostro de Cristo.<\/p>\n<p>Los fondos recaudados en la Colecta Anual de C\u00e1ritas se destinan a sostener diversos emprendimientos solidarios que promueven el desarrollo humano integral. Estos programas no solo buscan satisfacer necesidades inmediatas, sino tambi\u00e9n empoderar a las personas, brind\u00e1ndoles herramientas y oportunidades para mejorar sus vidas de manera sostenible.<\/p>\n<p>La educaci\u00f3n es una de las claves para romper el ciclo de la pobreza. Las clases de apoyo escolar ayudan a los ni\u00f1os y adolescentes a alcanzar su m\u00e1ximo potencial acad\u00e9mico, proporcionando un espacio seguro y estimulante donde pueden aprender y crecer. Asimismo, los talleres de capacitaci\u00f3n laboral ofrecen a los adultos y j\u00f3venes las habilidades necesarias para acceder a mejores oportunidades de empleo, promoviendo as\u00ed la autosuficiencia y el desarrollo econ\u00f3mico.<\/p>\n<p>Otra realidad que nos golpea es que la inseguridad alimentaria alcanza al 32,2% de ni\u00f1as, ni\u00f1os y adolescentes, y en grado severo al 13, 9%. Esto se traduce en hambre. Sabemos hasta<\/p>\n<p>el cansancio que lo que no se logra como desarrollo neuronal en la primera infancia no se recupera m\u00e1s. Es sembrar vientos para cosechar tempestades. Por eso, en muchos barrios marginados, los comedores y merenderos de C\u00e1ritas son una tabla de salvaci\u00f3n. No solo proporcionan alimentos a quienes m\u00e1s lo necesitan, sino que tambi\u00e9n crean un sentido de comunidad y pertenencia. Estos espacios son vitales para asegurar que las familias puedan tener al menos una comida nutritiva al d\u00eda.<\/p>\n<p>La Colecta Anual de C\u00e1ritas es un llamado a la acci\u00f3n y al compromiso con los m\u00e1s vulnerables de nuestra sociedad. Cada contribuci\u00f3n, por peque\u00f1a que sea, tiene el poder de transformar vidas y ofrecer esperanza a quienes m\u00e1s lo necesitan. Tambi\u00e9n pod\u00e9s hacer tu donaci\u00f3n con diversos modos de pago; entr\u00e1 en la p\u00e1gina de C\u00e1ritas y fijate.<\/p>\n<p>Recordemos la ense\u00f1anza de San Pablo \u201cDios ama al que da con alegr\u00eda\u201d. (II Cor 9, 7)<\/p>\n<p><iframe loading=\"lazy\" title=\"SAN JUAN MONSE\u00d1OR JORGE LOZANO\" width=\"800\" height=\"450\" src=\"https:\/\/www.youtube.com\/embed\/Y62JpyGDcX0?feature=oembed\" frameborder=\"0\" allow=\"accelerometer; autoplay; clipboard-write; encrypted-media; gyroscope; picture-in-picture; web-share\" referrerpolicy=\"strict-origin-when-cross-origin\" allowfullscreen><\/iframe><\/p>\n<p>&nbsp;<\/p>\n<p><img loading=\"lazy\" decoding=\"async\" class=\"alignnone size-full wp-image-61416\" src=\"https:\/\/vocesparalelas.com.ar\/sitio\/wp-content\/uploads\/2023\/07\/ARZOBISPADO-EDIFICIO.jpg\" alt=\"\" width=\"800\" height=\"600\" srcset=\"https:\/\/vocesparalelas.com.ar\/sitio\/wp-content\/uploads\/2023\/07\/ARZOBISPADO-EDIFICIO.jpg 800w, https:\/\/vocesparalelas.com.ar\/sitio\/wp-content\/uploads\/2023\/07\/ARZOBISPADO-EDIFICIO-300x225.jpg 300w, https:\/\/vocesparalelas.com.ar\/sitio\/wp-content\/uploads\/2023\/07\/ARZOBISPADO-EDIFICIO-768x576.jpg 768w\" sizes=\"auto, (max-width: 800px) 100vw, 800px\" \/><\/p>\n","protected":false},"excerpt":{"rendered":"<p>Por el Arzobispo de San Juan de Cuyo, Monse\u00f1or Jorge Eduardo Lozano \u201cSapo de otro pozo\u201d es una expresi\u00f3n que<\/p>\n","protected":false},"author":3,"featured_media":20281,"comment_status":"closed","ping_status":"closed","sticky":false,"template":"","format":"standard","meta":{"_acf_changed":false,"_seopress_robots_primary_cat":"none","_seopress_titles_title":"","_seopress_titles_desc":"","_seopress_robots_index":"","colormag_page_container_layout":"default_layout","colormag_page_sidebar_layout":"default_layout","footnotes":""},"categories":[10,7],"tags":[],"class_list":["post-73403","post","type-post","status-publish","format-standard","has-post-thumbnail","hentry","category-opiniones","category-videos"],"acf":[],"_links":{"self":[{"href":"https:\/\/vocesparalelas.com.ar\/sitio\/wp-json\/wp\/v2\/posts\/73403","targetHints":{"allow":["GET"]}}],"collection":[{"href":"https:\/\/vocesparalelas.com.ar\/sitio\/wp-json\/wp\/v2\/posts"}],"about":[{"href":"https:\/\/vocesparalelas.com.ar\/sitio\/wp-json\/wp\/v2\/types\/post"}],"author":[{"embeddable":true,"href":"https:\/\/vocesparalelas.com.ar\/sitio\/wp-json\/wp\/v2\/users\/3"}],"replies":[{"embeddable":true,"href":"https:\/\/vocesparalelas.com.ar\/sitio\/wp-json\/wp\/v2\/comments?post=73403"}],"version-history":[{"count":1,"href":"https:\/\/vocesparalelas.com.ar\/sitio\/wp-json\/wp\/v2\/posts\/73403\/revisions"}],"predecessor-version":[{"id":73406,"href":"https:\/\/vocesparalelas.com.ar\/sitio\/wp-json\/wp\/v2\/posts\/73403\/revisions\/73406"}],"wp:featuredmedia":[{"embeddable":true,"href":"https:\/\/vocesparalelas.com.ar\/sitio\/wp-json\/wp\/v2\/media\/20281"}],"wp:attachment":[{"href":"https:\/\/vocesparalelas.com.ar\/sitio\/wp-json\/wp\/v2\/media?parent=73403"}],"wp:term":[{"taxonomy":"category","embeddable":true,"href":"https:\/\/vocesparalelas.com.ar\/sitio\/wp-json\/wp\/v2\/categories?post=73403"},{"taxonomy":"post_tag","embeddable":true,"href":"https:\/\/vocesparalelas.com.ar\/sitio\/wp-json\/wp\/v2\/tags?post=73403"}],"curies":[{"name":"wp","href":"https:\/\/api.w.org\/{rel}","templated":true}]}}