{"id":73398,"date":"2024-06-07T20:07:11","date_gmt":"2024-06-07T23:07:11","guid":{"rendered":"https:\/\/vocesparalelas.com.ar\/sitio\/?p=73398"},"modified":"2024-06-10T22:29:41","modified_gmt":"2024-06-11T01:29:41","slug":"misa-por-el-dia-del-periodista-en-san-juan","status":"publish","type":"post","link":"https:\/\/vocesparalelas.com.ar\/sitio\/misa-por-el-dia-del-periodista-en-san-juan\/","title":{"rendered":"Misa por el D\u00eda del Periodista en San Juan"},"content":{"rendered":"<p>El Domingo, 9 de Junio, a las 19 hs.; en la Parroquia del Divino Salvador se desarrolla la Misa por el D\u00eda del Periodista oficiada por el Presb\u00edtero Dr. Jos\u00e9 Juan Garc\u00eda.<\/p>\n<p>Es importante aclarar que, la Parroquia del Divino Salvador est\u00e1 en el predio de la Universidad Cat\u00f3lica de Cuyo, Departamento Rivadavia,.<\/p>\n<p>La misa es para rogar por los periodistas que no est\u00e1n f\u00edsicamente y por los que aun ejercen la profesi\u00f3n en distintos medios de Comunicaci\u00f3n que destinan su trabajo al servicio de informar a la comunidad.<\/p>\n<p>&nbsp;<\/p>\n<p>&nbsp;<\/p>\n<p>&nbsp;<\/p>\n<p>&nbsp;<\/p>\n<p>&nbsp;<\/p>\n","protected":false},"excerpt":{"rendered":"<p>El Domingo, 9 de Junio, a las 19 hs.; en la Parroquia del Divino Salvador se desarrolla la Misa por<\/p>\n","protected":false},"author":3,"featured_media":73401,"comment_status":"closed","ping_status":"closed","sticky":false,"template":"","format":"standard","meta":{"_acf_changed":false,"_seopress_robots_primary_cat":"none","_seopress_titles_title":"","_seopress_titles_desc":"","_seopress_robots_index":"","colormag_page_container_layout":"default_layout","colormag_page_sidebar_layout":"default_layout","footnotes":""},"categories":[1],"tags":[],"class_list":["post-73398","post","type-post","status-publish","format-standard","has-post-thumbnail","hentry","category-destacadas"],"acf":[],"_links":{"self":[{"href":"https:\/\/vocesparalelas.com.ar\/sitio\/wp-json\/wp\/v2\/posts\/73398","targetHints":{"allow":["GET"]}}],"collection":[{"href":"https:\/\/vocesparalelas.com.ar\/sitio\/wp-json\/wp\/v2\/posts"}],"about":[{"href":"https:\/\/vocesparalelas.com.ar\/sitio\/wp-json\/wp\/v2\/types\/post"}],"author":[{"embeddable":true,"href":"https:\/\/vocesparalelas.com.ar\/sitio\/wp-json\/wp\/v2\/users\/3"}],"replies":[{"embeddable":true,"href":"https:\/\/vocesparalelas.com.ar\/sitio\/wp-json\/wp\/v2\/comments?post=73398"}],"version-history":[{"count":1,"href":"https:\/\/vocesparalelas.com.ar\/sitio\/wp-json\/wp\/v2\/posts\/73398\/revisions"}],"predecessor-version":[{"id":73402,"href":"https:\/\/vocesparalelas.com.ar\/sitio\/wp-json\/wp\/v2\/posts\/73398\/revisions\/73402"}],"wp:featuredmedia":[{"embeddable":true,"href":"https:\/\/vocesparalelas.com.ar\/sitio\/wp-json\/wp\/v2\/media\/73401"}],"wp:attachment":[{"href":"https:\/\/vocesparalelas.com.ar\/sitio\/wp-json\/wp\/v2\/media?parent=73398"}],"wp:term":[{"taxonomy":"category","embeddable":true,"href":"https:\/\/vocesparalelas.com.ar\/sitio\/wp-json\/wp\/v2\/categories?post=73398"},{"taxonomy":"post_tag","embeddable":true,"href":"https:\/\/vocesparalelas.com.ar\/sitio\/wp-json\/wp\/v2\/tags?post=73398"}],"curies":[{"name":"wp","href":"https:\/\/api.w.org\/{rel}","templated":true}]}}